{"id":1010,"date":"2015-04-30T16:25:46","date_gmt":"2015-04-30T16:25:46","guid":{"rendered":"http:\/\/www.ralfkropp.de\/radreisen\/wordpress\/?p=1010"},"modified":"2017-01-27T16:37:24","modified_gmt":"2017-01-27T16:37:24","slug":"adams-peak-dickoya","status":"publish","type":"post","link":"http:\/\/www.ralfkropp.de\/radreisen\/wordpress\/adams-peak-dickoya\/","title":{"rendered":"22.03. Adams Peak &#8211; Dalhoousie &#8211; Dickoya"},"content":{"rendered":"<p>Um 0Uhr machen wir uns auf, mit den Massen von Einheimischen um den Adams Peak zu besteigen. Je h\u00f6her wir kommen desto gr\u00f6\u00dfer wird das Gedr\u00e4nge. Von den \u00fcber 5000 Stufen m\u00fc\u00dfen wir bestimmt noch 2000, da geht an einer Engstelle gar nichts mehr. Haben schon ein bisschen Angst um M\u00fctter, die ihre Kinder vor der Brust tragen, dass sie zerdr\u00fcckt werden. Da sogut wie gar nichts mehr vorw\u00e4rts geht, beschlie\u00dfen wir einen Trampelpfad zu folgen. Er f\u00fchrt zwar nicht nach oben, doch scheint er um den Berg herum zu f\u00fchren und ich hoffe, dass er auf der S\u00fcdroute zum Gipfel landet. So ist es dann auch. Dort ist alles frei, weil er durch seine L\u00e4nge f\u00fcr viele zu anstrengend ist. Wir erreichen um 3:15Uhr den Gipfel. Dort im Tempel ist wieder der B\u00e4r los. Einriesiger Schlafsaal voller Menschen und auch auf den Treppen t\u00fcmmeln sich die Massen. Alles will nach oben um den Gipfel vor dem Sonnenaufgang zu erreichen, doch kaum einer will vor dem Sonnenaufgang wieder runter. Chaos pur. Trotz des Gedr\u00e4ngs wird uns durch den eisigen Wind richtig kalt und um 5:30Uhr beschlie\u00dfen wir lieber wieder ab zu steigen. Den Sonnenaufgang schauen wir uns dann halt von der Flanke aus an. Als wir wieder auf der Nordroute ankommen, sehen wir wie die Massen im Gedr\u00e4nge versuchen nach oben zu kommen. Doch sie kommen nicht so richtig vorw\u00e4rts.<br \/>\nUnsere Knie und Waden schmerzen und der Abstieg will irgendwie kein Ende finden.<br \/>\nIm Hotel angekommen, legen wir uns erstmal eine Runde schlafen, bevor wir nach Dikoya aufbrechen.<br \/>\nauf der Fahrt haben wir dann immer wieder einen Sch\u00f6nen Blick auf den Adams Peak, oder auf Stauseen die malerisch von Teeplantagen eingerahmt werden.N\u00e4chtigen im Hotel Upper Glencain Bungalow mit sch\u00f6n angelegtem Garten im englischen Stil mit Blick auf den Stausee Castlereagh Reservior und Adam`s Peak(Sir Pada).<br \/>\n<a href=\"http:\/\/www.ralfkropp.de\/radreisen\/wordpress\/wp-content\/uploads\/2015\/04\/P3213085.jpg\"><img decoding=\"async\" loading=\"lazy\" src=\"http:\/\/www.ralfkropp.de\/radreisen\/wordpress\/wp-content\/uploads\/2015\/04\/P3213085-150x150.jpg\" alt=\"\" width=\"150\" height=\"150\" class=\"alignnone size-thumbnail wp-image-1197\" \/><\/a><\/p>\n<a href=\"http:\/\/www.ralfkropp.de\/radreisen\/wordpress\/wp-content\/uploads\/2015\/04\/P3213088.jpg\"><img decoding=\"async\" loading=\"lazy\" src=\"http:\/\/www.ralfkropp.de\/radreisen\/wordpress\/wp-content\/uploads\/2015\/04\/P3213088-150x150.jpg\" alt=\"\" width=\"150\" height=\"150\" class=\"size-thumbnail wp-image-1198\" \/><\/a>\n<a href=\"http:\/\/www.ralfkropp.de\/radreisen\/wordpress\/wp-content\/uploads\/2015\/04\/P3223090.jpg\"><img decoding=\"async\" loading=\"lazy\" src=\"http:\/\/www.ralfkropp.de\/radreisen\/wordpress\/wp-content\/uploads\/2015\/04\/P3223090-150x150.jpg\" alt=\"\" width=\"150\" height=\"150\" class=\"size-thumbnail wp-image-1199\" \/><\/a>\n<a href=\"http:\/\/www.ralfkropp.de\/radreisen\/wordpress\/wp-content\/uploads\/2015\/04\/P3223091.jpg\"><img decoding=\"async\" loading=\"lazy\" src=\"http:\/\/www.ralfkropp.de\/radreisen\/wordpress\/wp-content\/uploads\/2015\/04\/P3223091-150x150.jpg\" alt=\"\" width=\"150\" height=\"150\" class=\"size-thumbnail wp-image-1200\" \/><\/a>\n<a href=\"http:\/\/www.ralfkropp.de\/radreisen\/wordpress\/wp-content\/uploads\/2015\/04\/P3223103.jpg\"><img decoding=\"async\" loading=\"lazy\" src=\"http:\/\/www.ralfkropp.de\/radreisen\/wordpress\/wp-content\/uploads\/2015\/04\/P3223103-150x150.jpg\" alt=\"\" width=\"150\" height=\"150\" class=\"size-thumbnail wp-image-1201\" \/><\/a>\n<a href=\"http:\/\/www.ralfkropp.de\/radreisen\/wordpress\/wp-content\/uploads\/2015\/04\/P3223109.jpg\"><img decoding=\"async\" loading=\"lazy\" src=\"http:\/\/www.ralfkropp.de\/radreisen\/wordpress\/wp-content\/uploads\/2015\/04\/P3223109-150x150.jpg\" alt=\"\" width=\"150\" height=\"150\" class=\"size-thumbnail wp-image-1202\" \/><\/a>\n<a href=\"http:\/\/www.ralfkropp.de\/radreisen\/wordpress\/wp-content\/uploads\/2015\/04\/P3223110.jpg\"><img decoding=\"async\" loading=\"lazy\" src=\"http:\/\/www.ralfkropp.de\/radreisen\/wordpress\/wp-content\/uploads\/2015\/04\/P3223110-150x150.jpg\" alt=\"\" width=\"150\" height=\"150\" class=\"size-thumbnail wp-image-1203\" \/><\/a>\n<a href=\"http:\/\/www.ralfkropp.de\/radreisen\/wordpress\/wp-content\/uploads\/2015\/04\/P3223119.jpg\"><img decoding=\"async\" loading=\"lazy\" src=\"http:\/\/www.ralfkropp.de\/radreisen\/wordpress\/wp-content\/uploads\/2015\/04\/P3223119-150x150.jpg\" alt=\"\" width=\"150\" height=\"150\" class=\"size-thumbnail wp-image-1204\" \/><\/a>\n<a href=\"http:\/\/www.ralfkropp.de\/radreisen\/wordpress\/wp-content\/uploads\/2015\/04\/P3223129.jpg\"><img decoding=\"async\" loading=\"lazy\" src=\"http:\/\/www.ralfkropp.de\/radreisen\/wordpress\/wp-content\/uploads\/2015\/04\/P3223129-150x150.jpg\" alt=\"\" width=\"150\" height=\"150\" class=\"size-thumbnail wp-image-1205\" \/><\/a>\n<a href=\"http:\/\/www.ralfkropp.de\/radreisen\/wordpress\/wp-content\/uploads\/2015\/04\/P3223130.jpg\"><img decoding=\"async\" loading=\"lazy\" src=\"http:\/\/www.ralfkropp.de\/radreisen\/wordpress\/wp-content\/uploads\/2015\/04\/P3223130-150x150.jpg\" alt=\"\" width=\"150\" height=\"150\" class=\"size-thumbnail wp-image-1206\" \/><\/a>\n<a href=\"http:\/\/www.ralfkropp.de\/radreisen\/wordpress\/wp-content\/uploads\/2015\/04\/P3223133.jpg\"><img decoding=\"async\" loading=\"lazy\" src=\"http:\/\/www.ralfkropp.de\/radreisen\/wordpress\/wp-content\/uploads\/2015\/04\/P3223133-150x150.jpg\" alt=\"\" width=\"150\" height=\"150\" class=\"size-thumbnail wp-image-1207\" \/><\/a>\n<a href=\"http:\/\/www.ralfkropp.de\/radreisen\/wordpress\/wp-content\/uploads\/2015\/04\/P3223135.jpg\"><img decoding=\"async\" loading=\"lazy\" src=\"http:\/\/www.ralfkropp.de\/radreisen\/wordpress\/wp-content\/uploads\/2015\/04\/P3223135-150x150.jpg\" alt=\"\" width=\"150\" height=\"150\" class=\"size-thumbnail wp-image-1208\" \/><\/a>\n<a href=\"http:\/\/www.ralfkropp.de\/radreisen\/wordpress\/wp-content\/uploads\/2015\/04\/P3223147.jpg\"><img decoding=\"async\" loading=\"lazy\" src=\"http:\/\/www.ralfkropp.de\/radreisen\/wordpress\/wp-content\/uploads\/2015\/04\/P3223147-150x150.jpg\" alt=\"\" width=\"150\" height=\"150\" class=\"size-thumbnail wp-image-1209\" \/><\/a>\n<p><a href=\"http:\/\/www.ralfkropp.de\/radreisen\/wordpress\/wp-content\/uploads\/2015\/04\/P3233155.jpg\"><img decoding=\"async\" loading=\"lazy\" src=\"http:\/\/www.ralfkropp.de\/radreisen\/wordpress\/wp-content\/uploads\/2015\/04\/P3233155-150x150.jpg\" alt=\"\" width=\"150\" height=\"150\" class=\"size-thumbnail wp-image-1210\" \/><\/a><iframe loading=\"lazy\" src=\"http:\/\/www.gpsies.com\/mapOnly.do?fileId=nvmdurwadxgboyho\" width=\"600\" height=\"400\" frameborder=\"0\" scrolling=\"no\" marginheight=\"0\" marginwidth=\"0\"><\/iframe><\/p>\n<div class=\"facebook-like\"><fb:like layout=\"standard\" show_faces=\"true\" href=\"http:\/\/www.ralfkropp.de\/radreisen\/wordpress\/adams-peak-dickoya\/\"><\/fb:like><\/div>","protected":false},"excerpt":{"rendered":"<p>Um 0Uhr machen wir uns auf, mit den Massen von Einheimischen um den Adams Peak zu besteigen. Je h\u00f6her wir kommen desto gr\u00f6\u00dfer wird das Gedr\u00e4nge. Von den \u00fcber 5000 Stufen m\u00fc\u00dfen wir bestimmt noch 2000, da geht an einer [&hellip;] <a class=\"more-link\" href=\"http:\/\/www.ralfkropp.de\/radreisen\/wordpress\/adams-peak-dickoya\/\">Kompletten Beitrag lesen&#8230;<\/a><\/p>\n","protected":false},"author":1,"featured_media":0,"comment_status":"closed","ping_status":"open","sticky":false,"template":"","format":"standard","meta":[],"categories":[1,13],"tags":[],"_links":{"self":[{"href":"http:\/\/www.ralfkropp.de\/radreisen\/wordpress\/wp-json\/wp\/v2\/posts\/1010"}],"collection":[{"href":"http:\/\/www.ralfkropp.de\/radreisen\/wordpress\/wp-json\/wp\/v2\/posts"}],"about":[{"href":"http:\/\/www.ralfkropp.de\/radreisen\/wordpress\/wp-json\/wp\/v2\/types\/post"}],"author":[{"embeddable":true,"href":"http:\/\/www.ralfkropp.de\/radreisen\/wordpress\/wp-json\/wp\/v2\/users\/1"}],"replies":[{"embeddable":true,"href":"http:\/\/www.ralfkropp.de\/radreisen\/wordpress\/wp-json\/wp\/v2\/comments?post=1010"}],"version-history":[{"count":6,"href":"http:\/\/www.ralfkropp.de\/radreisen\/wordpress\/wp-json\/wp\/v2\/posts\/1010\/revisions"}],"predecessor-version":[{"id":1328,"href":"http:\/\/www.ralfkropp.de\/radreisen\/wordpress\/wp-json\/wp\/v2\/posts\/1010\/revisions\/1328"}],"wp:attachment":[{"href":"http:\/\/www.ralfkropp.de\/radreisen\/wordpress\/wp-json\/wp\/v2\/media?parent=1010"}],"wp:term":[{"taxonomy":"category","embeddable":true,"href":"http:\/\/www.ralfkropp.de\/radreisen\/wordpress\/wp-json\/wp\/v2\/categories?post=1010"},{"taxonomy":"post_tag","embeddable":true,"href":"http:\/\/www.ralfkropp.de\/radreisen\/wordpress\/wp-json\/wp\/v2\/tags?post=1010"}],"curies":[{"name":"wp","href":"https:\/\/api.w.org\/{rel}","templated":true}]}}