{"id":113,"date":"2011-12-15T11:58:53","date_gmt":"2011-12-15T11:58:53","guid":{"rendered":"http:\/\/www.ralfkropp.de\/radreisen\/wordpress\/?p=113"},"modified":"2014-05-15T19:55:06","modified_gmt":"2014-05-15T19:55:06","slug":"25-12-cradle-mountain-strahan","status":"publish","type":"post","link":"http:\/\/www.ralfkropp.de\/radreisen\/wordpress\/25-12-cradle-mountain-strahan\/","title":{"rendered":"25.12. Cradle Mountain &#8211; Strahan"},"content":{"rendered":"<p>25.12. Cradle Mountain &#8211; Strahan<\/p>\n<p><iframe loading=\"lazy\" src=\"http:\/\/www.gpsies.com\/mapOnly.do?fileId=qiozzafndbzedmsz\" width=\"600\" height=\"400\" frameborder=\"0\" scrolling=\"no\" marginheight=\"0\" marginwidth=\"0\"><\/iframe><\/p>\n<p><small><a style=\"color: #0000ff; text-align: left;\" href=\"http:\/\/maps.google.de\/maps?f=d&amp;source=embed&amp;saddr=3832+Cradle+Mountain+Road,+Cradle+Mountain+TAS+7306,+Australia+(Discovery+Holiday+Parks+%E2%80%93+Cradle+Mountain+(BIG4))&amp;daddr=-42.06722,145.28345+to:Strahan,+Tasmanien,+Australien&amp;geocode=FRSJhf0d_9WyCCGOhfG1G4vZVA%3BFewafv0detmoCCkrUDk6GiRlqjHxAaq8TckDEw%3BFfvJfP0d_IepCCntNeQFxD1lqjHAAt7QTckDBA&amp;hl=de&amp;mra=dpe&amp;mrsp=1&amp;sz=9&amp;via=1&amp;dirflg=w&amp;sll=-41.842967,145.6073&amp;sspn=1.219493,2.90863&amp;ie=UTF8&amp;ll=-41.842967,145.6073&amp;spn=1.219493,2.90863\">Gr\u00f6\u00dfere Kartenansicht<\/a><\/small><\/p>\n<p>Fahren fr\u00fch los, wobei wir nicht wissen ob wir nicht h\u00e4tten noch l\u00e4nger bleiben sollen, da es eine so tolle Landschaft ist Vielleicht h\u00e4tten wir auch wie viele den Overlandtrek maschieren sollen und die Fahrr\u00e4der mit dem Bus zum Ankunftspunkt schicken. Aber auch die Fahrt nach Strahan erweist sich als sehr lohnenswert. Haben noch mal einen herrlichen Blick auf Cradel Mountain bevor wir lange Abfahrten genie\u00dfen. Die erklommenen H\u00f6henmeter sind schnell verbraucht und es kommen wieder einige neue hinzu. In Roseberry bekommen wir am ersten Weihnachtstag in einem Kaffee am See Kaffee und Kuchen. An der Stra\u00dfe entdeckt Sabine einen Schnabeligel. Der mit seinem kleinen R\u00fcssel den Sand und die Erde nach Insekten durchw\u00fchlt. Da er sein Gesicht immer wieder im Dreck versteckt, kann man ihn nur schwer ablichten. Es geht noch mal heftig berghoch, bevor wir zur Westk\u00fcste rollen. Die letzten Kilometer nach Strahan ziehen sich wie Gummi. Wir z\u00e4hlen die letzten zehn Kilometer herunter und kommen ersch\u00f6pft an.<\/p>\n<div class=\"facebook-like\"><fb:like layout=\"standard\" show_faces=\"true\" href=\"http:\/\/www.ralfkropp.de\/radreisen\/wordpress\/25-12-cradle-mountain-strahan\/\"><\/fb:like><\/div>","protected":false},"excerpt":{"rendered":"<p>25.12. Cradle Mountain &#8211; Strahan Gr\u00f6\u00dfere Kartenansicht Fahren fr\u00fch los, wobei wir nicht wissen ob wir nicht h\u00e4tten noch l\u00e4nger bleiben sollen, da es eine so tolle Landschaft ist Vielleicht h\u00e4tten wir auch wie viele den Overlandtrek maschieren sollen und [&hellip;] <a class=\"more-link\" href=\"http:\/\/www.ralfkropp.de\/radreisen\/wordpress\/25-12-cradle-mountain-strahan\/\">Kompletten Beitrag lesen&#8230;<\/a><\/p>\n","protected":false},"author":1,"featured_media":0,"comment_status":"open","ping_status":"open","sticky":false,"template":"","format":"standard","meta":[],"categories":[4],"tags":[],"_links":{"self":[{"href":"http:\/\/www.ralfkropp.de\/radreisen\/wordpress\/wp-json\/wp\/v2\/posts\/113"}],"collection":[{"href":"http:\/\/www.ralfkropp.de\/radreisen\/wordpress\/wp-json\/wp\/v2\/posts"}],"about":[{"href":"http:\/\/www.ralfkropp.de\/radreisen\/wordpress\/wp-json\/wp\/v2\/types\/post"}],"author":[{"embeddable":true,"href":"http:\/\/www.ralfkropp.de\/radreisen\/wordpress\/wp-json\/wp\/v2\/users\/1"}],"replies":[{"embeddable":true,"href":"http:\/\/www.ralfkropp.de\/radreisen\/wordpress\/wp-json\/wp\/v2\/comments?post=113"}],"version-history":[{"count":3,"href":"http:\/\/www.ralfkropp.de\/radreisen\/wordpress\/wp-json\/wp\/v2\/posts\/113\/revisions"}],"predecessor-version":[{"id":704,"href":"http:\/\/www.ralfkropp.de\/radreisen\/wordpress\/wp-json\/wp\/v2\/posts\/113\/revisions\/704"}],"wp:attachment":[{"href":"http:\/\/www.ralfkropp.de\/radreisen\/wordpress\/wp-json\/wp\/v2\/media?parent=113"}],"wp:term":[{"taxonomy":"category","embeddable":true,"href":"http:\/\/www.ralfkropp.de\/radreisen\/wordpress\/wp-json\/wp\/v2\/categories?post=113"},{"taxonomy":"post_tag","embeddable":true,"href":"http:\/\/www.ralfkropp.de\/radreisen\/wordpress\/wp-json\/wp\/v2\/tags?post=113"}],"curies":[{"name":"wp","href":"https:\/\/api.w.org\/{rel}","templated":true}]}}