{"id":16,"date":"2011-12-15T06:58:56","date_gmt":"2011-12-15T06:58:56","guid":{"rendered":"http:\/\/www.ralfkropp.de\/radreisen\/wordpress\/?p=16"},"modified":"2017-01-24T16:40:52","modified_gmt":"2017-01-24T16:40:52","slug":"16","status":"publish","type":"post","link":"http:\/\/www.ralfkropp.de\/radreisen\/wordpress\/16\/","title":{"rendered":"20.11.2007 Havanna &#8211; Las Terrazas"},"content":{"rendered":"<p><span style=\"font-size: 24px;\">20.11.2007 Havanna &#8211; Las Terrazas <\/span><\/p>\n<p><a title=\"21.11. Las Terrazas \u2013  Vi\u00f1ales\" href=\"http:\/\/www.ralfkropp.de\/radreisen\/wordpress\/21-11-las-terrazas-vinales\/\">zum 21.11.<\/a><\/p>\n<p><iframe loading=\"lazy\" src=\"http:\/\/www.gpsies.com\/mapOnly.do?fileId=ofigsymcaosryiri\" width=\"600\" height=\"400\" frameborder=\"0\" scrolling=\"no\" marginheight=\"0\" marginwidth=\"0\"><\/iframe><\/p>\n<p><img decoding=\"async\" loading=\"lazy\" id=\"22324080\" style=\"margin-right: 10px; margin-bottom: 10px; margin-left: 0px;\" title=\"\" src=\"\/mediapool\/91\/913778\/resources\/big_22324080_0_200-133.JPG\" alt=\"\" width=\"200\" height=\"133\" align=\"left\" border=\"0\" hspace=\"0\" vspace=\"0\" \/>Auf einem Minibalkon zwischen Schaukelstuhl und Wasserschildkr\u00f6te baue ich unser R\u00e4der zusammen Fr\u00fchst\u00fccken und Spaziergang im Hava8na Citycenter. Kommen am Capitol vorbei sowie an vielen sch\u00f6nen alten aber renovierungsbed\u00fcrftigen Geb\u00e4uden. Am\u00fcsieren uns \u00fcber die Coco Taxis. \u00c4hnlich wie Ritschkas aber halt mit Motor. (bild). Dann geht es los, Taschen an die R\u00e4der, Karton`s und Verpackungsmaterial deponieren wir bei der netten Vermieterin. An der der Uferpromenade geht`s auf einer 6Spurigen Stra\u00dfe Richtung Westen. Fixieren noch mal das Gep\u00e4ck und nac einem weiteren Stop, meint mein Schnucki auf dem B\u00fcrgersteig weiter fahren zu m\u00fcssen. Die Wellen spritzen an der Kaimauer hoch und \u00fcberspulen den Gehweg. Denke mir noch \u201eHauptsache es ist nicht zu glatt\u201c. Da ist es schon zu sp\u00e4t, sie schlittert mit hoher Geschwindigkeit auf der Seite liegend \u00fcber den Beton. Algen haben den Beton so glatt wie Eis werden lassen. Der Helm hat schlimmeres vermieden. Nichts passiert sagt Sabine, doch der Schock steht ihr ins Gesicht geschrieben. Nach 5km folgt die erst Panne. Glassplitter im Mantel. Wir verlassen die Stadt und fahren an der K\u00fcste entlang. Mit R\u00fcckenwind kommen wir gut voran. Fahren \u00fcbrigens auf der Autobahn, was aber in Kuba ganz normal ist, da kaum Verkehr herrscht. Erst als wir zu einer Zementfabrik kommen nimmt der Verkehr zu. Fahren wieder ein kleines St\u00fcck Autobahn. Dann zweigen wir ab und die Stra\u00dfe geh\u00f6rt uns fast allein. Ab und zu mal ein Trecker. Ein Kubanischer Radler gesellt sich kurze Zeit zu uns. Fahren auf dem Bergr\u00fccken und aben herliche Ausblicke zu beiden Seiten. Am Gate nach Las Terrazas erfahren wir , dass die g\u00fcnstige Unterkunft aus dem Reisef\u00fchrer schon ausgebucht ist. Aber auf dem Campingplatz soll es eine M\u00f6glichkeit zum n\u00e4chtigen geben. Gehen lecker essen und versuchen es nochmal im Hotel. Doch auch hier\u00a0 ist alles ausgebucht. Also auf den Campingplatz. Dort sperrt man uns eine von den H\u00fctten auf. Wir kommen sp\u00e4t und sollen fr\u00fch gehen, ist allso f\u00fcr die Angestellten ein kleiner Nebenverdienst. Die H\u00fctten sind nicht die saubersten und bed\u00fcrfen einer Renovierung.<\/p>\n<p>&nbsp;<\/p>\n<div class=\"facebook-like\"><fb:like layout=\"standard\" show_faces=\"true\" href=\"http:\/\/www.ralfkropp.de\/radreisen\/wordpress\/16\/\"><\/fb:like><\/div>","protected":false},"excerpt":{"rendered":"<p>20.11.2007 Havanna &#8211; Las Terrazas zum 21.11. Auf einem Minibalkon zwischen Schaukelstuhl und Wasserschildkr\u00f6te baue ich unser R\u00e4der zusammen Fr\u00fchst\u00fccken und Spaziergang im Hava8na Citycenter. Kommen am Capitol vorbei sowie an vielen sch\u00f6nen alten aber renovierungsbed\u00fcrftigen Geb\u00e4uden. Am\u00fcsieren uns \u00fcber [&hellip;] <a class=\"more-link\" href=\"http:\/\/www.ralfkropp.de\/radreisen\/wordpress\/16\/\">Kompletten Beitrag lesen&#8230;<\/a><\/p>\n","protected":false},"author":1,"featured_media":0,"comment_status":"open","ping_status":"open","sticky":false,"template":"","format":"standard","meta":[],"categories":[3],"tags":[],"_links":{"self":[{"href":"http:\/\/www.ralfkropp.de\/radreisen\/wordpress\/wp-json\/wp\/v2\/posts\/16"}],"collection":[{"href":"http:\/\/www.ralfkropp.de\/radreisen\/wordpress\/wp-json\/wp\/v2\/posts"}],"about":[{"href":"http:\/\/www.ralfkropp.de\/radreisen\/wordpress\/wp-json\/wp\/v2\/types\/post"}],"author":[{"embeddable":true,"href":"http:\/\/www.ralfkropp.de\/radreisen\/wordpress\/wp-json\/wp\/v2\/users\/1"}],"replies":[{"embeddable":true,"href":"http:\/\/www.ralfkropp.de\/radreisen\/wordpress\/wp-json\/wp\/v2\/comments?post=16"}],"version-history":[{"count":8,"href":"http:\/\/www.ralfkropp.de\/radreisen\/wordpress\/wp-json\/wp\/v2\/posts\/16\/revisions"}],"predecessor-version":[{"id":1385,"href":"http:\/\/www.ralfkropp.de\/radreisen\/wordpress\/wp-json\/wp\/v2\/posts\/16\/revisions\/1385"}],"wp:attachment":[{"href":"http:\/\/www.ralfkropp.de\/radreisen\/wordpress\/wp-json\/wp\/v2\/media?parent=16"}],"wp:term":[{"taxonomy":"category","embeddable":true,"href":"http:\/\/www.ralfkropp.de\/radreisen\/wordpress\/wp-json\/wp\/v2\/categories?post=16"},{"taxonomy":"post_tag","embeddable":true,"href":"http:\/\/www.ralfkropp.de\/radreisen\/wordpress\/wp-json\/wp\/v2\/tags?post=16"}],"curies":[{"name":"wp","href":"https:\/\/api.w.org\/{rel}","templated":true}]}}