{"id":1603,"date":"2020-03-02T17:15:05","date_gmt":"2020-03-02T17:15:05","guid":{"rendered":"http:\/\/www.ralfkropp.de\/radreisen\/wordpress\/?p=1603"},"modified":"2020-03-03T18:11:46","modified_gmt":"2020-03-03T18:11:46","slug":"8-12-2018-buenos-aires-ushuaia","status":"publish","type":"post","link":"http:\/\/www.ralfkropp.de\/radreisen\/wordpress\/8-12-2018-buenos-aires-ushuaia\/","title":{"rendered":"8.12.2018 Buenos Aires &#8211; Ushuaia"},"content":{"rendered":"\n<p>Aufbruch ins Radabenteuer<\/p>\n<p>Wir packen unsere Sachen und verabschieden uns voneinander, denn jetzt beginnt der zweite Teil der Reise. Sabine fliegt nach Hause und ich nach Ushuaia. Bei Sabine flie\u00dfen die Tr\u00e4nen, doch dann radle ich los und verschwinde im Verkehrsgewusel. Es\u00a0 klappt alles auch recht gut, doch pl\u00f6tzlich stellt sich mir die Autobahn in den Weg und da will ich auf keinen Fall drauf fahren. Nach zweimaligem fragen, finde ich auch endlich eine \u00dcberf\u00fchrung und rolle ins Flughafengeb\u00e4ude. Ich suche mir eine einsame Ecke und zerlege mein Fahrrad. Pedale ab und Lenker schief gestellt, doch da taucht ein unerwartetes Problem auf, wo ist das Klebeband? Alle Radtaschen wieder aus der gro\u00dfen Tasche auspacken und in meiner Verzweiflung durchsuche ich die Taschen dreimal, aber es ist nicht zu finden. Doch oh was ein Gl\u00fcck, es tauch unter der gro\u00dfen Tasche auf. Als Polsterung wickele ich Noppenfolie um den Rahmen, sowie die Kette. Das Kopfkissen dient als Schutz am Ausfallende. Nun ab zum Schalter, doch der ist am anderen Ende der Halle. Das Rad l\u00e4sst sich nicht schieb und das Gep\u00e4ck wiegt, wie sich sp\u00e4ter herausstellen wird, 27 kg. Auf dem R\u00fccken habe ich noch den Rucksack mit Zelt und Isomatte, auch dies wiegt 11-12 kg. Hinzu kommt noch die schwere Lenkertasche mit Foto, Tele, Garmin, iPhone und IPad. Schwei\u00dfgebadet finde ich nach 100 m einen Gep\u00e4ckwagen, wo ich bis auf das Fahrrad alles drauf packen kann. Also ab zum Einchecken an den Aeorlinas Schalter. Die schicken mich wegen des Sperrgep\u00e4cks wieder in die Richtung, wo ich hergekommen bin. Der nette Schalterbeamte teilt mir gleich mit, dass ich so mein Fahrrad nicht aufgeben kann. Ich soll einen Karton besorgen und es ordentlich verpacken. Doch das geht ja nicht mehr, dazu ist die Zeit zu knapp. Daf\u00fcr h\u00e4tte ich ja auch nochmal in die Stadt fahren m\u00fcssen. Da kommt ihm die Idee es in Folie einzuwickeln. Vom F\u00f6rderband runter und zum Folienverpacker. Haarstr\u00e4ubend kreist mein Fahrrad auf dem Hinterrad und wird dabei umwickelt. Zweimal verkeilt sich das Rad in der Maschine und droht Schaden zu nehmen, doch es geht alles gut. Der Schalterbeamte ist begeistert und klebt jetzt den erforderlichen Destinationaufkleber auf mein Gep\u00e4ckst\u00fcck. Doch oh Schreck, das n\u00e4chste Problem l\u00e4sst nicht lange auf sich warten. Die Reisetasche mit den Fahrradtaschen ist viel zu schwer.\u00a0 Bei Inlandsfl\u00fcgen sind nur 15 kg erlaubt und mehr als 23 kg d\u00fcrfen sie gar nicht annehmen. So muss ich 3 kg umpacken. Auf Anhieb fallen mir die Reisef\u00fchrer ein, welche ich ja ins Handgep\u00e4ck packen kann. Auch noch einige Energieriegel finden den Weg ins Handgep\u00e4ck. Mit 4 kg ist er dann zufrieden. Ich muss aber noch die 9 kg \u00dcbergep\u00e4ck bezahlen, bevor ich dann endlich die Bordkarte in der Hand habe und zum Gate kann. Der Flug verl\u00e4uft reibungslos, doch der Landeanflug erweist sich als kompliziert. Dicht an den Bergen vorbei und auch dicht \u00fcber der Wasseroberfl\u00e4che, dies alles bei sehr starkem Seitenwind. Doch die Piloten scheinen das hier gewohnt zu sein.<\/p>\n<p>Mein Gep\u00e4ck und das Fahrrad sind wider Erwarten unbesch\u00e4digt angekommen. Jetzt hei\u00dft es auspacken und zusammenschrauben. Drau\u00dfen erwartet mich eine herrliche Gebirgslandschaft am Beagle Kanal. Es ist auch noch sehr lange hell, ganz anders als in Buenos Aires.<\/p>\n<p><a href=\"http:\/\/www.ralfkropp.de\/radreisen\/wordpress\/wp-content\/uploads\/2020\/03\/PC083368-scaled.jpg\"><img decoding=\"async\" loading=\"lazy\" class=\" wp-image-1589 alignright\" src=\"http:\/\/www.ralfkropp.de\/radreisen\/wordpress\/wp-content\/uploads\/2020\/03\/PC083368-300x225.jpg\" alt=\"\" width=\"267\" height=\"200\" srcset=\"http:\/\/www.ralfkropp.de\/radreisen\/wordpress\/wp-content\/uploads\/2020\/03\/PC083368-300x225.jpg 300w, http:\/\/www.ralfkropp.de\/radreisen\/wordpress\/wp-content\/uploads\/2020\/03\/PC083368-1024x768.jpg 1024w, http:\/\/www.ralfkropp.de\/radreisen\/wordpress\/wp-content\/uploads\/2020\/03\/PC083368-768x576.jpg 768w, http:\/\/www.ralfkropp.de\/radreisen\/wordpress\/wp-content\/uploads\/2020\/03\/PC083368-1536x1152.jpg 1536w, http:\/\/www.ralfkropp.de\/radreisen\/wordpress\/wp-content\/uploads\/2020\/03\/PC083368-2048x1536.jpg 2048w\" sizes=\"(max-width: 267px) 100vw, 267px\" \/><\/a><\/p>\n<p><a href=\"http:\/\/www.ralfkropp.de\/radreisen\/wordpress\/wp-content\/uploads\/2020\/03\/PC083369-scaled.jpg\"><img decoding=\"async\" loading=\"lazy\" class=\"alignnone  wp-image-1607\" src=\"http:\/\/www.ralfkropp.de\/radreisen\/wordpress\/wp-content\/uploads\/2020\/03\/PC083369-300x225.jpg\" alt=\"\" width=\"240\" height=\"180\" srcset=\"http:\/\/www.ralfkropp.de\/radreisen\/wordpress\/wp-content\/uploads\/2020\/03\/PC083369-300x225.jpg 300w, http:\/\/www.ralfkropp.de\/radreisen\/wordpress\/wp-content\/uploads\/2020\/03\/PC083369-1024x768.jpg 1024w, http:\/\/www.ralfkropp.de\/radreisen\/wordpress\/wp-content\/uploads\/2020\/03\/PC083369-768x576.jpg 768w, http:\/\/www.ralfkropp.de\/radreisen\/wordpress\/wp-content\/uploads\/2020\/03\/PC083369-1536x1152.jpg 1536w, http:\/\/www.ralfkropp.de\/radreisen\/wordpress\/wp-content\/uploads\/2020\/03\/PC083369-2048x1536.jpg 2048w\" sizes=\"(max-width: 240px) 100vw, 240px\" \/><\/a><\/p>\n<p><a href=\"http:\/\/www.ralfkropp.de\/radreisen\/wordpress\/wp-content\/uploads\/2020\/03\/PC093496-scaled.jpg\"><img decoding=\"async\" loading=\"lazy\" class=\"wp-image-1608 alignright\" src=\"http:\/\/www.ralfkropp.de\/radreisen\/wordpress\/wp-content\/uploads\/2020\/03\/PC093496-300x225.jpg\" alt=\"\" width=\"255\" height=\"191\" srcset=\"http:\/\/www.ralfkropp.de\/radreisen\/wordpress\/wp-content\/uploads\/2020\/03\/PC093496-300x225.jpg 300w, http:\/\/www.ralfkropp.de\/radreisen\/wordpress\/wp-content\/uploads\/2020\/03\/PC093496-1024x768.jpg 1024w, http:\/\/www.ralfkropp.de\/radreisen\/wordpress\/wp-content\/uploads\/2020\/03\/PC093496-768x576.jpg 768w, http:\/\/www.ralfkropp.de\/radreisen\/wordpress\/wp-content\/uploads\/2020\/03\/PC093496-1536x1152.jpg 1536w, http:\/\/www.ralfkropp.de\/radreisen\/wordpress\/wp-content\/uploads\/2020\/03\/PC093496-2048x1536.jpg 2048w\" sizes=\"(max-width: 255px) 100vw, 255px\" \/><\/a><\/p>\n<p><a href=\"http:\/\/www.ralfkropp.de\/radreisen\/wordpress\/wp-content\/uploads\/2020\/03\/PC083367-scaled.jpg\"><img decoding=\"async\" loading=\"lazy\" class=\" wp-image-1609 alignleft\" src=\"http:\/\/www.ralfkropp.de\/radreisen\/wordpress\/wp-content\/uploads\/2020\/03\/PC083367-300x123.jpg\" alt=\"\" width=\"271\" height=\"111\" srcset=\"http:\/\/www.ralfkropp.de\/radreisen\/wordpress\/wp-content\/uploads\/2020\/03\/PC083367-300x123.jpg 300w, http:\/\/www.ralfkropp.de\/radreisen\/wordpress\/wp-content\/uploads\/2020\/03\/PC083367-1024x421.jpg 1024w, http:\/\/www.ralfkropp.de\/radreisen\/wordpress\/wp-content\/uploads\/2020\/03\/PC083367-768x316.jpg 768w, http:\/\/www.ralfkropp.de\/radreisen\/wordpress\/wp-content\/uploads\/2020\/03\/PC083367-1536x632.jpg 1536w, http:\/\/www.ralfkropp.de\/radreisen\/wordpress\/wp-content\/uploads\/2020\/03\/PC083367-2048x843.jpg 2048w\" sizes=\"(max-width: 271px) 100vw, 271px\" \/><\/a><\/p>\n<p><a href=\"http:\/\/www.ralfkropp.de\/radreisen\/wordpress\/wp-content\/uploads\/2020\/03\/PC093370-scaled.jpg\"><img decoding=\"async\" loading=\"lazy\" class=\"alignnone  wp-image-1610\" src=\"http:\/\/www.ralfkropp.de\/radreisen\/wordpress\/wp-content\/uploads\/2020\/03\/PC093370-300x225.jpg\" alt=\"\" width=\"272\" height=\"204\" srcset=\"http:\/\/www.ralfkropp.de\/radreisen\/wordpress\/wp-content\/uploads\/2020\/03\/PC093370-300x225.jpg 300w, http:\/\/www.ralfkropp.de\/radreisen\/wordpress\/wp-content\/uploads\/2020\/03\/PC093370-1024x768.jpg 1024w, http:\/\/www.ralfkropp.de\/radreisen\/wordpress\/wp-content\/uploads\/2020\/03\/PC093370-768x576.jpg 768w, http:\/\/www.ralfkropp.de\/radreisen\/wordpress\/wp-content\/uploads\/2020\/03\/PC093370-1536x1152.jpg 1536w, http:\/\/www.ralfkropp.de\/radreisen\/wordpress\/wp-content\/uploads\/2020\/03\/PC093370-2048x1536.jpg 2048w\" sizes=\"(max-width: 272px) 100vw, 272px\" \/><\/a><\/p>\n<p>Meine gebuchte Pension in Ushuaia finde ich schnell, nur ein paar Bl\u00f6cke vom Hafen entfernt. Mit meinem vielen Gep\u00e4ck die steilen Rampen hoch erweist sich als schwierig, doch im kleinsten Gang schaffe ich es.<\/p>\n<p>Eine kurze Erfrischung unter der Dusche und ab in die City. Um 22 Uhr sind die Restaurants immer noch brechend voll und so kann ich noch meine Speicher auff\u00fcllen.\u00a0<\/p>\n<p><a href=\"http:\/\/www.ralfkropp.de\/radreisen\/wordpress\/wp-content\/uploads\/2020\/03\/20181210_015611296_iOS.jpg\"><img decoding=\"async\" loading=\"lazy\" class=\"size-medium wp-image-1614 alignleft\" src=\"http:\/\/www.ralfkropp.de\/radreisen\/wordpress\/wp-content\/uploads\/2020\/03\/20181210_015611296_iOS-300x300.jpg\" alt=\"\" width=\"300\" height=\"300\" srcset=\"http:\/\/www.ralfkropp.de\/radreisen\/wordpress\/wp-content\/uploads\/2020\/03\/20181210_015611296_iOS-300x300.jpg 300w, http:\/\/www.ralfkropp.de\/radreisen\/wordpress\/wp-content\/uploads\/2020\/03\/20181210_015611296_iOS-1024x1024.jpg 1024w, http:\/\/www.ralfkropp.de\/radreisen\/wordpress\/wp-content\/uploads\/2020\/03\/20181210_015611296_iOS-150x150.jpg 150w, http:\/\/www.ralfkropp.de\/radreisen\/wordpress\/wp-content\/uploads\/2020\/03\/20181210_015611296_iOS-768x768.jpg 768w, http:\/\/www.ralfkropp.de\/radreisen\/wordpress\/wp-content\/uploads\/2020\/03\/20181210_015611296_iOS-1536x1536.jpg 1536w, http:\/\/www.ralfkropp.de\/radreisen\/wordpress\/wp-content\/uploads\/2020\/03\/20181210_015611296_iOS-2048x2048.jpg 2048w\" sizes=\"(max-width: 300px) 100vw, 300px\" \/><\/a><\/p>\n<p style=\"text-align: left;\">Da ich nun ja mindestens 3 000 km s\u00fcdlicher bin, wird es jetzt auch erst um 22Uhr dunkel. Im Hard Rock Caf\u00e9 spielt gerade eine super Liveband.<\/p>\n<div class=\"facebook-like\"><fb:like layout=\"standard\" show_faces=\"true\" href=\"http:\/\/www.ralfkropp.de\/radreisen\/wordpress\/8-12-2018-buenos-aires-ushuaia\/\"><\/fb:like><\/div>","protected":false},"excerpt":{"rendered":"<p>Aufbruch ins Radabenteuer Wir packen unsere Sachen und verabschieden uns voneinander, denn jetzt beginnt der zweite Teil der Reise. Sabine fliegt nach Hause und ich nach Ushuaia. Bei Sabine flie\u00dfen die Tr\u00e4nen, doch dann radle ich los und verschwinde im [&hellip;] <a class=\"more-link\" href=\"http:\/\/www.ralfkropp.de\/radreisen\/wordpress\/8-12-2018-buenos-aires-ushuaia\/\">Kompletten Beitrag lesen&#8230;<\/a><\/p>\n","protected":false},"author":1,"featured_media":0,"comment_status":"closed","ping_status":"open","sticky":false,"template":"","format":"standard","meta":[],"categories":[1],"tags":[],"_links":{"self":[{"href":"http:\/\/www.ralfkropp.de\/radreisen\/wordpress\/wp-json\/wp\/v2\/posts\/1603"}],"collection":[{"href":"http:\/\/www.ralfkropp.de\/radreisen\/wordpress\/wp-json\/wp\/v2\/posts"}],"about":[{"href":"http:\/\/www.ralfkropp.de\/radreisen\/wordpress\/wp-json\/wp\/v2\/types\/post"}],"author":[{"embeddable":true,"href":"http:\/\/www.ralfkropp.de\/radreisen\/wordpress\/wp-json\/wp\/v2\/users\/1"}],"replies":[{"embeddable":true,"href":"http:\/\/www.ralfkropp.de\/radreisen\/wordpress\/wp-json\/wp\/v2\/comments?post=1603"}],"version-history":[{"count":10,"href":"http:\/\/www.ralfkropp.de\/radreisen\/wordpress\/wp-json\/wp\/v2\/posts\/1603\/revisions"}],"predecessor-version":[{"id":1708,"href":"http:\/\/www.ralfkropp.de\/radreisen\/wordpress\/wp-json\/wp\/v2\/posts\/1603\/revisions\/1708"}],"wp:attachment":[{"href":"http:\/\/www.ralfkropp.de\/radreisen\/wordpress\/wp-json\/wp\/v2\/media?parent=1603"}],"wp:term":[{"taxonomy":"category","embeddable":true,"href":"http:\/\/www.ralfkropp.de\/radreisen\/wordpress\/wp-json\/wp\/v2\/categories?post=1603"},{"taxonomy":"post_tag","embeddable":true,"href":"http:\/\/www.ralfkropp.de\/radreisen\/wordpress\/wp-json\/wp\/v2\/tags?post=1603"}],"curies":[{"name":"wp","href":"https:\/\/api.w.org\/{rel}","templated":true}]}}