{"id":1619,"date":"2020-03-02T18:59:57","date_gmt":"2020-03-02T18:59:57","guid":{"rendered":"http:\/\/www.ralfkropp.de\/radreisen\/wordpress\/?p=1619"},"modified":"2020-03-03T17:50:09","modified_gmt":"2020-03-03T17:50:09","slug":"10-2-2018-ushuaia-tolhuin-baeckerei","status":"publish","type":"post","link":"http:\/\/www.ralfkropp.de\/radreisen\/wordpress\/10-2-2018-ushuaia-tolhuin-baeckerei\/","title":{"rendered":"10.2.2018 Ushuaia &#8211; Tolhuin (B\u00e4ckerei\/"},"content":{"rendered":"\n<figure class=\"wp-block-image size-large\"><img decoding=\"async\" loading=\"lazy\" width=\"1024\" height=\"768\" src=\"http:\/\/www.ralfkropp.de\/radreisen\/wordpress\/wp-content\/uploads\/2020\/03\/PC103497-1024x768.jpg\" alt=\"\" class=\"wp-image-1620\" srcset=\"http:\/\/www.ralfkropp.de\/radreisen\/wordpress\/wp-content\/uploads\/2020\/03\/PC103497-1024x768.jpg 1024w, http:\/\/www.ralfkropp.de\/radreisen\/wordpress\/wp-content\/uploads\/2020\/03\/PC103497-300x225.jpg 300w, http:\/\/www.ralfkropp.de\/radreisen\/wordpress\/wp-content\/uploads\/2020\/03\/PC103497-768x576.jpg 768w, http:\/\/www.ralfkropp.de\/radreisen\/wordpress\/wp-content\/uploads\/2020\/03\/PC103497-1536x1152.jpg 1536w, http:\/\/www.ralfkropp.de\/radreisen\/wordpress\/wp-content\/uploads\/2020\/03\/PC103497-2048x1536.jpg 2048w\" sizes=\"(max-width: 1024px) 100vw, 1024px\" \/><\/figure>\n\n\n\n<p><iframe loading=\"lazy\" class=\"alltrails\" title=\"AllTrails: Trail Guides and Maps for Hiking, Camping, and Running\" src=\"https:\/\/www.alltrails.com\/widget\/recording\/ushuia-backerei?u=m\" width=\"100%\" height=\"400\" frameborder=\"0\" marginwidth=\"0\" marginheight=\"0\" scrolling=\"no\"><\/iframe><\/p>\n<p><span style=\"color: #000000;\"><span style=\"font-family: Helvetica Neue, serif;\"><span style=\"font-size: xx-small;\"><span style=\"font-size: small;\">Auf geht es in Richtung Norden. Aus der Stadt heraus f\u00fchrt der Weg gleich ein bisschen bergauf \u00fcber einen Minipass mit herrlichem<\/span><span style=\"font-size: small;\">\u00a0 <\/span><span style=\"font-size: small;\">Ausblick auf T\u00e4ler und Berge. Die Stra\u00dfe folgt einem Bachlauf der des \u00f6fteren von Bibern angestaut wird und sich so kleine Seen bilden. Ich treffe Peer aus Montreal der seine erster Radtour unterwegs ist. Er gibt mir einen guten Tip mit der App iOverl\u00e4nder, auf der man alle M\u00f6glichkeiten zur \u00dcbernachtung findet. Ob Shelter, H\u00fctte, Zeltplatz usw. mit Beschreibung der Reisenden die diesen Platz schonmal aufgesucht haben. Wie sich sp\u00e4ter herausstellt, sehr hilfreich. Die Geschwindigkeiten von Peer und mir passen leider nicht im geringsten zueinander, so dass ich meine Tour alleine fortsetze.<\/span><\/span><\/span><\/span><\/p>\n<p><a href=\"http:\/\/www.ralfkropp.de\/radreisen\/wordpress\/wp-content\/uploads\/2020\/03\/PC103499-01-scaled.jpg\"><img decoding=\"async\" loading=\"lazy\" class=\" wp-image-1621 alignright\" src=\"http:\/\/www.ralfkropp.de\/radreisen\/wordpress\/wp-content\/uploads\/2020\/03\/PC103499-01-300x120.jpg\" alt=\"\" width=\"278\" height=\"111\" srcset=\"http:\/\/www.ralfkropp.de\/radreisen\/wordpress\/wp-content\/uploads\/2020\/03\/PC103499-01-300x120.jpg 300w, http:\/\/www.ralfkropp.de\/radreisen\/wordpress\/wp-content\/uploads\/2020\/03\/PC103499-01-1024x409.jpg 1024w, http:\/\/www.ralfkropp.de\/radreisen\/wordpress\/wp-content\/uploads\/2020\/03\/PC103499-01-768x307.jpg 768w, http:\/\/www.ralfkropp.de\/radreisen\/wordpress\/wp-content\/uploads\/2020\/03\/PC103499-01-1536x613.jpg 1536w, http:\/\/www.ralfkropp.de\/radreisen\/wordpress\/wp-content\/uploads\/2020\/03\/PC103499-01-2048x818.jpg 2048w\" sizes=\"(max-width: 278px) 100vw, 278px\" \/><\/a><\/p>\n<p><a href=\"http:\/\/www.ralfkropp.de\/radreisen\/wordpress\/wp-content\/uploads\/2020\/03\/PC103497-scaled.jpg\"><img decoding=\"async\" loading=\"lazy\" class=\" wp-image-1620\" src=\"http:\/\/www.ralfkropp.de\/radreisen\/wordpress\/wp-content\/uploads\/2020\/03\/PC103497-300x225.jpg\" alt=\"\" width=\"233\" height=\"175\" srcset=\"http:\/\/www.ralfkropp.de\/radreisen\/wordpress\/wp-content\/uploads\/2020\/03\/PC103497-300x225.jpg 300w, http:\/\/www.ralfkropp.de\/radreisen\/wordpress\/wp-content\/uploads\/2020\/03\/PC103497-1024x768.jpg 1024w, http:\/\/www.ralfkropp.de\/radreisen\/wordpress\/wp-content\/uploads\/2020\/03\/PC103497-768x576.jpg 768w, http:\/\/www.ralfkropp.de\/radreisen\/wordpress\/wp-content\/uploads\/2020\/03\/PC103497-1536x1152.jpg 1536w, http:\/\/www.ralfkropp.de\/radreisen\/wordpress\/wp-content\/uploads\/2020\/03\/PC103497-2048x1536.jpg 2048w\" sizes=\"(max-width: 233px) 100vw, 233px\" \/><\/a><\/p>\n<p><a href=\"http:\/\/www.ralfkropp.de\/radreisen\/wordpress\/wp-content\/uploads\/2020\/03\/PC103512-scaled.jpg\"><img decoding=\"async\" loading=\"lazy\" class=\" wp-image-1622 alignright\" src=\"http:\/\/www.ralfkropp.de\/radreisen\/wordpress\/wp-content\/uploads\/2020\/03\/PC103512-300x225.jpg\" alt=\"\" width=\"263\" height=\"197\" srcset=\"http:\/\/www.ralfkropp.de\/radreisen\/wordpress\/wp-content\/uploads\/2020\/03\/PC103512-300x225.jpg 300w, http:\/\/www.ralfkropp.de\/radreisen\/wordpress\/wp-content\/uploads\/2020\/03\/PC103512-1024x768.jpg 1024w, http:\/\/www.ralfkropp.de\/radreisen\/wordpress\/wp-content\/uploads\/2020\/03\/PC103512-768x576.jpg 768w, http:\/\/www.ralfkropp.de\/radreisen\/wordpress\/wp-content\/uploads\/2020\/03\/PC103512-1536x1152.jpg 1536w, http:\/\/www.ralfkropp.de\/radreisen\/wordpress\/wp-content\/uploads\/2020\/03\/PC103512-2048x1536.jpg 2048w\" sizes=\"(max-width: 263px) 100vw, 263px\" \/><\/a><\/p>\n<p><a href=\"http:\/\/www.ralfkropp.de\/radreisen\/wordpress\/wp-content\/uploads\/2020\/03\/PC103517-scaled.jpg\"><img decoding=\"async\" loading=\"lazy\" class=\" wp-image-1623\" src=\"http:\/\/www.ralfkropp.de\/radreisen\/wordpress\/wp-content\/uploads\/2020\/03\/PC103517-300x225.jpg\" alt=\"\" width=\"249\" height=\"187\" srcset=\"http:\/\/www.ralfkropp.de\/radreisen\/wordpress\/wp-content\/uploads\/2020\/03\/PC103517-300x225.jpg 300w, http:\/\/www.ralfkropp.de\/radreisen\/wordpress\/wp-content\/uploads\/2020\/03\/PC103517-1024x768.jpg 1024w, http:\/\/www.ralfkropp.de\/radreisen\/wordpress\/wp-content\/uploads\/2020\/03\/PC103517-768x576.jpg 768w, http:\/\/www.ralfkropp.de\/radreisen\/wordpress\/wp-content\/uploads\/2020\/03\/PC103517-1536x1152.jpg 1536w, http:\/\/www.ralfkropp.de\/radreisen\/wordpress\/wp-content\/uploads\/2020\/03\/PC103517-2048x1536.jpg 2048w\" sizes=\"(max-width: 249px) 100vw, 249px\" \/><\/a><\/p>\n<p><a href=\"http:\/\/www.ralfkropp.de\/radreisen\/wordpress\/wp-content\/uploads\/2020\/03\/PC103522.jpg\"><img decoding=\"async\" loading=\"lazy\" class=\"size-medium wp-image-1624\" src=\"http:\/\/www.ralfkropp.de\/radreisen\/wordpress\/wp-content\/uploads\/2020\/03\/PC103522-300x199.jpg\" alt=\"\" width=\"300\" height=\"199\" srcset=\"http:\/\/www.ralfkropp.de\/radreisen\/wordpress\/wp-content\/uploads\/2020\/03\/PC103522-300x199.jpg 300w, http:\/\/www.ralfkropp.de\/radreisen\/wordpress\/wp-content\/uploads\/2020\/03\/PC103522-1024x680.jpg 1024w, http:\/\/www.ralfkropp.de\/radreisen\/wordpress\/wp-content\/uploads\/2020\/03\/PC103522-768x510.jpg 768w, http:\/\/www.ralfkropp.de\/radreisen\/wordpress\/wp-content\/uploads\/2020\/03\/PC103522.jpg 1482w\" sizes=\"(max-width: 300px) 100vw, 300px\" \/><\/a><\/p>\n<p><span style=\"color: #000000;\"><span style=\"font-family: Helvetica Neue, serif;\"><span style=\"font-size: xx-small;\"><span style=\"font-size: small;\">Am Paso Garibaldi hat man einen Mirador mit herrlichem Blick auf den Lago Escondido. Radfahrer scheinen einige unterwegs zu sein, denn schon der dritte Reiseradler kommt mir entgegen. Nach kurzer Unterhaltung ziehen wir aber schon in unseren Richtung weiter. In Tolhuin wollte ich eigentlich nur einen Zwischenstopp einlegen, doch es kommen heftige Regenschauer runter und zwei weitere Radler sind schon in der Panaderia untergekommen. So bleibe ich und unterhalte mich mit David aus Holland und Vincent aus Spanien. Es trudeln noch mehr Radler ein. Zwei Kanadierinnen, noch ein Spanier und um 21 Uhr kommt auch Peer ziemlich ersch\u00f6pft an. Der arme Kerl hat die Schauer voll abbekommen und sich ausgek\u00fchlt bis nach Tolhuin geschleppt. Alle sprechen ziemlich gut spanisch, nur ich nicht.<\/span><span style=\"font-size: small;\">\u00a0 <\/span><span style=\"font-size: small;\">Da verstehe ich nur was wenn wir ins Englische wechseln.<\/span><\/span><\/span><\/span><\/p>\n<p><a href=\"http:\/\/www.ralfkropp.de\/radreisen\/wordpress\/wp-content\/uploads\/2020\/03\/PC113529-scaled.jpg\"><img decoding=\"async\" loading=\"lazy\" class=\" wp-image-1625 alignright\" src=\"http:\/\/www.ralfkropp.de\/radreisen\/wordpress\/wp-content\/uploads\/2020\/03\/PC113529-300x225.jpg\" alt=\"\" width=\"229\" height=\"172\" srcset=\"http:\/\/www.ralfkropp.de\/radreisen\/wordpress\/wp-content\/uploads\/2020\/03\/PC113529-300x225.jpg 300w, http:\/\/www.ralfkropp.de\/radreisen\/wordpress\/wp-content\/uploads\/2020\/03\/PC113529-1024x768.jpg 1024w, http:\/\/www.ralfkropp.de\/radreisen\/wordpress\/wp-content\/uploads\/2020\/03\/PC113529-768x576.jpg 768w, http:\/\/www.ralfkropp.de\/radreisen\/wordpress\/wp-content\/uploads\/2020\/03\/PC113529-1536x1152.jpg 1536w, http:\/\/www.ralfkropp.de\/radreisen\/wordpress\/wp-content\/uploads\/2020\/03\/PC113529-2048x1536.jpg 2048w\" sizes=\"(max-width: 229px) 100vw, 229px\" \/><\/a><\/p>\n<p><a href=\"http:\/\/www.ralfkropp.de\/radreisen\/wordpress\/wp-content\/uploads\/2020\/03\/PC113530-scaled.jpg\"><img decoding=\"async\" loading=\"lazy\" class=\" wp-image-1626\" src=\"http:\/\/www.ralfkropp.de\/radreisen\/wordpress\/wp-content\/uploads\/2020\/03\/PC113530-300x225.jpg\" alt=\"\" width=\"269\" height=\"202\" srcset=\"http:\/\/www.ralfkropp.de\/radreisen\/wordpress\/wp-content\/uploads\/2020\/03\/PC113530-300x225.jpg 300w, http:\/\/www.ralfkropp.de\/radreisen\/wordpress\/wp-content\/uploads\/2020\/03\/PC113530-1024x768.jpg 1024w, http:\/\/www.ralfkropp.de\/radreisen\/wordpress\/wp-content\/uploads\/2020\/03\/PC113530-768x576.jpg 768w, http:\/\/www.ralfkropp.de\/radreisen\/wordpress\/wp-content\/uploads\/2020\/03\/PC113530-1536x1152.jpg 1536w, http:\/\/www.ralfkropp.de\/radreisen\/wordpress\/wp-content\/uploads\/2020\/03\/PC113530-2048x1536.jpg 2048w\" sizes=\"(max-width: 269px) 100vw, 269px\" \/><\/a><\/p>\n<p><a href=\"http:\/\/www.ralfkropp.de\/radreisen\/wordpress\/wp-content\/uploads\/2020\/03\/PC113532-scaled.jpg\"><img decoding=\"async\" loading=\"lazy\" class=\"alignnone size-medium wp-image-1627\" src=\"http:\/\/www.ralfkropp.de\/radreisen\/wordpress\/wp-content\/uploads\/2020\/03\/PC113532-300x225.jpg\" alt=\"\" width=\"300\" height=\"225\" srcset=\"http:\/\/www.ralfkropp.de\/radreisen\/wordpress\/wp-content\/uploads\/2020\/03\/PC113532-300x225.jpg 300w, http:\/\/www.ralfkropp.de\/radreisen\/wordpress\/wp-content\/uploads\/2020\/03\/PC113532-1024x768.jpg 1024w, http:\/\/www.ralfkropp.de\/radreisen\/wordpress\/wp-content\/uploads\/2020\/03\/PC113532-768x576.jpg 768w, http:\/\/www.ralfkropp.de\/radreisen\/wordpress\/wp-content\/uploads\/2020\/03\/PC113532-1536x1152.jpg 1536w, http:\/\/www.ralfkropp.de\/radreisen\/wordpress\/wp-content\/uploads\/2020\/03\/PC113532-2048x1536.jpg 2048w\" sizes=\"(max-width: 300px) 100vw, 300px\" \/><\/a><\/p>\n<p><span style=\"color: #000000;\"><span style=\"font-family: Helvetica Neue, serif;\"><span style=\"font-size: xx-small;\"><span style=\"font-size: small;\">Wir teilen uns mit f\u00fcnf ein klitzekleines Zimmer mit drei Betten. Die beiden Frauen schlafen in einem anderen Raum. Bei uns ist kaum an schlafen zu denken, da Peer schnarcht als wollte er ganze W\u00e4lder f\u00e4llen. Da helfen dann auch keine Ohrst\u00f6psel mehr. Au\u00dferdem fehlt bei mir im Bett ein Brett, so dass die 5 cm dicke Schaumstoffmatratze sich versucht nach unten zu verabschieden. Aber man sollte nicht meckern, denn das Zimmer kostet nichts und eine warme Dusche gab es auch. F\u00fcr alle Feuerlandradler der perfekte Treffpunkt, denn hier m\u00fcssen und machen fast Alle einen Zwischenstopp. Als Informationstreffpunkt auch Gold wert. Langweilig wird es auch niemandem, denn fast jeder hat ein Paar Abenteuergeschichten parat.<\/span><\/span><\/span><\/span><\/p>\n<p>\u00a0<\/p>\n<div class=\"facebook-like\"><fb:like layout=\"standard\" show_faces=\"true\" href=\"http:\/\/www.ralfkropp.de\/radreisen\/wordpress\/10-2-2018-ushuaia-tolhuin-baeckerei\/\"><\/fb:like><\/div>","protected":false},"excerpt":{"rendered":"<p>Auf geht es in Richtung Norden. Aus der Stadt heraus f\u00fchrt der Weg gleich ein bisschen bergauf \u00fcber einen Minipass mit herrlichem\u00a0 Ausblick auf T\u00e4ler und Berge. Die Stra\u00dfe folgt einem Bachlauf der des \u00f6fteren von Bibern angestaut wird und [&hellip;] <a class=\"more-link\" href=\"http:\/\/www.ralfkropp.de\/radreisen\/wordpress\/10-2-2018-ushuaia-tolhuin-baeckerei\/\">Kompletten Beitrag lesen&#8230;<\/a><\/p>\n","protected":false},"author":1,"featured_media":0,"comment_status":"closed","ping_status":"open","sticky":false,"template":"","format":"standard","meta":[],"categories":[1],"tags":[],"_links":{"self":[{"href":"http:\/\/www.ralfkropp.de\/radreisen\/wordpress\/wp-json\/wp\/v2\/posts\/1619"}],"collection":[{"href":"http:\/\/www.ralfkropp.de\/radreisen\/wordpress\/wp-json\/wp\/v2\/posts"}],"about":[{"href":"http:\/\/www.ralfkropp.de\/radreisen\/wordpress\/wp-json\/wp\/v2\/types\/post"}],"author":[{"embeddable":true,"href":"http:\/\/www.ralfkropp.de\/radreisen\/wordpress\/wp-json\/wp\/v2\/users\/1"}],"replies":[{"embeddable":true,"href":"http:\/\/www.ralfkropp.de\/radreisen\/wordpress\/wp-json\/wp\/v2\/comments?post=1619"}],"version-history":[{"count":3,"href":"http:\/\/www.ralfkropp.de\/radreisen\/wordpress\/wp-json\/wp\/v2\/posts\/1619\/revisions"}],"predecessor-version":[{"id":1702,"href":"http:\/\/www.ralfkropp.de\/radreisen\/wordpress\/wp-json\/wp\/v2\/posts\/1619\/revisions\/1702"}],"wp:attachment":[{"href":"http:\/\/www.ralfkropp.de\/radreisen\/wordpress\/wp-json\/wp\/v2\/media?parent=1619"}],"wp:term":[{"taxonomy":"category","embeddable":true,"href":"http:\/\/www.ralfkropp.de\/radreisen\/wordpress\/wp-json\/wp\/v2\/categories?post=1619"},{"taxonomy":"post_tag","embeddable":true,"href":"http:\/\/www.ralfkropp.de\/radreisen\/wordpress\/wp-json\/wp\/v2\/tags?post=1619"}],"curies":[{"name":"wp","href":"https:\/\/api.w.org\/{rel}","templated":true}]}}