{"id":1648,"date":"2020-03-03T13:59:17","date_gmt":"2020-03-03T13:59:17","guid":{"rendered":"http:\/\/www.ralfkropp.de\/radreisen\/wordpress\/?p=1648"},"modified":"2020-03-03T17:44:41","modified_gmt":"2020-03-03T17:44:41","slug":"12-12-2018-san-sebastian-estancia","status":"publish","type":"post","link":"http:\/\/www.ralfkropp.de\/radreisen\/wordpress\/12-12-2018-san-sebastian-estancia\/","title":{"rendered":"12.12.2018 San Sebastian &#8211; Estancia"},"content":{"rendered":"\n<p><iframe loading=\"lazy\" class=\"alltrails\" title=\"AllTrails: Trail Guides and Maps for Hiking, Camping, and Running\" src=\"https:\/\/www.alltrails.com\/widget\/recording\/san-sebastian-pinguinspot-porvenir?u=m\" width=\"100%\" height=\"400\" frameborder=\"0\" marginwidth=\"0\" marginheight=\"0\" scrolling=\"no\"><\/iframe><\/p>\n<p><span style=\"color: #000000;\"><span style=\"font-family: Helvetica Neue, serif;\"><span style=\"font-size: xx-small;\"><span style=\"font-family: Arial, sans-serif;\"><span style=\"font-size: small;\">Um 8 Uhr geht es los. Der Ausreisestempel ist schnell geholt. Bis zur chilenischen Grenze fahre ich noch mit dem Wind. Neben der Schotterpiste ist schon die neue Betonpiste fast fertig. F\u00fcr Autos noch gesperrt, doch wir Radler fahren um die Poller herum und genie\u00dfe die glatte Fahrbahn. An der chilenischen Grenze muss ich ein Formular zur Einreise ausf\u00fcllen und angeben ob ich Obst und Gem\u00fcse einf\u00fchre. Ich gebe nat\u00fcrlich an, nichts der gleichen dabei zu haben. Den Einreisestempel bekomme ich, nur als ich schon fast wieder auf dem Rad sitze, kommt eine junge Grenzbeamtin, die mir zu verstehen gibt, dass meine Taschen durchleuchtet werden. Zurecht, denn ich hatte in Rio Grande noch eine Zwiebel gekauft und den Knoblauch aus den ersten Wochen mit Sabine hatte ich auch noch in den Taschen. Oh je denke ich, Hauptsache sie lassen mich jetzt noch einreisen, denn wenn nicht, dann m\u00fcsste ich ja von Ushuaia per Flugzeug nach Patagonien fliegen und auch den Torres del Paine NP links liegen lassen. Doch die Beamtin schaut mich nur ermahnend an, l\u00e4sst mich dann einreisen und ich radle weiter.<\/span><\/span><\/span><\/span><\/span><\/p>\n<p><a href=\"http:\/\/www.ralfkropp.de\/radreisen\/wordpress\/wp-content\/uploads\/2020\/03\/PC123551-scaled.jpg\"><img decoding=\"async\" loading=\"lazy\" class=\" wp-image-1649 alignright\" src=\"http:\/\/www.ralfkropp.de\/radreisen\/wordpress\/wp-content\/uploads\/2020\/03\/PC123551-300x225.jpg\" alt=\"\" width=\"233\" height=\"175\" srcset=\"http:\/\/www.ralfkropp.de\/radreisen\/wordpress\/wp-content\/uploads\/2020\/03\/PC123551-300x225.jpg 300w, http:\/\/www.ralfkropp.de\/radreisen\/wordpress\/wp-content\/uploads\/2020\/03\/PC123551-1024x768.jpg 1024w, http:\/\/www.ralfkropp.de\/radreisen\/wordpress\/wp-content\/uploads\/2020\/03\/PC123551-768x576.jpg 768w, http:\/\/www.ralfkropp.de\/radreisen\/wordpress\/wp-content\/uploads\/2020\/03\/PC123551-1536x1152.jpg 1536w, http:\/\/www.ralfkropp.de\/radreisen\/wordpress\/wp-content\/uploads\/2020\/03\/PC123551-2048x1536.jpg 2048w\" sizes=\"(max-width: 233px) 100vw, 233px\" \/><\/a><\/p>\n<p><img decoding=\"async\" loading=\"lazy\" class=\" wp-image-1650\" src=\"http:\/\/www.ralfkropp.de\/radreisen\/wordpress\/wp-content\/uploads\/2020\/03\/PC123552-300x225.jpg\" alt=\"\" width=\"252\" height=\"189\" srcset=\"http:\/\/www.ralfkropp.de\/radreisen\/wordpress\/wp-content\/uploads\/2020\/03\/PC123552-300x225.jpg 300w, http:\/\/www.ralfkropp.de\/radreisen\/wordpress\/wp-content\/uploads\/2020\/03\/PC123552-1024x768.jpg 1024w, http:\/\/www.ralfkropp.de\/radreisen\/wordpress\/wp-content\/uploads\/2020\/03\/PC123552-768x576.jpg 768w, http:\/\/www.ralfkropp.de\/radreisen\/wordpress\/wp-content\/uploads\/2020\/03\/PC123552-1536x1152.jpg 1536w, http:\/\/www.ralfkropp.de\/radreisen\/wordpress\/wp-content\/uploads\/2020\/03\/PC123552-2048x1536.jpg 2048w\" sizes=\"(max-width: 252px) 100vw, 252px\" \/><\/p>\n<p>Der Wind wird immer heftiger und meine Durchschnittsgeschwindigkeit sinkt auf 13 km\/h bei vollem Einsatz meiner Kr\u00e4fte.\u00a0<br \/>Ich mache eine Pause im Bushalteh\u00e4uschen, wo man vor K\u00e4lte und Wind gesch\u00fctzt ist und die Speicher auff\u00fcllen kann.\u00a0 Gest\u00e4rkt geht es auf einen 30 km Umweg der sich lohnt, denn die besuchte Pinguinkolonie ist ein absolutes Highlight. Zwei Gruppen von 30-40 K\u00f6nigspinguine stehen dicht beieinander, unweit von den Beobachtungsmiradors entfernt.\u00a0<\/p>\n<div id=\"attachment_1651\" style=\"width: 203px\" class=\"wp-caption alignright\"><a href=\"http:\/\/www.ralfkropp.de\/radreisen\/wordpress\/wp-content\/uploads\/2020\/03\/PC123554-scaled.jpg\"><img aria-describedby=\"caption-attachment-1651\" decoding=\"async\" loading=\"lazy\" class=\" wp-image-1651\" src=\"http:\/\/www.ralfkropp.de\/radreisen\/wordpress\/wp-content\/uploads\/2020\/03\/PC123554-300x225.jpg\" alt=\"\" width=\"193\" height=\"145\" srcset=\"http:\/\/www.ralfkropp.de\/radreisen\/wordpress\/wp-content\/uploads\/2020\/03\/PC123554-300x225.jpg 300w, http:\/\/www.ralfkropp.de\/radreisen\/wordpress\/wp-content\/uploads\/2020\/03\/PC123554-1024x768.jpg 1024w, http:\/\/www.ralfkropp.de\/radreisen\/wordpress\/wp-content\/uploads\/2020\/03\/PC123554-768x576.jpg 768w, http:\/\/www.ralfkropp.de\/radreisen\/wordpress\/wp-content\/uploads\/2020\/03\/PC123554-1536x1152.jpg 1536w, http:\/\/www.ralfkropp.de\/radreisen\/wordpress\/wp-content\/uploads\/2020\/03\/PC123554-2048x1536.jpg 2048w\" sizes=\"(max-width: 193px) 100vw, 193px\" \/><\/a><p id=\"caption-attachment-1651\" class=\"wp-caption-text\"><img decoding=\"async\" loading=\"lazy\" class=\" wp-image-1652\" src=\"http:\/\/www.ralfkropp.de\/radreisen\/wordpress\/wp-content\/uploads\/2020\/03\/PC123577-300x252.jpg\" alt=\"\" width=\"210\" height=\"176\" srcset=\"http:\/\/www.ralfkropp.de\/radreisen\/wordpress\/wp-content\/uploads\/2020\/03\/PC123577-300x252.jpg 300w, http:\/\/www.ralfkropp.de\/radreisen\/wordpress\/wp-content\/uploads\/2020\/03\/PC123577-1024x861.jpg 1024w, http:\/\/www.ralfkropp.de\/radreisen\/wordpress\/wp-content\/uploads\/2020\/03\/PC123577-768x645.jpg 768w, http:\/\/www.ralfkropp.de\/radreisen\/wordpress\/wp-content\/uploads\/2020\/03\/PC123577-1536x1291.jpg 1536w, http:\/\/www.ralfkropp.de\/radreisen\/wordpress\/wp-content\/uploads\/2020\/03\/PC123577-2048x1721.jpg 2048w\" sizes=\"(max-width: 210px) 100vw, 210px\" \/><\/p><\/div>\n<div id=\"attachment_1653\" style=\"width: 235px\" class=\"wp-caption alignnone\"><a href=\"http:\/\/www.ralfkropp.de\/radreisen\/wordpress\/wp-content\/uploads\/2020\/03\/PC123578-scaled.jpg\"><img aria-describedby=\"caption-attachment-1653\" decoding=\"async\" loading=\"lazy\" class=\"size-medium wp-image-1653\" src=\"http:\/\/www.ralfkropp.de\/radreisen\/wordpress\/wp-content\/uploads\/2020\/03\/PC123578-225x300.jpg\" alt=\"\" width=\"225\" height=\"300\" srcset=\"http:\/\/www.ralfkropp.de\/radreisen\/wordpress\/wp-content\/uploads\/2020\/03\/PC123578-225x300.jpg 225w, http:\/\/www.ralfkropp.de\/radreisen\/wordpress\/wp-content\/uploads\/2020\/03\/PC123578-768x1024.jpg 768w, http:\/\/www.ralfkropp.de\/radreisen\/wordpress\/wp-content\/uploads\/2020\/03\/PC123578-1152x1536.jpg 1152w, http:\/\/www.ralfkropp.de\/radreisen\/wordpress\/wp-content\/uploads\/2020\/03\/PC123578-1536x2048.jpg 1536w, http:\/\/www.ralfkropp.de\/radreisen\/wordpress\/wp-content\/uploads\/2020\/03\/PC123578-scaled.jpg 1920w\" sizes=\"(max-width: 225px) 100vw, 225px\" \/><\/a><p id=\"caption-attachment-1653\" class=\"wp-caption-text\"><img decoding=\"async\" loading=\"lazy\" class=\" wp-image-1654\" src=\"http:\/\/www.ralfkropp.de\/radreisen\/wordpress\/wp-content\/uploads\/2020\/03\/PC123579B-300x73.jpg\" alt=\"\" width=\"306\" height=\"75\" srcset=\"http:\/\/www.ralfkropp.de\/radreisen\/wordpress\/wp-content\/uploads\/2020\/03\/PC123579B-300x73.jpg 300w, http:\/\/www.ralfkropp.de\/radreisen\/wordpress\/wp-content\/uploads\/2020\/03\/PC123579B-1024x251.jpg 1024w, http:\/\/www.ralfkropp.de\/radreisen\/wordpress\/wp-content\/uploads\/2020\/03\/PC123579B-768x188.jpg 768w, http:\/\/www.ralfkropp.de\/radreisen\/wordpress\/wp-content\/uploads\/2020\/03\/PC123579B-1536x376.jpg 1536w, http:\/\/www.ralfkropp.de\/radreisen\/wordpress\/wp-content\/uploads\/2020\/03\/PC123579B-2048x501.jpg 2048w\" sizes=\"(max-width: 306px) 100vw, 306px\" \/><\/p><\/div>\n<p><a href=\"http:\/\/www.ralfkropp.de\/radreisen\/wordpress\/wp-content\/uploads\/2020\/03\/PC123582-84-scaled.jpg\"><img decoding=\"async\" loading=\"lazy\" class=\"alignnone  wp-image-1655\" src=\"http:\/\/www.ralfkropp.de\/radreisen\/wordpress\/wp-content\/uploads\/2020\/03\/PC123582-84-300x99.jpg\" alt=\"\" width=\"306\" height=\"101\" srcset=\"http:\/\/www.ralfkropp.de\/radreisen\/wordpress\/wp-content\/uploads\/2020\/03\/PC123582-84-300x99.jpg 300w, http:\/\/www.ralfkropp.de\/radreisen\/wordpress\/wp-content\/uploads\/2020\/03\/PC123582-84-1024x339.jpg 1024w, http:\/\/www.ralfkropp.de\/radreisen\/wordpress\/wp-content\/uploads\/2020\/03\/PC123582-84-768x254.jpg 768w, http:\/\/www.ralfkropp.de\/radreisen\/wordpress\/wp-content\/uploads\/2020\/03\/PC123582-84-1536x508.jpg 1536w, http:\/\/www.ralfkropp.de\/radreisen\/wordpress\/wp-content\/uploads\/2020\/03\/PC123582-84-2048x678.jpg 2048w\" sizes=\"(max-width: 306px) 100vw, 306px\" \/><\/a><\/p>\n<p><a href=\"http:\/\/www.ralfkropp.de\/radreisen\/wordpress\/wp-content\/uploads\/2020\/03\/PC123596-scaled.jpg\"><img decoding=\"async\" loading=\"lazy\" class=\" wp-image-1656 alignright\" src=\"http:\/\/www.ralfkropp.de\/radreisen\/wordpress\/wp-content\/uploads\/2020\/03\/PC123596-300x225.jpg\" alt=\"\" width=\"243\" height=\"182\" srcset=\"http:\/\/www.ralfkropp.de\/radreisen\/wordpress\/wp-content\/uploads\/2020\/03\/PC123596-300x225.jpg 300w, http:\/\/www.ralfkropp.de\/radreisen\/wordpress\/wp-content\/uploads\/2020\/03\/PC123596-1024x768.jpg 1024w, http:\/\/www.ralfkropp.de\/radreisen\/wordpress\/wp-content\/uploads\/2020\/03\/PC123596-768x576.jpg 768w, http:\/\/www.ralfkropp.de\/radreisen\/wordpress\/wp-content\/uploads\/2020\/03\/PC123596-1536x1152.jpg 1536w, http:\/\/www.ralfkropp.de\/radreisen\/wordpress\/wp-content\/uploads\/2020\/03\/PC123596-2048x1536.jpg 2048w\" sizes=\"(max-width: 243px) 100vw, 243px\" \/><\/a><\/p>\n<p><a href=\"http:\/\/www.ralfkropp.de\/radreisen\/wordpress\/wp-content\/uploads\/2020\/03\/PC123598-scaled.jpg\"><img decoding=\"async\" loading=\"lazy\" class=\" wp-image-1657\" src=\"http:\/\/www.ralfkropp.de\/radreisen\/wordpress\/wp-content\/uploads\/2020\/03\/PC123598-300x225.jpg\" alt=\"\" width=\"267\" height=\"200\" srcset=\"http:\/\/www.ralfkropp.de\/radreisen\/wordpress\/wp-content\/uploads\/2020\/03\/PC123598-300x225.jpg 300w, http:\/\/www.ralfkropp.de\/radreisen\/wordpress\/wp-content\/uploads\/2020\/03\/PC123598-1024x768.jpg 1024w, http:\/\/www.ralfkropp.de\/radreisen\/wordpress\/wp-content\/uploads\/2020\/03\/PC123598-768x576.jpg 768w, http:\/\/www.ralfkropp.de\/radreisen\/wordpress\/wp-content\/uploads\/2020\/03\/PC123598-1536x1152.jpg 1536w, http:\/\/www.ralfkropp.de\/radreisen\/wordpress\/wp-content\/uploads\/2020\/03\/PC123598-2048x1536.jpg 2048w\" sizes=\"(max-width: 267px) 100vw, 267px\" \/><\/a><\/p>\n<p><a href=\"http:\/\/www.ralfkropp.de\/radreisen\/wordpress\/wp-content\/uploads\/2020\/03\/PC123602B-scaled.jpg\"><img decoding=\"async\" loading=\"lazy\" class=\"size-medium wp-image-1658 alignnone\" src=\"http:\/\/www.ralfkropp.de\/radreisen\/wordpress\/wp-content\/uploads\/2020\/03\/PC123602B-300x158.jpg\" alt=\"\" width=\"300\" height=\"158\" srcset=\"http:\/\/www.ralfkropp.de\/radreisen\/wordpress\/wp-content\/uploads\/2020\/03\/PC123602B-300x158.jpg 300w, http:\/\/www.ralfkropp.de\/radreisen\/wordpress\/wp-content\/uploads\/2020\/03\/PC123602B-1024x540.jpg 1024w, http:\/\/www.ralfkropp.de\/radreisen\/wordpress\/wp-content\/uploads\/2020\/03\/PC123602B-768x405.jpg 768w, http:\/\/www.ralfkropp.de\/radreisen\/wordpress\/wp-content\/uploads\/2020\/03\/PC123602B-1536x810.jpg 1536w, http:\/\/www.ralfkropp.de\/radreisen\/wordpress\/wp-content\/uploads\/2020\/03\/PC123602B-2048x1080.jpg 2048w\" sizes=\"(max-width: 300px) 100vw, 300px\" \/><\/a><\/p>\n<p><a href=\"http:\/\/www.ralfkropp.de\/radreisen\/wordpress\/wp-content\/uploads\/2020\/03\/PC123603-scaled.jpg\"><img decoding=\"async\" loading=\"lazy\" class=\" wp-image-1659 alignright\" src=\"http:\/\/www.ralfkropp.de\/radreisen\/wordpress\/wp-content\/uploads\/2020\/03\/PC123603-300x225.jpg\" alt=\"\" width=\"235\" height=\"176\" srcset=\"http:\/\/www.ralfkropp.de\/radreisen\/wordpress\/wp-content\/uploads\/2020\/03\/PC123603-300x225.jpg 300w, http:\/\/www.ralfkropp.de\/radreisen\/wordpress\/wp-content\/uploads\/2020\/03\/PC123603-1024x768.jpg 1024w, http:\/\/www.ralfkropp.de\/radreisen\/wordpress\/wp-content\/uploads\/2020\/03\/PC123603-768x576.jpg 768w, http:\/\/www.ralfkropp.de\/radreisen\/wordpress\/wp-content\/uploads\/2020\/03\/PC123603-1536x1152.jpg 1536w, http:\/\/www.ralfkropp.de\/radreisen\/wordpress\/wp-content\/uploads\/2020\/03\/PC123603-2048x1536.jpg 2048w\" sizes=\"(max-width: 235px) 100vw, 235px\" \/><\/a><\/p>\n<p><a href=\"http:\/\/www.ralfkropp.de\/radreisen\/wordpress\/wp-content\/uploads\/2020\/03\/PC123610-scaled.jpg\"><img decoding=\"async\" loading=\"lazy\" class=\" wp-image-1660\" src=\"http:\/\/www.ralfkropp.de\/radreisen\/wordpress\/wp-content\/uploads\/2020\/03\/PC123610-300x216.jpg\" alt=\"\" width=\"281\" height=\"202\" srcset=\"http:\/\/www.ralfkropp.de\/radreisen\/wordpress\/wp-content\/uploads\/2020\/03\/PC123610-300x216.jpg 300w, http:\/\/www.ralfkropp.de\/radreisen\/wordpress\/wp-content\/uploads\/2020\/03\/PC123610-1024x738.jpg 1024w, http:\/\/www.ralfkropp.de\/radreisen\/wordpress\/wp-content\/uploads\/2020\/03\/PC123610-768x553.jpg 768w, http:\/\/www.ralfkropp.de\/radreisen\/wordpress\/wp-content\/uploads\/2020\/03\/PC123610-1536x1106.jpg 1536w, http:\/\/www.ralfkropp.de\/radreisen\/wordpress\/wp-content\/uploads\/2020\/03\/PC123610-2048x1475.jpg 2048w\" sizes=\"(max-width: 281px) 100vw, 281px\" \/><\/a><\/p>\n<p><a href=\"http:\/\/www.ralfkropp.de\/radreisen\/wordpress\/wp-content\/uploads\/2020\/03\/PC123615-scaled.jpg\"><img decoding=\"async\" loading=\"lazy\" class=\"size-medium wp-image-1661\" src=\"http:\/\/www.ralfkropp.de\/radreisen\/wordpress\/wp-content\/uploads\/2020\/03\/PC123615-300x180.jpg\" alt=\"\" width=\"300\" height=\"180\" srcset=\"http:\/\/www.ralfkropp.de\/radreisen\/wordpress\/wp-content\/uploads\/2020\/03\/PC123615-300x180.jpg 300w, http:\/\/www.ralfkropp.de\/radreisen\/wordpress\/wp-content\/uploads\/2020\/03\/PC123615-1024x615.jpg 1024w, http:\/\/www.ralfkropp.de\/radreisen\/wordpress\/wp-content\/uploads\/2020\/03\/PC123615-768x461.jpg 768w, http:\/\/www.ralfkropp.de\/radreisen\/wordpress\/wp-content\/uploads\/2020\/03\/PC123615-1536x923.jpg 1536w, http:\/\/www.ralfkropp.de\/radreisen\/wordpress\/wp-content\/uploads\/2020\/03\/PC123615-2048x1231.jpg 2048w\" sizes=\"(max-width: 300px) 100vw, 300px\" \/><\/a><\/p>\n<p><span style=\"color: #000000;\"><span style=\"font-family: Helvetica Neue, serif;\"><span style=\"font-size: xx-small;\"><span style=\"font-family: Arial, sans-serif;\"><span style=\"font-size: small;\">Zur\u00fcck zum Abzweig, dem Wind wieder entgegen, frage ich mich nur wie weit ich es bei dem Wind noch schaffe. Overlander zeichnet einen baumbestandenen Platz in 37 km aus, wo man sein Zelt aufbauen k\u00f6nnte. Also auf, los gehts. Bei Kilometerstand 125, ist er dann auch erreicht. Acht B\u00e4ume die vor dem Wind sch\u00fctzen sollen. Alles voller Glas und sehr verschmutzt mit F\u00e4kalien \u00fcbers\u00e4t, stinken tut es aus einer ummauerten Fl\u00e4che, wo noch Tierkadaver h\u00e4ngen. Also nichts wie weiter. Doch die n\u00e4chste M\u00f6glichkeit zum Schlafen kommt erst in 37 km und das k\u00f6nnte knapp werden mit dem Einbruch der Dunkelheit. Ich versuche es, auch wenn meine Kr\u00e4fte schon ziemlich am Ende sind. Als sich die Stra\u00dfe dem Wasser der Magelan Stra\u00dfe n\u00e4hert, sehe ich pl\u00f6tzlich Delphine. Die mit ihren Flossen aus dem Wasser kommen. Manchmal springen sie komplett aus dem Wasser und drehen sich dabei vor Freude. K\u00f6nnte dem Schauspiel stundenlang zuschauen. Leider muss ich aber noch ein paar Kilometer fahren. Beim ausgeschriebenen Fisherman finde ich nicht das Refugio, aber auch niemand der mir sagen k\u00f6nnte, wo die angegebenen R\u00e4umlichkeiten sein sollen. Was jetzt? Viel weiter komme ich nicht mehr. Eine Estancia liegt in der N\u00e4he und da frage ich nach, ob ich dort mein Zelt aufbauen kann. Jo kein Problem. Gerade rechtzeitig habe ich das Zelt stehen, bevor es anf\u00e4ngt zu regnen. Sehr schnell bin ich vor Ersch\u00f6pfung eingeschlafen.<\/span><\/span><\/span><\/span><\/span><\/p>\n<p>\u00a0<\/p>\n<div class=\"facebook-like\"><fb:like layout=\"standard\" show_faces=\"true\" href=\"http:\/\/www.ralfkropp.de\/radreisen\/wordpress\/12-12-2018-san-sebastian-estancia\/\"><\/fb:like><\/div>","protected":false},"excerpt":{"rendered":"<p>Um 8 Uhr geht es los. Der Ausreisestempel ist schnell geholt. Bis zur chilenischen Grenze fahre ich noch mit dem Wind. Neben der Schotterpiste ist schon die neue Betonpiste fast fertig. F\u00fcr Autos noch gesperrt, doch wir Radler fahren um [&hellip;] <a class=\"more-link\" href=\"http:\/\/www.ralfkropp.de\/radreisen\/wordpress\/12-12-2018-san-sebastian-estancia\/\">Kompletten Beitrag lesen&#8230;<\/a><\/p>\n","protected":false},"author":1,"featured_media":0,"comment_status":"closed","ping_status":"open","sticky":false,"template":"","format":"standard","meta":[],"categories":[1],"tags":[],"_links":{"self":[{"href":"http:\/\/www.ralfkropp.de\/radreisen\/wordpress\/wp-json\/wp\/v2\/posts\/1648"}],"collection":[{"href":"http:\/\/www.ralfkropp.de\/radreisen\/wordpress\/wp-json\/wp\/v2\/posts"}],"about":[{"href":"http:\/\/www.ralfkropp.de\/radreisen\/wordpress\/wp-json\/wp\/v2\/types\/post"}],"author":[{"embeddable":true,"href":"http:\/\/www.ralfkropp.de\/radreisen\/wordpress\/wp-json\/wp\/v2\/users\/1"}],"replies":[{"embeddable":true,"href":"http:\/\/www.ralfkropp.de\/radreisen\/wordpress\/wp-json\/wp\/v2\/comments?post=1648"}],"version-history":[{"count":3,"href":"http:\/\/www.ralfkropp.de\/radreisen\/wordpress\/wp-json\/wp\/v2\/posts\/1648\/revisions"}],"predecessor-version":[{"id":1697,"href":"http:\/\/www.ralfkropp.de\/radreisen\/wordpress\/wp-json\/wp\/v2\/posts\/1648\/revisions\/1697"}],"wp:attachment":[{"href":"http:\/\/www.ralfkropp.de\/radreisen\/wordpress\/wp-json\/wp\/v2\/media?parent=1648"}],"wp:term":[{"taxonomy":"category","embeddable":true,"href":"http:\/\/www.ralfkropp.de\/radreisen\/wordpress\/wp-json\/wp\/v2\/categories?post=1648"},{"taxonomy":"post_tag","embeddable":true,"href":"http:\/\/www.ralfkropp.de\/radreisen\/wordpress\/wp-json\/wp\/v2\/tags?post=1648"}],"curies":[{"name":"wp","href":"https:\/\/api.w.org\/{rel}","templated":true}]}}