{"id":1710,"date":"2020-03-03T19:43:44","date_gmt":"2020-03-03T19:43:44","guid":{"rendered":"http:\/\/www.ralfkropp.de\/radreisen\/wordpress\/?p=1710"},"modified":"2020-03-03T19:43:46","modified_gmt":"2020-03-03T19:43:46","slug":"14-12-2018-punta-arenas-refugio","status":"publish","type":"post","link":"http:\/\/www.ralfkropp.de\/radreisen\/wordpress\/14-12-2018-punta-arenas-refugio\/","title":{"rendered":"14.12.2018 Punta Arenas &#8211; Refugio"},"content":{"rendered":"\n<p><iframe loading=\"lazy\" class=\"alltrails\" title=\"AllTrails: Trail Guides and Maps for Hiking, Camping, and Running\" src=\"https:\/\/www.alltrails.com\/widget\/map\/karte-0f20c77--2?u=m\" width=\"100%\" height=\"400\" frameborder=\"0\" marginwidth=\"0\" marginheight=\"0\" scrolling=\"no\"><\/iframe><\/p>\n<p>Wegen starkem Wind wird der Ausflug zu den Pinguinen leider abgesagt. So kaufe ich noch ein und mache mich dann auf den Weg. Der Wind bl\u00e4st kr\u00e4ftig von der Seite, so dass ich aufpassen muss, dass ich keine gro\u00dfen Schlenker mache und dadurch von LKW oder PKW erfasst werde. Wenn der Wind von vorne kommt bin ich zwar noch langsamer aber so ist die Gefahr nicht so gro\u00df, dass irgend etwas passiert. Kein Strauch oder Baum bietet Windschutz. Da freue ich mich \u00fcber jede Erhebung oder selbst die Leitplanke die einen minimalen Windschutz bietet. In Villa Tehuelche f\u00fclle ich nochmal meine Wasserflaschen auf und schlafe ein paar Kilometer weiter in einem Refugio, welches vor dem kr\u00e4ftigen Wind sch\u00fctzt.<\/p>\n<p><a href=\"http:\/\/www.ralfkropp.de\/radreisen\/wordpress\/wp-content\/uploads\/2020\/03\/PC153756-57-scaled.jpg\"><img decoding=\"async\" loading=\"lazy\" class=\"alignnone size-medium wp-image-1711\" src=\"http:\/\/www.ralfkropp.de\/radreisen\/wordpress\/wp-content\/uploads\/2020\/03\/PC153756-57-300x131.jpg\" alt=\"\" width=\"300\" height=\"131\" srcset=\"http:\/\/www.ralfkropp.de\/radreisen\/wordpress\/wp-content\/uploads\/2020\/03\/PC153756-57-300x131.jpg 300w, http:\/\/www.ralfkropp.de\/radreisen\/wordpress\/wp-content\/uploads\/2020\/03\/PC153756-57-1024x447.jpg 1024w, http:\/\/www.ralfkropp.de\/radreisen\/wordpress\/wp-content\/uploads\/2020\/03\/PC153756-57-768x335.jpg 768w, http:\/\/www.ralfkropp.de\/radreisen\/wordpress\/wp-content\/uploads\/2020\/03\/PC153756-57-1536x671.jpg 1536w, http:\/\/www.ralfkropp.de\/radreisen\/wordpress\/wp-content\/uploads\/2020\/03\/PC153756-57-2048x894.jpg 2048w\" sizes=\"(max-width: 300px) 100vw, 300px\" \/><\/a><\/p>\n<div class=\"facebook-like\"><fb:like layout=\"standard\" show_faces=\"true\" href=\"http:\/\/www.ralfkropp.de\/radreisen\/wordpress\/14-12-2018-punta-arenas-refugio\/\"><\/fb:like><\/div>","protected":false},"excerpt":{"rendered":"<p>Wegen starkem Wind wird der Ausflug zu den Pinguinen leider abgesagt. So kaufe ich noch ein und mache mich dann auf den Weg. Der Wind bl\u00e4st kr\u00e4ftig von der Seite, so dass ich aufpassen muss, dass ich keine gro\u00dfen Schlenker [&hellip;] <a class=\"more-link\" href=\"http:\/\/www.ralfkropp.de\/radreisen\/wordpress\/14-12-2018-punta-arenas-refugio\/\">Kompletten Beitrag lesen&#8230;<\/a><\/p>\n","protected":false},"author":1,"featured_media":0,"comment_status":"closed","ping_status":"open","sticky":false,"template":"","format":"standard","meta":[],"categories":[1],"tags":[],"_links":{"self":[{"href":"http:\/\/www.ralfkropp.de\/radreisen\/wordpress\/wp-json\/wp\/v2\/posts\/1710"}],"collection":[{"href":"http:\/\/www.ralfkropp.de\/radreisen\/wordpress\/wp-json\/wp\/v2\/posts"}],"about":[{"href":"http:\/\/www.ralfkropp.de\/radreisen\/wordpress\/wp-json\/wp\/v2\/types\/post"}],"author":[{"embeddable":true,"href":"http:\/\/www.ralfkropp.de\/radreisen\/wordpress\/wp-json\/wp\/v2\/users\/1"}],"replies":[{"embeddable":true,"href":"http:\/\/www.ralfkropp.de\/radreisen\/wordpress\/wp-json\/wp\/v2\/comments?post=1710"}],"version-history":[{"count":1,"href":"http:\/\/www.ralfkropp.de\/radreisen\/wordpress\/wp-json\/wp\/v2\/posts\/1710\/revisions"}],"predecessor-version":[{"id":1712,"href":"http:\/\/www.ralfkropp.de\/radreisen\/wordpress\/wp-json\/wp\/v2\/posts\/1710\/revisions\/1712"}],"wp:attachment":[{"href":"http:\/\/www.ralfkropp.de\/radreisen\/wordpress\/wp-json\/wp\/v2\/media?parent=1710"}],"wp:term":[{"taxonomy":"category","embeddable":true,"href":"http:\/\/www.ralfkropp.de\/radreisen\/wordpress\/wp-json\/wp\/v2\/categories?post=1710"},{"taxonomy":"post_tag","embeddable":true,"href":"http:\/\/www.ralfkropp.de\/radreisen\/wordpress\/wp-json\/wp\/v2\/tags?post=1710"}],"curies":[{"name":"wp","href":"https:\/\/api.w.org\/{rel}","templated":true}]}}