{"id":1759,"date":"2020-03-03T21:22:34","date_gmt":"2020-03-03T21:22:34","guid":{"rendered":"http:\/\/www.ralfkropp.de\/radreisen\/wordpress\/?p=1759"},"modified":"2020-03-03T21:22:36","modified_gmt":"2020-03-03T21:22:36","slug":"18-12-2018-torres-del-paine-camping-lago-pehoe-torres-del-paine-camping-central","status":"publish","type":"post","link":"http:\/\/www.ralfkropp.de\/radreisen\/wordpress\/18-12-2018-torres-del-paine-camping-lago-pehoe-torres-del-paine-camping-central\/","title":{"rendered":"18.12.2018 Torres del Paine (Camping Lago Pehoe) &#8211; Torres del Paine (Camping Central)"},"content":{"rendered":"\n<p><iframe loading=\"lazy\" class=\"alltrails\" title=\"AllTrails: Trail Guides and Maps for Hiking, Camping, and Running\" src=\"https:\/\/www.alltrails.com\/widget\/recording\/torres-del-pain-np?u=m\" width=\"100%\" height=\"400\" frameborder=\"0\" marginwidth=\"0\" marginheight=\"0\" scrolling=\"no\"><\/iframe><\/p>\n<p><span style=\"color: #000000;\"><span style=\"font-family: Helvetica Neue, serif;\"><span style=\"font-size: xx-small;\"><span style=\"font-family: Arial, sans-serif;\"><span style=\"font-size: small;\">Eigentlich wollte ich mit der F\u00e4hre zum Lago de Grey fahren, doch die erste F\u00e4hre ist schon weg und f\u00fcr die Zweite stehen schon 100 Personen in der Schlange. Das w\u00e4re dann wie eine V\u00f6lkerwanderung zum Gletscher und darauf habe ich keine Lust, zumal ich ja auch noch zum Gletscher Moreno fahren m\u00f6chte. Ich packe meine Sachen und verabschiede mich von Pascal und Nancy. Es geht steile Rampen rauf und runter zum anderen Ende des Parks. Unterwegs treffe ich auf einen freien Reporter, der Fotos von mir macht und einen Bericht an Bikebild -Faszination Fahrrad- schicken will.<\/span><\/span><span style=\"font-family: Arial, sans-serif;\"><span style=\"font-size: small;\">\u00a0<\/span><\/span><\/span><\/span><\/span><\/p>\n<p><a href=\"http:\/\/www.ralfkropp.de\/radreisen\/wordpress\/wp-content\/uploads\/2020\/03\/PC183956-scaled.jpg\"><img decoding=\"async\" loading=\"lazy\" class=\" wp-image-1760\" src=\"http:\/\/www.ralfkropp.de\/radreisen\/wordpress\/wp-content\/uploads\/2020\/03\/PC183956-300x225.jpg\" alt=\"\" width=\"256\" height=\"192\" srcset=\"http:\/\/www.ralfkropp.de\/radreisen\/wordpress\/wp-content\/uploads\/2020\/03\/PC183956-300x225.jpg 300w, http:\/\/www.ralfkropp.de\/radreisen\/wordpress\/wp-content\/uploads\/2020\/03\/PC183956-1024x768.jpg 1024w, http:\/\/www.ralfkropp.de\/radreisen\/wordpress\/wp-content\/uploads\/2020\/03\/PC183956-768x576.jpg 768w, http:\/\/www.ralfkropp.de\/radreisen\/wordpress\/wp-content\/uploads\/2020\/03\/PC183956-1536x1152.jpg 1536w, http:\/\/www.ralfkropp.de\/radreisen\/wordpress\/wp-content\/uploads\/2020\/03\/PC183956-2048x1536.jpg 2048w\" sizes=\"(max-width: 256px) 100vw, 256px\" \/><\/a><\/p>\n<p><a href=\"http:\/\/www.ralfkropp.de\/radreisen\/wordpress\/wp-content\/uploads\/2020\/03\/PC183970-scaled.jpg\"><img decoding=\"async\" loading=\"lazy\" class=\" wp-image-1761\" src=\"http:\/\/www.ralfkropp.de\/radreisen\/wordpress\/wp-content\/uploads\/2020\/03\/PC183970-300x225.jpg\" alt=\"\" width=\"251\" height=\"188\" srcset=\"http:\/\/www.ralfkropp.de\/radreisen\/wordpress\/wp-content\/uploads\/2020\/03\/PC183970-300x225.jpg 300w, http:\/\/www.ralfkropp.de\/radreisen\/wordpress\/wp-content\/uploads\/2020\/03\/PC183970-1024x768.jpg 1024w, http:\/\/www.ralfkropp.de\/radreisen\/wordpress\/wp-content\/uploads\/2020\/03\/PC183970-768x576.jpg 768w, http:\/\/www.ralfkropp.de\/radreisen\/wordpress\/wp-content\/uploads\/2020\/03\/PC183970-1536x1152.jpg 1536w, http:\/\/www.ralfkropp.de\/radreisen\/wordpress\/wp-content\/uploads\/2020\/03\/PC183970-2048x1536.jpg 2048w\" sizes=\"(max-width: 251px) 100vw, 251px\" \/><\/a><\/p>\n<p><a href=\"http:\/\/www.ralfkropp.de\/radreisen\/wordpress\/wp-content\/uploads\/2020\/03\/PC193974-scaled.jpg\"><img decoding=\"async\" loading=\"lazy\" class=\"size-medium wp-image-1762\" src=\"http:\/\/www.ralfkropp.de\/radreisen\/wordpress\/wp-content\/uploads\/2020\/03\/PC193974-300x225.jpg\" alt=\"\" width=\"300\" height=\"225\" srcset=\"http:\/\/www.ralfkropp.de\/radreisen\/wordpress\/wp-content\/uploads\/2020\/03\/PC193974-300x225.jpg 300w, http:\/\/www.ralfkropp.de\/radreisen\/wordpress\/wp-content\/uploads\/2020\/03\/PC193974-1024x768.jpg 1024w, http:\/\/www.ralfkropp.de\/radreisen\/wordpress\/wp-content\/uploads\/2020\/03\/PC193974-768x576.jpg 768w, http:\/\/www.ralfkropp.de\/radreisen\/wordpress\/wp-content\/uploads\/2020\/03\/PC193974-1536x1152.jpg 1536w, http:\/\/www.ralfkropp.de\/radreisen\/wordpress\/wp-content\/uploads\/2020\/03\/PC193974-2048x1536.jpg 2048w\" sizes=\"(max-width: 300px) 100vw, 300px\" \/><\/a><\/p>\n<p><span style=\"color: #000000;\"><span style=\"font-family: Helvetica Neue, serif;\"><span style=\"font-size: xx-small;\"><span style=\"font-family: Arial, sans-serif;\"><span style=\"font-size: small;\">Der Campingplatz ist nicht so gut wie am Lago Pedro. Gutes Essen bekommen nur die Hotelg\u00e4ste und G\u00e4ste die rechtzeitig bestellt haben. Mist!<\/span><\/span><span style=\"font-family: Arial, sans-serif;\"><span style=\"font-size: small;\">\u00a0 <\/span><\/span><span style=\"font-family: Arial, sans-serif;\"><span style=\"font-size: small;\">Also mache ich mir einen Teller Jentschura Tischlein Deck Dich und setze mich zu zwei Chilenen. So erfahre ich, dass er ein Trail Runner ist und L\u00e4ufe bis zu 100 km absolviert . Eine Freundin von ihm kommt noch vorbei, sie hat schon L\u00e4ufe von 160 km hinter sich, in 36 h. Wir sehen noch einen Fuchs durchs Camp huschen und gehen wegen der blutr\u00fcnstigen Viecher relativ fr\u00fch schlafen.<\/span><\/span><\/span><\/span><\/span><\/p>\n<p>\u00a0<\/p>\n<div class=\"facebook-like\"><fb:like layout=\"standard\" show_faces=\"true\" href=\"http:\/\/www.ralfkropp.de\/radreisen\/wordpress\/18-12-2018-torres-del-paine-camping-lago-pehoe-torres-del-paine-camping-central\/\"><\/fb:like><\/div>","protected":false},"excerpt":{"rendered":"<p>Eigentlich wollte ich mit der F\u00e4hre zum Lago de Grey fahren, doch die erste F\u00e4hre ist schon weg und f\u00fcr die Zweite stehen schon 100 Personen in der Schlange. Das w\u00e4re dann wie eine V\u00f6lkerwanderung zum Gletscher und darauf habe [&hellip;] <a class=\"more-link\" href=\"http:\/\/www.ralfkropp.de\/radreisen\/wordpress\/18-12-2018-torres-del-paine-camping-lago-pehoe-torres-del-paine-camping-central\/\">Kompletten Beitrag lesen&#8230;<\/a><\/p>\n","protected":false},"author":1,"featured_media":0,"comment_status":"closed","ping_status":"open","sticky":false,"template":"","format":"standard","meta":[],"categories":[1],"tags":[],"_links":{"self":[{"href":"http:\/\/www.ralfkropp.de\/radreisen\/wordpress\/wp-json\/wp\/v2\/posts\/1759"}],"collection":[{"href":"http:\/\/www.ralfkropp.de\/radreisen\/wordpress\/wp-json\/wp\/v2\/posts"}],"about":[{"href":"http:\/\/www.ralfkropp.de\/radreisen\/wordpress\/wp-json\/wp\/v2\/types\/post"}],"author":[{"embeddable":true,"href":"http:\/\/www.ralfkropp.de\/radreisen\/wordpress\/wp-json\/wp\/v2\/users\/1"}],"replies":[{"embeddable":true,"href":"http:\/\/www.ralfkropp.de\/radreisen\/wordpress\/wp-json\/wp\/v2\/comments?post=1759"}],"version-history":[{"count":2,"href":"http:\/\/www.ralfkropp.de\/radreisen\/wordpress\/wp-json\/wp\/v2\/posts\/1759\/revisions"}],"predecessor-version":[{"id":2153,"href":"http:\/\/www.ralfkropp.de\/radreisen\/wordpress\/wp-json\/wp\/v2\/posts\/1759\/revisions\/2153"}],"wp:attachment":[{"href":"http:\/\/www.ralfkropp.de\/radreisen\/wordpress\/wp-json\/wp\/v2\/media?parent=1759"}],"wp:term":[{"taxonomy":"category","embeddable":true,"href":"http:\/\/www.ralfkropp.de\/radreisen\/wordpress\/wp-json\/wp\/v2\/categories?post=1759"},{"taxonomy":"post_tag","embeddable":true,"href":"http:\/\/www.ralfkropp.de\/radreisen\/wordpress\/wp-json\/wp\/v2\/tags?post=1759"}],"curies":[{"name":"wp","href":"https:\/\/api.w.org\/{rel}","templated":true}]}}