{"id":1764,"date":"2020-03-03T21:38:39","date_gmt":"2020-03-03T21:38:39","guid":{"rendered":"http:\/\/www.ralfkropp.de\/radreisen\/wordpress\/?p=1764"},"modified":"2020-03-03T21:43:59","modified_gmt":"2020-03-03T21:43:59","slug":"19-12-2019-torres-del-paine-villa-cerro-castillo","status":"publish","type":"post","link":"http:\/\/www.ralfkropp.de\/radreisen\/wordpress\/19-12-2019-torres-del-paine-villa-cerro-castillo\/","title":{"rendered":"19.12.2019 Torres del Paine &#8211; Villa Cerro Castillo"},"content":{"rendered":"\n<p><span style=\"color: #000000;\"><span style=\"font-family: Helvetica Neue, serif;\"><span style=\"font-size: xx-small;\"><span style=\"font-family: Arial, sans-serif;\"><span style=\"font-size: small;\">Fr\u00fcher Aufbruch um nicht mit den Massen mitlaufen zu m\u00fcssen. Ein paar junge Argentinier, bewaffnet mit Laufst\u00f6cken, wollen es mir zeigen, wie schnell und fit sie sind. Muss auch richtig Gas geben um mit zu halten. Erst als es etwas flacher wird kann ich sie abh\u00e4ngen. Oben am Torres del Paine angekommen, ist keine Wolke zu sehen und man kann die schroffen Felsnadeln im Wasser gespiegelt sehen. <\/span><\/span><\/span><\/span><\/span><\/p>\n<p><a href=\"http:\/\/www.ralfkropp.de\/radreisen\/wordpress\/wp-content\/uploads\/2020\/03\/PC193976-scaled.jpg\"><img decoding=\"async\" loading=\"lazy\" class=\"size-medium wp-image-1765\" src=\"http:\/\/www.ralfkropp.de\/radreisen\/wordpress\/wp-content\/uploads\/2020\/03\/PC193976-300x225.jpg\" alt=\"\" width=\"300\" height=\"225\" srcset=\"http:\/\/www.ralfkropp.de\/radreisen\/wordpress\/wp-content\/uploads\/2020\/03\/PC193976-300x225.jpg 300w, http:\/\/www.ralfkropp.de\/radreisen\/wordpress\/wp-content\/uploads\/2020\/03\/PC193976-1024x768.jpg 1024w, http:\/\/www.ralfkropp.de\/radreisen\/wordpress\/wp-content\/uploads\/2020\/03\/PC193976-768x576.jpg 768w, http:\/\/www.ralfkropp.de\/radreisen\/wordpress\/wp-content\/uploads\/2020\/03\/PC193976-1536x1152.jpg 1536w, http:\/\/www.ralfkropp.de\/radreisen\/wordpress\/wp-content\/uploads\/2020\/03\/PC193976-2048x1536.jpg 2048w\" sizes=\"(max-width: 300px) 100vw, 300px\" \/><\/a><\/p>\n<p><a href=\"http:\/\/www.ralfkropp.de\/radreisen\/wordpress\/wp-content\/uploads\/2020\/03\/PC193985-scaled.jpg\"><img decoding=\"async\" loading=\"lazy\" class=\" wp-image-1766\" src=\"http:\/\/www.ralfkropp.de\/radreisen\/wordpress\/wp-content\/uploads\/2020\/03\/PC193985-300x225.jpg\" alt=\"\" width=\"189\" height=\"142\" srcset=\"http:\/\/www.ralfkropp.de\/radreisen\/wordpress\/wp-content\/uploads\/2020\/03\/PC193985-300x225.jpg 300w, http:\/\/www.ralfkropp.de\/radreisen\/wordpress\/wp-content\/uploads\/2020\/03\/PC193985-1024x768.jpg 1024w, http:\/\/www.ralfkropp.de\/radreisen\/wordpress\/wp-content\/uploads\/2020\/03\/PC193985-768x576.jpg 768w, http:\/\/www.ralfkropp.de\/radreisen\/wordpress\/wp-content\/uploads\/2020\/03\/PC193985-1536x1152.jpg 1536w, http:\/\/www.ralfkropp.de\/radreisen\/wordpress\/wp-content\/uploads\/2020\/03\/PC193985-2048x1536.jpg 2048w\" sizes=\"(max-width: 189px) 100vw, 189px\" \/><\/a><\/p>\n<p><a href=\"http:\/\/www.ralfkropp.de\/radreisen\/wordpress\/wp-content\/uploads\/2020\/03\/PC193993-95-scaled.jpg\"><img decoding=\"async\" loading=\"lazy\" class=\"wp-image-1767 alignright\" src=\"http:\/\/www.ralfkropp.de\/radreisen\/wordpress\/wp-content\/uploads\/2020\/03\/PC193993-95-300x124.jpg\" alt=\"\" width=\"230\" height=\"95\" srcset=\"http:\/\/www.ralfkropp.de\/radreisen\/wordpress\/wp-content\/uploads\/2020\/03\/PC193993-95-300x124.jpg 300w, http:\/\/www.ralfkropp.de\/radreisen\/wordpress\/wp-content\/uploads\/2020\/03\/PC193993-95-1024x423.jpg 1024w, http:\/\/www.ralfkropp.de\/radreisen\/wordpress\/wp-content\/uploads\/2020\/03\/PC193993-95-768x317.jpg 768w, http:\/\/www.ralfkropp.de\/radreisen\/wordpress\/wp-content\/uploads\/2020\/03\/PC193993-95-1536x635.jpg 1536w, http:\/\/www.ralfkropp.de\/radreisen\/wordpress\/wp-content\/uploads\/2020\/03\/PC193993-95-2048x847.jpg 2048w\" sizes=\"(max-width: 230px) 100vw, 230px\" \/><\/a><\/p>\n<p><a href=\"http:\/\/www.ralfkropp.de\/radreisen\/wordpress\/wp-content\/uploads\/2020\/03\/PC193999-scaled.jpg\"><img decoding=\"async\" loading=\"lazy\" class=\" wp-image-1768\" src=\"http:\/\/www.ralfkropp.de\/radreisen\/wordpress\/wp-content\/uploads\/2020\/03\/PC193999-300x225.jpg\" alt=\"\" width=\"216\" height=\"162\" srcset=\"http:\/\/www.ralfkropp.de\/radreisen\/wordpress\/wp-content\/uploads\/2020\/03\/PC193999-300x225.jpg 300w, http:\/\/www.ralfkropp.de\/radreisen\/wordpress\/wp-content\/uploads\/2020\/03\/PC193999-1024x768.jpg 1024w, http:\/\/www.ralfkropp.de\/radreisen\/wordpress\/wp-content\/uploads\/2020\/03\/PC193999-768x576.jpg 768w, http:\/\/www.ralfkropp.de\/radreisen\/wordpress\/wp-content\/uploads\/2020\/03\/PC193999-1536x1152.jpg 1536w, http:\/\/www.ralfkropp.de\/radreisen\/wordpress\/wp-content\/uploads\/2020\/03\/PC193999-2048x1536.jpg 2048w\" sizes=\"(max-width: 216px) 100vw, 216px\" \/><\/a><\/p>\n<p><span style=\"color: #000000;\"><span style=\"font-family: Helvetica Neue, serif;\"><span style=\"font-size: xx-small;\"><span style=\"font-family: Arial, sans-serif;\"><span style=\"font-size: small;\">Der Weg zur\u00fcck zieht sich und ein leichtes Hungergef\u00fchl kommt auf. Im Willkommencenter gibt es wieder gutes Essen, doch leider wieder nur f\u00fcr Hotelg\u00e4ste. Neidisch schaue ich auf den Salat eines ziemlich dicken Argentiniers. Er i\u00dft dann auch nur seine Spagetti Bolognese und seinen Nachttisch. Als er sich verzieht, ist die Bedienung nicht schnell genug mit abr\u00e4umen und so schnappe ich mir den Salat. Dummerweise habe ich kein Besteck und danach zu fragen traue ich mich nicht. So esse ich den k\u00f6stlichen Rote-Bete-Salat mit seinem Salatbesteck.<\/span><\/span><\/span><\/span><\/span><\/p>\n<p><a href=\"http:\/\/www.ralfkropp.de\/radreisen\/wordpress\/wp-content\/uploads\/2020\/03\/PC194022-scaled.jpg\"><img decoding=\"async\" loading=\"lazy\" class=\"size-medium wp-image-1769\" src=\"http:\/\/www.ralfkropp.de\/radreisen\/wordpress\/wp-content\/uploads\/2020\/03\/PC194022-300x225.jpg\" alt=\"\" width=\"300\" height=\"225\" srcset=\"http:\/\/www.ralfkropp.de\/radreisen\/wordpress\/wp-content\/uploads\/2020\/03\/PC194022-300x225.jpg 300w, http:\/\/www.ralfkropp.de\/radreisen\/wordpress\/wp-content\/uploads\/2020\/03\/PC194022-1024x768.jpg 1024w, http:\/\/www.ralfkropp.de\/radreisen\/wordpress\/wp-content\/uploads\/2020\/03\/PC194022-768x576.jpg 768w, http:\/\/www.ralfkropp.de\/radreisen\/wordpress\/wp-content\/uploads\/2020\/03\/PC194022-1536x1152.jpg 1536w, http:\/\/www.ralfkropp.de\/radreisen\/wordpress\/wp-content\/uploads\/2020\/03\/PC194022-2048x1536.jpg 2048w\" sizes=\"(max-width: 300px) 100vw, 300px\" \/><\/a><\/p>\n<p><span style=\"color: #000000;\"><span style=\"font-family: Helvetica Neue, serif;\"><span style=\"font-size: xx-small;\"><span style=\"font-family: Arial, sans-serif;\"><span style=\"font-size: small;\"> Schnell mein Gep\u00e4ck eingepackt geht es weiter Richtung Grenze. Au\u00dferhalb des Parks gibt es noch eine sehr sch\u00f6ne Stromschnelle im Fluss, zwar ist ein kleiner Abstecher n\u00f6tig, doch dieser lohnt sich.<\/span><\/span><span style=\"font-family: Arial, sans-serif;\"><span style=\"font-size: small;\">\u00a0<\/span><\/span><\/span><\/span><\/span><\/p>\n<p><a href=\"http:\/\/www.ralfkropp.de\/radreisen\/wordpress\/wp-content\/uploads\/2020\/03\/PC194025-28-scaled.jpg\"><img decoding=\"async\" loading=\"lazy\" class=\"alignnone size-medium wp-image-1771\" src=\"http:\/\/www.ralfkropp.de\/radreisen\/wordpress\/wp-content\/uploads\/2020\/03\/PC194025-28-300x101.jpg\" alt=\"\" width=\"300\" height=\"101\" srcset=\"http:\/\/www.ralfkropp.de\/radreisen\/wordpress\/wp-content\/uploads\/2020\/03\/PC194025-28-300x101.jpg 300w, http:\/\/www.ralfkropp.de\/radreisen\/wordpress\/wp-content\/uploads\/2020\/03\/PC194025-28-1024x345.jpg 1024w, http:\/\/www.ralfkropp.de\/radreisen\/wordpress\/wp-content\/uploads\/2020\/03\/PC194025-28-768x259.jpg 768w, http:\/\/www.ralfkropp.de\/radreisen\/wordpress\/wp-content\/uploads\/2020\/03\/PC194025-28-1536x518.jpg 1536w, http:\/\/www.ralfkropp.de\/radreisen\/wordpress\/wp-content\/uploads\/2020\/03\/PC194025-28-2048x691.jpg 2048w\" sizes=\"(max-width: 300px) 100vw, 300px\" \/><\/a><\/p>\n<p><a href=\"http:\/\/www.ralfkropp.de\/radreisen\/wordpress\/wp-content\/uploads\/2020\/03\/PC194033-scaled.jpg\"><img decoding=\"async\" loading=\"lazy\" class=\"size-medium wp-image-1770\" src=\"http:\/\/www.ralfkropp.de\/radreisen\/wordpress\/wp-content\/uploads\/2020\/03\/PC194033-300x128.jpg\" alt=\"\" width=\"300\" height=\"128\" srcset=\"http:\/\/www.ralfkropp.de\/radreisen\/wordpress\/wp-content\/uploads\/2020\/03\/PC194033-300x128.jpg 300w, http:\/\/www.ralfkropp.de\/radreisen\/wordpress\/wp-content\/uploads\/2020\/03\/PC194033-1024x437.jpg 1024w, http:\/\/www.ralfkropp.de\/radreisen\/wordpress\/wp-content\/uploads\/2020\/03\/PC194033-768x328.jpg 768w, http:\/\/www.ralfkropp.de\/radreisen\/wordpress\/wp-content\/uploads\/2020\/03\/PC194033-1536x656.jpg 1536w, http:\/\/www.ralfkropp.de\/radreisen\/wordpress\/wp-content\/uploads\/2020\/03\/PC194033-2048x875.jpg 2048w\" sizes=\"(max-width: 300px) 100vw, 300px\" \/><\/a><\/p>\n<p><span style=\"color: #000000;\"><span style=\"font-family: Helvetica Neue, serif;\"><span style=\"font-size: xx-small;\"><span style=\"font-family: Arial, sans-serif;\"><span style=\"font-size: small;\">An der Grenze komme ich um 20 Uhr an, so dass sich ein Weiterfahren nicht mehr lohnt. Entweder im Busterminal Zelt aufbauen, oder die teure Estancia (135 US$) nehmen. Ich entscheide mich f\u00fcr die Estancia, die mit allem Komfort ausgestattet ist. Von einem australischen P\u00e4rchen erfahre ich, das sie ausgeraubt wurden. Ein Auto hatte vor ihnen gestoppt und ihnen per Handzeichen angedeutet, dass mit ihrem Auto etwas nicht in Ordnung sei. Abgelenkt bemerken sie nicht wie ein Reifen angestochen wird. Hilfsbereit wird das Rad gewechselt, leider verschwinden dabei zwei Tagesrucks\u00e4cke mit allem Geld und Wertsachen. Man bedankt sich noch f\u00fcr die Hilfsbereitschaft und alle sind ruckzuck verschwunden, bevor man den Diebstahl bemerkt.<\/span><\/span><\/span><\/span><\/span><\/p>\n<p>%MCEPASTEBIN%<\/p>\n<div class=\"facebook-like\"><fb:like layout=\"standard\" show_faces=\"true\" href=\"http:\/\/www.ralfkropp.de\/radreisen\/wordpress\/19-12-2019-torres-del-paine-villa-cerro-castillo\/\"><\/fb:like><\/div>","protected":false},"excerpt":{"rendered":"<p>Fr\u00fcher Aufbruch um nicht mit den Massen mitlaufen zu m\u00fcssen. Ein paar junge Argentinier, bewaffnet mit Laufst\u00f6cken, wollen es mir zeigen, wie schnell und fit sie sind. Muss auch richtig Gas geben um mit zu halten. Erst als es etwas [&hellip;] <a class=\"more-link\" href=\"http:\/\/www.ralfkropp.de\/radreisen\/wordpress\/19-12-2019-torres-del-paine-villa-cerro-castillo\/\">Kompletten Beitrag lesen&#8230;<\/a><\/p>\n","protected":false},"author":1,"featured_media":0,"comment_status":"closed","ping_status":"open","sticky":false,"template":"","format":"standard","meta":[],"categories":[1],"tags":[],"_links":{"self":[{"href":"http:\/\/www.ralfkropp.de\/radreisen\/wordpress\/wp-json\/wp\/v2\/posts\/1764"}],"collection":[{"href":"http:\/\/www.ralfkropp.de\/radreisen\/wordpress\/wp-json\/wp\/v2\/posts"}],"about":[{"href":"http:\/\/www.ralfkropp.de\/radreisen\/wordpress\/wp-json\/wp\/v2\/types\/post"}],"author":[{"embeddable":true,"href":"http:\/\/www.ralfkropp.de\/radreisen\/wordpress\/wp-json\/wp\/v2\/users\/1"}],"replies":[{"embeddable":true,"href":"http:\/\/www.ralfkropp.de\/radreisen\/wordpress\/wp-json\/wp\/v2\/comments?post=1764"}],"version-history":[{"count":5,"href":"http:\/\/www.ralfkropp.de\/radreisen\/wordpress\/wp-json\/wp\/v2\/posts\/1764\/revisions"}],"predecessor-version":[{"id":1780,"href":"http:\/\/www.ralfkropp.de\/radreisen\/wordpress\/wp-json\/wp\/v2\/posts\/1764\/revisions\/1780"}],"wp:attachment":[{"href":"http:\/\/www.ralfkropp.de\/radreisen\/wordpress\/wp-json\/wp\/v2\/media?parent=1764"}],"wp:term":[{"taxonomy":"category","embeddable":true,"href":"http:\/\/www.ralfkropp.de\/radreisen\/wordpress\/wp-json\/wp\/v2\/categories?post=1764"},{"taxonomy":"post_tag","embeddable":true,"href":"http:\/\/www.ralfkropp.de\/radreisen\/wordpress\/wp-json\/wp\/v2\/tags?post=1764"}],"curies":[{"name":"wp","href":"https:\/\/api.w.org\/{rel}","templated":true}]}}