{"id":1783,"date":"2020-03-04T07:28:17","date_gmt":"2020-03-04T07:28:17","guid":{"rendered":"http:\/\/www.ralfkropp.de\/radreisen\/wordpress\/?p=1783"},"modified":"2020-03-04T07:46:50","modified_gmt":"2020-03-04T07:46:50","slug":"20-12-2018-villa-cerro-castillo-hazienda-am-rio-bote","status":"publish","type":"post","link":"http:\/\/www.ralfkropp.de\/radreisen\/wordpress\/20-12-2018-villa-cerro-castillo-hazienda-am-rio-bote\/","title":{"rendered":"20.12.2018 Villa Cerro Castillo &#8211; Hazienda am Rio Bote"},"content":{"rendered":"\n<p><iframe loading=\"lazy\" class=\"alltrails\" title=\"AllTrails: Trail Guides and Maps for Hiking, Camping, and Running\" src=\"https:\/\/www.alltrails.com\/widget\/recording\/villa-cerro-castillo-rio-bote?u=m\" width=\"100%\" height=\"400\" frameborder=\"0\" marginwidth=\"0\" marginheight=\"0\" scrolling=\"no\"><\/iframe><\/p>\n<p><span style=\"color: #000000;\"><span style=\"font-family: Helvetica Neue, serif;\"><span style=\"font-size: xx-small;\"><span style=\"font-family: Arial, sans-serif;\"><span style=\"font-size: small;\">Ich stehe um Punkt 8 Uhr an der Grenze, bekomme meinen Ausreisestempel und radle zur argentinischen Seite. Vorbei ist es wieder mit Teer oder Betonstra\u00dfe. Die Ruta National 40 biegt ab und ich nehme die Schotterpiste. Die andere Stra\u00dfe w\u00e4re wieder nach kurzer Zeit asphaltiert gewesen. Es rollt auf dem Schotter aber gut, da der R\u00fcckenwind schiebt. Hinzu kommt, dass ich die n\u00e4chsten 40 km f\u00fcr mich habe. Keiner sonst scheint die Piste zu nehmen.<\/span><\/span><\/span><\/span><\/span><\/p>\n<p><a href=\"http:\/\/www.ralfkropp.de\/radreisen\/wordpress\/wp-content\/uploads\/2020\/03\/PC204050-scaled.jpg\"><img decoding=\"async\" loading=\"lazy\" class=\"size-medium wp-image-1786\" src=\"http:\/\/www.ralfkropp.de\/radreisen\/wordpress\/wp-content\/uploads\/2020\/03\/PC204050-300x225.jpg\" alt=\"\" width=\"300\" height=\"225\" \/><\/a><\/p>\n<p><span style=\"color: #000000;\"><span style=\"font-family: Helvetica Neue, serif;\"><span style=\"font-size: xx-small;\"><span style=\"font-family: Arial, sans-serif;\"><span style=\"font-size: small;\">Es kommen zwar Gedanken auf, dass sie abrupt endet oder viel schlechter wird. Als ich wieder auf die andere Stra\u00dfe sto\u00dfe, genie\u00dfe ich f\u00fcr 10 km Asphalt. Dann zweigt wieder die RN 40 ab und diesmal muss ich sie auch nehmen, denn es ist eine Abk\u00fcrzung von 70 km. Leider soll sie in einem sehr schlechten Zustand sein. Doch das kann ich nicht best\u00e4tigt. Als Radler hat man ja immer die M\u00f6glichkeit sich die beste Spur aus zu suchen. Treffe Nancy und Dave, zwei Australier die in Alaska gestartet sind und jetzt noch nach Ushuaia radeln, bevor es f\u00fcr sie wieder in Richtung Heimat geht. Da bin ich schon wieder richtig neidisch.<\/span><\/span><\/span><\/span><\/span><\/p>\n<div id=\"attachment_1785\" style=\"width: 310px\" class=\"wp-caption alignleft\"><a href=\"http:\/\/www.ralfkropp.de\/radreisen\/wordpress\/wp-content\/uploads\/2020\/03\/PC204049-scaled.jpg\"><img aria-describedby=\"caption-attachment-1785\" decoding=\"async\" loading=\"lazy\" class=\"size-medium wp-image-1785\" src=\"http:\/\/www.ralfkropp.de\/radreisen\/wordpress\/wp-content\/uploads\/2020\/03\/PC204049-300x225.jpg\" alt=\"\" width=\"300\" height=\"225\" srcset=\"http:\/\/www.ralfkropp.de\/radreisen\/wordpress\/wp-content\/uploads\/2020\/03\/PC204049-300x225.jpg 300w, http:\/\/www.ralfkropp.de\/radreisen\/wordpress\/wp-content\/uploads\/2020\/03\/PC204049-1024x768.jpg 1024w, http:\/\/www.ralfkropp.de\/radreisen\/wordpress\/wp-content\/uploads\/2020\/03\/PC204049-768x576.jpg 768w, http:\/\/www.ralfkropp.de\/radreisen\/wordpress\/wp-content\/uploads\/2020\/03\/PC204049-1536x1152.jpg 1536w, http:\/\/www.ralfkropp.de\/radreisen\/wordpress\/wp-content\/uploads\/2020\/03\/PC204049-2048x1536.jpg 2048w\" sizes=\"(max-width: 300px) 100vw, 300px\" \/><\/a><p id=\"caption-attachment-1785\" class=\"wp-caption-text\">OLYMPUS DIGITAL CAMERA<\/p><\/div>\n<p><span style=\"color: #000000;\"><span style=\"font-family: Helvetica Neue, serif;\"><span style=\"font-size: xx-small;\"><span style=\"font-family: Arial, sans-serif;\"><span style=\"font-size: small;\">Als ich das zweite Radlerp\u00e4rchen treffe, habe ich die Schotterpiste bereits verlassen und muss mich wieder \u00fcber die an mir vorbei rasenden Autofahrer \u00e4rgern. Der Wind wird immer st\u00e4rker und meine Hoffnungen schwinden, dass ich El Calafate an diesem Tag noch erreichen kann. Es geht \u00fcber 40 km stetig sachte bergauf, aber das w\u00fcrde mich kein bisschen st\u00f6ren, wenn nur der Wind nicht immer st\u00e4rker werden w\u00fcrde. Meine Geschwindigkeit ist auf unter 10 km\/h gesunken. Am Pass angekommen muss ich dann auch noch feststellen, dass ich runter auch richtig auf die Pedale treten muss um vorw\u00e4rts zu kommen. 7% Gef\u00e4lle und man muss kr\u00e4ftig treten. An die 212 km ist nicht mehr zu denken. Um 21 Uhr geht nichts mehr, so versuche ich noch zu trampen, doch die paar Autos die<\/span><\/span><span style=\"font-family: Arial, sans-serif;\"><span style=\"font-size: small;\">\u00a0 <\/span><\/span><span style=\"font-family: Arial, sans-serif;\"><span style=\"font-size: small;\">kommen, rauschen an mir vorbei.<\/span><\/span><span style=\"font-family: Arial, sans-serif;\"><span style=\"font-size: small;\">\u00a0<\/span><\/span><\/span><\/span><\/span><\/p>\n<p><span style=\"color: #000000;\"><span style=\"font-family: Helvetica Neue, serif;\"><span style=\"font-size: xx-small;\"><span style=\"font-family: Arial, sans-serif;\"><span style=\"font-size: small;\">Aus einer verlassenen Hazienda winkt man mir, ich sollte doch kommen. Der Bewacher des Landgutes bietet mir einen kleinen Raum zum schlafen an. Nicht gerade der sauberste, aber mir bleibt keine andere Wahl. Die Stra\u00dfenr\u00e4nder sind alle begrenzt mit Z\u00e4unen und Windschatten f\u00fcr einen Zeltaufbau findet man auch keinen.<\/span><\/span><\/span><\/span><\/span><\/p>\n<p>%MCEPASTEBIN%<\/p>\n<div class=\"facebook-like\"><fb:like layout=\"standard\" show_faces=\"true\" href=\"http:\/\/www.ralfkropp.de\/radreisen\/wordpress\/20-12-2018-villa-cerro-castillo-hazienda-am-rio-bote\/\"><\/fb:like><\/div>","protected":false},"excerpt":{"rendered":"<p>Ich stehe um Punkt 8 Uhr an der Grenze, bekomme meinen Ausreisestempel und radle zur argentinischen Seite. Vorbei ist es wieder mit Teer oder Betonstra\u00dfe. Die Ruta National 40 biegt ab und ich nehme die Schotterpiste. Die andere Stra\u00dfe w\u00e4re [&hellip;] <a class=\"more-link\" href=\"http:\/\/www.ralfkropp.de\/radreisen\/wordpress\/20-12-2018-villa-cerro-castillo-hazienda-am-rio-bote\/\">Kompletten Beitrag lesen&#8230;<\/a><\/p>\n","protected":false},"author":1,"featured_media":0,"comment_status":"closed","ping_status":"open","sticky":false,"template":"","format":"standard","meta":[],"categories":[1],"tags":[],"_links":{"self":[{"href":"http:\/\/www.ralfkropp.de\/radreisen\/wordpress\/wp-json\/wp\/v2\/posts\/1783"}],"collection":[{"href":"http:\/\/www.ralfkropp.de\/radreisen\/wordpress\/wp-json\/wp\/v2\/posts"}],"about":[{"href":"http:\/\/www.ralfkropp.de\/radreisen\/wordpress\/wp-json\/wp\/v2\/types\/post"}],"author":[{"embeddable":true,"href":"http:\/\/www.ralfkropp.de\/radreisen\/wordpress\/wp-json\/wp\/v2\/users\/1"}],"replies":[{"embeddable":true,"href":"http:\/\/www.ralfkropp.de\/radreisen\/wordpress\/wp-json\/wp\/v2\/comments?post=1783"}],"version-history":[{"count":2,"href":"http:\/\/www.ralfkropp.de\/radreisen\/wordpress\/wp-json\/wp\/v2\/posts\/1783\/revisions"}],"predecessor-version":[{"id":1788,"href":"http:\/\/www.ralfkropp.de\/radreisen\/wordpress\/wp-json\/wp\/v2\/posts\/1783\/revisions\/1788"}],"wp:attachment":[{"href":"http:\/\/www.ralfkropp.de\/radreisen\/wordpress\/wp-json\/wp\/v2\/media?parent=1783"}],"wp:term":[{"taxonomy":"category","embeddable":true,"href":"http:\/\/www.ralfkropp.de\/radreisen\/wordpress\/wp-json\/wp\/v2\/categories?post=1783"},{"taxonomy":"post_tag","embeddable":true,"href":"http:\/\/www.ralfkropp.de\/radreisen\/wordpress\/wp-json\/wp\/v2\/tags?post=1783"}],"curies":[{"name":"wp","href":"https:\/\/api.w.org\/{rel}","templated":true}]}}