{"id":1808,"date":"2020-03-04T16:48:52","date_gmt":"2020-03-04T16:48:52","guid":{"rendered":"http:\/\/www.ralfkropp.de\/radreisen\/wordpress\/?p=1808"},"modified":"2020-03-04T16:54:24","modified_gmt":"2020-03-04T16:54:24","slug":"23-12-2018-el-calafate-schuppen","status":"publish","type":"post","link":"http:\/\/www.ralfkropp.de\/radreisen\/wordpress\/23-12-2018-el-calafate-schuppen\/","title":{"rendered":"23.12.2018 El Calafate &#8211; Schuppen"},"content":{"rendered":"\n<p><iframe loading=\"lazy\" class=\"alltrails\" title=\"AllTrails: Trail Guides and Maps for Hiking, Camping, and Running\" src=\"https:\/\/www.alltrails.com\/widget\/recording\/el-calafate-retende-stillgelegter-mini-schuppen?u=m\" width=\"100%\" height=\"400\" frameborder=\"0\" marginwidth=\"0\" marginheight=\"0\" scrolling=\"no\"><\/iframe><\/p>\n<p><span style=\"color: #000000;\"><span style=\"font-family: Helvetica Neue, serif;\"><span style=\"font-size: xx-small;\"><span style=\"font-family: Arial, sans-serif;\"><span style=\"font-size: small;\">Fr\u00fch breche ich auf und muss leider feststellen, dass ich Gegenwind habe obwohl ich Richtung Osten fahre. Unglaublich denn zu 99 % kommt der Wind aus Richtung Westen. C`est la vie!<\/span><\/span><span style=\"font-family: Arial, sans-serif;\"><span style=\"font-size: small;\">\u00a0 <\/span><\/span><span style=\"font-family: Arial, sans-serif;\"><span style=\"font-size: small;\">Als ich dann nach 32 km Richtung Norden abbiege, dreht der Wind und ich habe wieder Gegenwind. Das darf doch nicht war sein. Aber es kommt noch schlimmer, denn die Windgeschwindigkeit nimmt weiter zu. Nach 107 km kommt ein Hotel, wo ich meine Wasserreserven auff\u00fcllen muss. Mittlerweile bin ich 12 Radlern begegnet. Dem Franzosen, dem ich schon kurz hinter Punta Arenas begegnet bin, 4 Holl\u00e4nder, zwei Deutsche, zwei keine Ahnung welche Nationalit\u00e4t, da sie einfach vorbei geradelt<\/span><\/span><span style=\"font-family: Arial, sans-serif;\"><span style=\"font-size: small;\">\u00a0 <\/span><\/span><span style=\"font-family: Arial, sans-serif;\"><span style=\"font-size: small;\">sind, ein Japaner und ein P\u00e4rchen aus D\u00e4nemark. Alle nutzen den starken R\u00fcckenwind. Ich scheine der einzige Vollidiot zu sein, der gegen ank\u00e4mpft. Es kommt aber auch ein St\u00fcck, ca. 5 km, wo mich der Wind schiebt. Brauche nicht treten und rolle mit 45 km\/h dahin und der Wind schie\u00dft nur so an mir vorbei. Das mag ja noch lustig werden, denn sp\u00e4ter muss ich am See entlang fahren, wo der Wind mir voll entgegen blassen wird.<\/span><\/span><span style=\"font-family: Arial, sans-serif;\"><span style=\"font-size: small;\">\u00a0<\/span><\/span><\/span><\/span><\/span><\/p>\n<p><a href=\"http:\/\/www.ralfkropp.de\/radreisen\/wordpress\/wp-content\/uploads\/2020\/03\/PC244283-90-scaled.jpg\"><img decoding=\"async\" loading=\"lazy\" class=\"size-medium wp-image-1813 alignleft\" src=\"http:\/\/www.ralfkropp.de\/radreisen\/wordpress\/wp-content\/uploads\/2020\/03\/PC244283-90-300x98.jpg\" alt=\"\" width=\"300\" height=\"98\" srcset=\"http:\/\/www.ralfkropp.de\/radreisen\/wordpress\/wp-content\/uploads\/2020\/03\/PC244283-90-300x98.jpg 300w, http:\/\/www.ralfkropp.de\/radreisen\/wordpress\/wp-content\/uploads\/2020\/03\/PC244283-90-1024x335.jpg 1024w, http:\/\/www.ralfkropp.de\/radreisen\/wordpress\/wp-content\/uploads\/2020\/03\/PC244283-90-768x251.jpg 768w, http:\/\/www.ralfkropp.de\/radreisen\/wordpress\/wp-content\/uploads\/2020\/03\/PC244283-90-1536x502.jpg 1536w, http:\/\/www.ralfkropp.de\/radreisen\/wordpress\/wp-content\/uploads\/2020\/03\/PC244283-90-2048x670.jpg 2048w\" sizes=\"(max-width: 300px) 100vw, 300px\" \/><\/a><\/p>\n<p><a href=\"http:\/\/www.ralfkropp.de\/radreisen\/wordpress\/wp-content\/uploads\/2020\/03\/PC234270-scaled.jpg\"><img decoding=\"async\" loading=\"lazy\" class=\" wp-image-1812\" src=\"http:\/\/www.ralfkropp.de\/radreisen\/wordpress\/wp-content\/uploads\/2020\/03\/PC234270-300x225.jpg\" alt=\"\" width=\"280\" height=\"210\" srcset=\"http:\/\/www.ralfkropp.de\/radreisen\/wordpress\/wp-content\/uploads\/2020\/03\/PC234270-300x225.jpg 300w, http:\/\/www.ralfkropp.de\/radreisen\/wordpress\/wp-content\/uploads\/2020\/03\/PC234270-1024x768.jpg 1024w, http:\/\/www.ralfkropp.de\/radreisen\/wordpress\/wp-content\/uploads\/2020\/03\/PC234270-768x576.jpg 768w, http:\/\/www.ralfkropp.de\/radreisen\/wordpress\/wp-content\/uploads\/2020\/03\/PC234270-1536x1152.jpg 1536w, http:\/\/www.ralfkropp.de\/radreisen\/wordpress\/wp-content\/uploads\/2020\/03\/PC234270-2048x1536.jpg 2048w\" sizes=\"(max-width: 280px) 100vw, 280px\" \/><\/a><\/p>\n<p><span style=\"color: #000000;\"><span style=\"font-family: Helvetica Neue, serif;\"><span style=\"font-size: xx-small;\"><span style=\"font-family: Arial, sans-serif;\"><span style=\"font-size: small;\">Ohne Schutz vor dem Wind, nicht einmal ein Strauch geschweige denn Baum oder B\u00e4umchen. So trete ich wieder voll in die Pedale. Die Geschwindigkeit sinkt, erst von 13 auf 12 dann auf 11 und 10 km\/h. Unter zehn will ich nicht, doch es passiert obwohl ich alles gebe. Ein LKW f\u00e4hrt an mir vorbei. Der Wind ist pl\u00f6tzlich weg und ich mache einen riesigen Schlenker und touchiere den LKW Anh\u00e4nger. Ich werde es nicht bis El Chalten schaffen und so schaue ich auf die Landkarte von iOverlander und finde einen verlassener Schuppen. Man braucht nur sein Rad \u00fcbern Zaun heben. Der Raum ist relativ sauber und mit einer Sperrholzplatte kann man die T\u00fcr verschlie\u00dfen. Genie\u00dfe mein schon in El Calafate gemachten Salat und das gute Brot aus der deutschen B\u00e4ckerei. Schlafe wie ein Stein.<\/span><\/span><\/span><\/span><\/span><\/p>\n<p>\u00a0<\/p>\n<div class=\"facebook-like\"><fb:like layout=\"standard\" show_faces=\"true\" href=\"http:\/\/www.ralfkropp.de\/radreisen\/wordpress\/23-12-2018-el-calafate-schuppen\/\"><\/fb:like><\/div>","protected":false},"excerpt":{"rendered":"<p>Fr\u00fch breche ich auf und muss leider feststellen, dass ich Gegenwind habe obwohl ich Richtung Osten fahre. Unglaublich denn zu 99 % kommt der Wind aus Richtung Westen. C`est la vie!\u00a0 Als ich dann nach 32 km Richtung Norden abbiege, [&hellip;] <a class=\"more-link\" href=\"http:\/\/www.ralfkropp.de\/radreisen\/wordpress\/23-12-2018-el-calafate-schuppen\/\">Kompletten Beitrag lesen&#8230;<\/a><\/p>\n","protected":false},"author":1,"featured_media":0,"comment_status":"closed","ping_status":"open","sticky":false,"template":"","format":"standard","meta":[],"categories":[1],"tags":[],"_links":{"self":[{"href":"http:\/\/www.ralfkropp.de\/radreisen\/wordpress\/wp-json\/wp\/v2\/posts\/1808"}],"collection":[{"href":"http:\/\/www.ralfkropp.de\/radreisen\/wordpress\/wp-json\/wp\/v2\/posts"}],"about":[{"href":"http:\/\/www.ralfkropp.de\/radreisen\/wordpress\/wp-json\/wp\/v2\/types\/post"}],"author":[{"embeddable":true,"href":"http:\/\/www.ralfkropp.de\/radreisen\/wordpress\/wp-json\/wp\/v2\/users\/1"}],"replies":[{"embeddable":true,"href":"http:\/\/www.ralfkropp.de\/radreisen\/wordpress\/wp-json\/wp\/v2\/comments?post=1808"}],"version-history":[{"count":2,"href":"http:\/\/www.ralfkropp.de\/radreisen\/wordpress\/wp-json\/wp\/v2\/posts\/1808\/revisions"}],"predecessor-version":[{"id":1814,"href":"http:\/\/www.ralfkropp.de\/radreisen\/wordpress\/wp-json\/wp\/v2\/posts\/1808\/revisions\/1814"}],"wp:attachment":[{"href":"http:\/\/www.ralfkropp.de\/radreisen\/wordpress\/wp-json\/wp\/v2\/media?parent=1808"}],"wp:term":[{"taxonomy":"category","embeddable":true,"href":"http:\/\/www.ralfkropp.de\/radreisen\/wordpress\/wp-json\/wp\/v2\/categories?post=1808"},{"taxonomy":"post_tag","embeddable":true,"href":"http:\/\/www.ralfkropp.de\/radreisen\/wordpress\/wp-json\/wp\/v2\/tags?post=1808"}],"curies":[{"name":"wp","href":"https:\/\/api.w.org\/{rel}","templated":true}]}}