{"id":1870,"date":"2020-03-05T13:25:27","date_gmt":"2020-03-05T13:25:27","guid":{"rendered":"http:\/\/www.ralfkropp.de\/radreisen\/wordpress\/?p=1870"},"modified":"2020-03-05T13:27:14","modified_gmt":"2020-03-05T13:27:14","slug":"27-12-2018-lago-del-desierto-camping-estancia-santa-teresita","status":"publish","type":"post","link":"http:\/\/www.ralfkropp.de\/radreisen\/wordpress\/27-12-2018-lago-del-desierto-camping-estancia-santa-teresita\/","title":{"rendered":"27.12. 2018 Lago del Desierto &#8211; Camping Estancia Santa Teresita"},"content":{"rendered":"\n<p><iframe loading=\"lazy\" class=\"alltrails\" title=\"AllTrails: Trail Guides and Maps for Hiking, Camping, and Running\" src=\"https:\/\/www.alltrails.com\/widget\/recording\/rio-canadon-de-los-torres-camping-estancia-santa-teresita?u=m\" width=\"100%\" height=\"400\" frameborder=\"0\" marginwidth=\"0\" marginheight=\"0\" scrolling=\"no\"><\/iframe><\/p>\n<p><span style=\"color: #000000;\"><span style=\"font-family: Helvetica Neue, serif;\"><span style=\"font-size: xx-small;\"><span style=\"font-family: Arial, sans-serif;\"><span style=\"font-size: small;\">Dominik, der Franzose ist auch an der F\u00e4hre und so schippern wir mit ein paar anderen Rucksacktouristen \u00fcber den See und machen uns dann auf den beschwerlichen Weg nach Chile. Die ersten Kilometer sind sehr steil und der Wanderpfad ziemlich ausgetreten, so dass wir neben dem Rad erh\u00f6ht schieben m\u00fcssen. Dominik ist etwas \u00fcberfordert, doch gemeinsam schaffen wir die ersten Anstiege. Auch bei Flussquerungen helfe ich ihm hin\u00fcber zu kommen. Auf dem einen Baumstamm schiebt man das Rad und auf dem anderen l\u00e4uft man selber. F\u00fcnf Bach\u00fcberquerungen sind zu meistern. In einem etwas sumpfigen Terrain versinkt mein Rad bis zur Rohloffnabe.<\/span><\/span><\/span><\/span><\/span><\/p>\n<p><a href=\"http:\/\/www.ralfkropp.de\/radreisen\/wordpress\/wp-content\/uploads\/2020\/03\/PC274609-scaled.jpg\"><img decoding=\"async\" loading=\"lazy\" class=\"wp-image-1872 alignleft\" src=\"http:\/\/www.ralfkropp.de\/radreisen\/wordpress\/wp-content\/uploads\/2020\/03\/PC274609-300x225.jpg\" alt=\"\" width=\"213\" height=\"160\" srcset=\"http:\/\/www.ralfkropp.de\/radreisen\/wordpress\/wp-content\/uploads\/2020\/03\/PC274609-300x225.jpg 300w, http:\/\/www.ralfkropp.de\/radreisen\/wordpress\/wp-content\/uploads\/2020\/03\/PC274609-1024x768.jpg 1024w, http:\/\/www.ralfkropp.de\/radreisen\/wordpress\/wp-content\/uploads\/2020\/03\/PC274609-768x576.jpg 768w, http:\/\/www.ralfkropp.de\/radreisen\/wordpress\/wp-content\/uploads\/2020\/03\/PC274609-1536x1152.jpg 1536w, http:\/\/www.ralfkropp.de\/radreisen\/wordpress\/wp-content\/uploads\/2020\/03\/PC274609-2048x1536.jpg 2048w\" sizes=\"(max-width: 213px) 100vw, 213px\" \/><\/a><\/p>\n<p><a href=\"http:\/\/www.ralfkropp.de\/radreisen\/wordpress\/wp-content\/uploads\/2020\/03\/PC274611-scaled.jpg\"><img decoding=\"async\" loading=\"lazy\" class=\"wp-image-1873 alignright\" src=\"http:\/\/www.ralfkropp.de\/radreisen\/wordpress\/wp-content\/uploads\/2020\/03\/PC274611-300x225.jpg\" alt=\"\" width=\"236\" height=\"177\" srcset=\"http:\/\/www.ralfkropp.de\/radreisen\/wordpress\/wp-content\/uploads\/2020\/03\/PC274611-300x225.jpg 300w, http:\/\/www.ralfkropp.de\/radreisen\/wordpress\/wp-content\/uploads\/2020\/03\/PC274611-1024x768.jpg 1024w, http:\/\/www.ralfkropp.de\/radreisen\/wordpress\/wp-content\/uploads\/2020\/03\/PC274611-768x576.jpg 768w, http:\/\/www.ralfkropp.de\/radreisen\/wordpress\/wp-content\/uploads\/2020\/03\/PC274611-1536x1152.jpg 1536w, http:\/\/www.ralfkropp.de\/radreisen\/wordpress\/wp-content\/uploads\/2020\/03\/PC274611-2048x1536.jpg 2048w\" sizes=\"(max-width: 236px) 100vw, 236px\" \/><\/a><\/p>\n<p><a href=\"http:\/\/www.ralfkropp.de\/radreisen\/wordpress\/wp-content\/uploads\/2020\/03\/PC274613-scaled.jpg\"><img decoding=\"async\" loading=\"lazy\" class=\"wp-image-1874 alignleft\" src=\"http:\/\/www.ralfkropp.de\/radreisen\/wordpress\/wp-content\/uploads\/2020\/03\/PC274613-300x225.jpg\" alt=\"\" width=\"194\" height=\"145\" srcset=\"http:\/\/www.ralfkropp.de\/radreisen\/wordpress\/wp-content\/uploads\/2020\/03\/PC274613-300x225.jpg 300w, http:\/\/www.ralfkropp.de\/radreisen\/wordpress\/wp-content\/uploads\/2020\/03\/PC274613-1024x768.jpg 1024w, http:\/\/www.ralfkropp.de\/radreisen\/wordpress\/wp-content\/uploads\/2020\/03\/PC274613-768x576.jpg 768w, http:\/\/www.ralfkropp.de\/radreisen\/wordpress\/wp-content\/uploads\/2020\/03\/PC274613-1536x1152.jpg 1536w, http:\/\/www.ralfkropp.de\/radreisen\/wordpress\/wp-content\/uploads\/2020\/03\/PC274613-2048x1536.jpg 2048w\" sizes=\"(max-width: 194px) 100vw, 194px\" \/><\/a><\/p>\n<p><a href=\"http:\/\/www.ralfkropp.de\/radreisen\/wordpress\/wp-content\/uploads\/2020\/03\/PC274618-scaled.jpg\"><img decoding=\"async\" loading=\"lazy\" class=\"wp-image-1875 alignright\" src=\"http:\/\/www.ralfkropp.de\/radreisen\/wordpress\/wp-content\/uploads\/2020\/03\/PC274618-300x225.jpg\" alt=\"\" width=\"177\" height=\"133\" srcset=\"http:\/\/www.ralfkropp.de\/radreisen\/wordpress\/wp-content\/uploads\/2020\/03\/PC274618-300x225.jpg 300w, http:\/\/www.ralfkropp.de\/radreisen\/wordpress\/wp-content\/uploads\/2020\/03\/PC274618-1024x768.jpg 1024w, http:\/\/www.ralfkropp.de\/radreisen\/wordpress\/wp-content\/uploads\/2020\/03\/PC274618-768x576.jpg 768w, http:\/\/www.ralfkropp.de\/radreisen\/wordpress\/wp-content\/uploads\/2020\/03\/PC274618-1536x1152.jpg 1536w, http:\/\/www.ralfkropp.de\/radreisen\/wordpress\/wp-content\/uploads\/2020\/03\/PC274618-2048x1536.jpg 2048w\" sizes=\"(max-width: 177px) 100vw, 177px\" \/><\/a><\/p>\n<p><a href=\"http:\/\/www.ralfkropp.de\/radreisen\/wordpress\/wp-content\/uploads\/2020\/03\/PC274620-scaled.jpg\"><img decoding=\"async\" loading=\"lazy\" class=\"wp-image-1876 alignleft\" src=\"http:\/\/www.ralfkropp.de\/radreisen\/wordpress\/wp-content\/uploads\/2020\/03\/PC274620-300x225.jpg\" alt=\"\" width=\"211\" height=\"158\" srcset=\"http:\/\/www.ralfkropp.de\/radreisen\/wordpress\/wp-content\/uploads\/2020\/03\/PC274620-300x225.jpg 300w, http:\/\/www.ralfkropp.de\/radreisen\/wordpress\/wp-content\/uploads\/2020\/03\/PC274620-1024x768.jpg 1024w, http:\/\/www.ralfkropp.de\/radreisen\/wordpress\/wp-content\/uploads\/2020\/03\/PC274620-768x576.jpg 768w, http:\/\/www.ralfkropp.de\/radreisen\/wordpress\/wp-content\/uploads\/2020\/03\/PC274620-1536x1152.jpg 1536w, http:\/\/www.ralfkropp.de\/radreisen\/wordpress\/wp-content\/uploads\/2020\/03\/PC274620-2048x1536.jpg 2048w\" sizes=\"(max-width: 211px) 100vw, 211px\" \/><\/a><\/p>\n<p><a href=\"http:\/\/www.ralfkropp.de\/radreisen\/wordpress\/wp-content\/uploads\/2020\/03\/PC274621-scaled.jpg\"><img decoding=\"async\" loading=\"lazy\" class=\"wp-image-1877 alignright\" src=\"http:\/\/www.ralfkropp.de\/radreisen\/wordpress\/wp-content\/uploads\/2020\/03\/PC274621-300x225.jpg\" alt=\"\" width=\"207\" height=\"155\" srcset=\"http:\/\/www.ralfkropp.de\/radreisen\/wordpress\/wp-content\/uploads\/2020\/03\/PC274621-300x225.jpg 300w, http:\/\/www.ralfkropp.de\/radreisen\/wordpress\/wp-content\/uploads\/2020\/03\/PC274621-1024x768.jpg 1024w, http:\/\/www.ralfkropp.de\/radreisen\/wordpress\/wp-content\/uploads\/2020\/03\/PC274621-768x576.jpg 768w, http:\/\/www.ralfkropp.de\/radreisen\/wordpress\/wp-content\/uploads\/2020\/03\/PC274621-1536x1152.jpg 1536w, http:\/\/www.ralfkropp.de\/radreisen\/wordpress\/wp-content\/uploads\/2020\/03\/PC274621-2048x1536.jpg 2048w\" sizes=\"(max-width: 207px) 100vw, 207px\" \/><\/a><\/p>\n<p><a href=\"http:\/\/www.ralfkropp.de\/radreisen\/wordpress\/wp-content\/uploads\/2020\/03\/PC274624-scaled.jpg\"><img decoding=\"async\" loading=\"lazy\" class=\" wp-image-1878\" src=\"http:\/\/www.ralfkropp.de\/radreisen\/wordpress\/wp-content\/uploads\/2020\/03\/PC274624-300x225.jpg\" alt=\"\" width=\"201\" height=\"151\" srcset=\"http:\/\/www.ralfkropp.de\/radreisen\/wordpress\/wp-content\/uploads\/2020\/03\/PC274624-300x225.jpg 300w, http:\/\/www.ralfkropp.de\/radreisen\/wordpress\/wp-content\/uploads\/2020\/03\/PC274624-1024x768.jpg 1024w, http:\/\/www.ralfkropp.de\/radreisen\/wordpress\/wp-content\/uploads\/2020\/03\/PC274624-768x576.jpg 768w, http:\/\/www.ralfkropp.de\/radreisen\/wordpress\/wp-content\/uploads\/2020\/03\/PC274624-1536x1152.jpg 1536w, http:\/\/www.ralfkropp.de\/radreisen\/wordpress\/wp-content\/uploads\/2020\/03\/PC274624-2048x1536.jpg 2048w\" sizes=\"(max-width: 201px) 100vw, 201px\" \/><\/a><\/p>\n<p><a href=\"http:\/\/www.ralfkropp.de\/radreisen\/wordpress\/wp-content\/uploads\/2020\/03\/PC274625-scaled.jpg\"><img decoding=\"async\" loading=\"lazy\" class=\" wp-image-1879\" src=\"http:\/\/www.ralfkropp.de\/radreisen\/wordpress\/wp-content\/uploads\/2020\/03\/PC274625-300x225.jpg\" alt=\"\" width=\"189\" height=\"142\" srcset=\"http:\/\/www.ralfkropp.de\/radreisen\/wordpress\/wp-content\/uploads\/2020\/03\/PC274625-300x225.jpg 300w, http:\/\/www.ralfkropp.de\/radreisen\/wordpress\/wp-content\/uploads\/2020\/03\/PC274625-1024x768.jpg 1024w, http:\/\/www.ralfkropp.de\/radreisen\/wordpress\/wp-content\/uploads\/2020\/03\/PC274625-768x576.jpg 768w, http:\/\/www.ralfkropp.de\/radreisen\/wordpress\/wp-content\/uploads\/2020\/03\/PC274625-1536x1152.jpg 1536w, http:\/\/www.ralfkropp.de\/radreisen\/wordpress\/wp-content\/uploads\/2020\/03\/PC274625-2048x1536.jpg 2048w\" sizes=\"(max-width: 189px) 100vw, 189px\" \/><\/a><\/p>\n<p><span style=\"color: #000000;\"><span style=\"font-family: Helvetica Neue, serif;\"><span style=\"font-size: xx-small;\"><span style=\"font-family: Arial, sans-serif;\"><span style=\"font-size: small;\">Auf der chilenischen Seite wird der Weg dann fahrbar. Kurz vor der Grenze, esse ich dann meine Rote Bete und Avocado auf.<\/span><\/span><span style=\"font-family: Arial, sans-serif;\"><span style=\"font-size: small;\">\u00a0 <\/span><\/span><span style=\"font-family: Arial, sans-serif;\"><span style=\"font-size: small;\">Da ich beim letzten Grenz\u00fcbertritt ziemlichen \u00c4rger bekommen habe, als ich Fr\u00fcchte bei mir hatte und diese entdeckt worden sind. Ganz um sonst, denn mein Gep\u00e4ck wird diesmal nicht durchsucht. Eine schlechte Nachricht bekomme ich aber noch mit auf den Weg. Die F\u00e4hre legt leider erst wieder am Samstag ab, da es sehr st\u00fcrmisch ist. So was dummes, da habe ich ja 1 1\/2 Tage Wartezeit.<\/span><\/span><\/span><\/span><\/span><\/p>\n<div class=\"facebook-like\"><fb:like layout=\"standard\" show_faces=\"true\" href=\"http:\/\/www.ralfkropp.de\/radreisen\/wordpress\/27-12-2018-lago-del-desierto-camping-estancia-santa-teresita\/\"><\/fb:like><\/div>","protected":false},"excerpt":{"rendered":"<p>Dominik, der Franzose ist auch an der F\u00e4hre und so schippern wir mit ein paar anderen Rucksacktouristen \u00fcber den See und machen uns dann auf den beschwerlichen Weg nach Chile. Die ersten Kilometer sind sehr steil und der Wanderpfad ziemlich [&hellip;] <a class=\"more-link\" href=\"http:\/\/www.ralfkropp.de\/radreisen\/wordpress\/27-12-2018-lago-del-desierto-camping-estancia-santa-teresita\/\">Kompletten Beitrag lesen&#8230;<\/a><\/p>\n","protected":false},"author":1,"featured_media":0,"comment_status":"closed","ping_status":"open","sticky":false,"template":"","format":"standard","meta":[],"categories":[1],"tags":[],"_links":{"self":[{"href":"http:\/\/www.ralfkropp.de\/radreisen\/wordpress\/wp-json\/wp\/v2\/posts\/1870"}],"collection":[{"href":"http:\/\/www.ralfkropp.de\/radreisen\/wordpress\/wp-json\/wp\/v2\/posts"}],"about":[{"href":"http:\/\/www.ralfkropp.de\/radreisen\/wordpress\/wp-json\/wp\/v2\/types\/post"}],"author":[{"embeddable":true,"href":"http:\/\/www.ralfkropp.de\/radreisen\/wordpress\/wp-json\/wp\/v2\/users\/1"}],"replies":[{"embeddable":true,"href":"http:\/\/www.ralfkropp.de\/radreisen\/wordpress\/wp-json\/wp\/v2\/comments?post=1870"}],"version-history":[{"count":3,"href":"http:\/\/www.ralfkropp.de\/radreisen\/wordpress\/wp-json\/wp\/v2\/posts\/1870\/revisions"}],"predecessor-version":[{"id":1882,"href":"http:\/\/www.ralfkropp.de\/radreisen\/wordpress\/wp-json\/wp\/v2\/posts\/1870\/revisions\/1882"}],"wp:attachment":[{"href":"http:\/\/www.ralfkropp.de\/radreisen\/wordpress\/wp-json\/wp\/v2\/media?parent=1870"}],"wp:term":[{"taxonomy":"category","embeddable":true,"href":"http:\/\/www.ralfkropp.de\/radreisen\/wordpress\/wp-json\/wp\/v2\/categories?post=1870"},{"taxonomy":"post_tag","embeddable":true,"href":"http:\/\/www.ralfkropp.de\/radreisen\/wordpress\/wp-json\/wp\/v2\/tags?post=1870"}],"curies":[{"name":"wp","href":"https:\/\/api.w.org\/{rel}","templated":true}]}}