{"id":1883,"date":"2020-03-05T13:33:12","date_gmt":"2020-03-05T13:33:12","guid":{"rendered":"http:\/\/www.ralfkropp.de\/radreisen\/wordpress\/?p=1883"},"modified":"2020-03-05T13:33:13","modified_gmt":"2020-03-05T13:33:13","slug":"28-12-2018-camping-estancia-santa-teresita","status":"publish","type":"post","link":"http:\/\/www.ralfkropp.de\/radreisen\/wordpress\/28-12-2018-camping-estancia-santa-teresita\/","title":{"rendered":"28.12.2018 Camping Estancia Santa Teresita"},"content":{"rendered":"\n<p><span style=\"color: #000000;\"><span style=\"font-family: Helvetica Neue, serif;\"><span style=\"font-size: xx-small;\"><span style=\"font-family: Arial, sans-serif;\"><span style=\"font-size: small;\">Ich lese den ganzen Tag und bummle so vor mich hin. Einmal hei\u00dft es, es kommt \u00fcberhaupt kein Boot, dann spricht man von einem kleinen. Die Hoffnung, da\u00df \u00fcberhaupt ein Boot f\u00e4hrt gebe ich auf, als die Grenzbeamten sagen es kommt kein Boot. Doch dann kommen drei Belgier mit Rad und sagen es f\u00e4hrt am n\u00e4chsten Tag um 10 Uhr doch ein Boot. Wir werden sehen. In dem Haus des Campingplatzbesitzers bekommen wir ein Essen. Zwar relativ teuer, aber besser als den Einheitsbrei von Jentschura den ich noch habe. Zu kaufen gibt es hier ansonsten nichts.<\/span><\/span><\/span><\/span><\/span><\/p>\n<p><span style=\"color: #000000;\"><span style=\"font-family: Helvetica Neue, serif;\"><span style=\"font-size: xx-small;\"><span style=\"font-family: Arial, sans-serif;\"><span style=\"font-size: small;\">Ich schlafe schlecht da ich Angst habe, da\u00df kein Boot kommt und ich hier festsitze.<\/span><\/span><\/span><\/span><\/span><\/p>\n<div class=\"facebook-like\"><fb:like layout=\"standard\" show_faces=\"true\" href=\"http:\/\/www.ralfkropp.de\/radreisen\/wordpress\/28-12-2018-camping-estancia-santa-teresita\/\"><\/fb:like><\/div>","protected":false},"excerpt":{"rendered":"<p>Ich lese den ganzen Tag und bummle so vor mich hin. Einmal hei\u00dft es, es kommt \u00fcberhaupt kein Boot, dann spricht man von einem kleinen. Die Hoffnung, da\u00df \u00fcberhaupt ein Boot f\u00e4hrt gebe ich auf, als die Grenzbeamten sagen es [&hellip;] <a class=\"more-link\" href=\"http:\/\/www.ralfkropp.de\/radreisen\/wordpress\/28-12-2018-camping-estancia-santa-teresita\/\">Kompletten Beitrag lesen&#8230;<\/a><\/p>\n","protected":false},"author":1,"featured_media":0,"comment_status":"closed","ping_status":"open","sticky":false,"template":"","format":"standard","meta":[],"categories":[1],"tags":[],"_links":{"self":[{"href":"http:\/\/www.ralfkropp.de\/radreisen\/wordpress\/wp-json\/wp\/v2\/posts\/1883"}],"collection":[{"href":"http:\/\/www.ralfkropp.de\/radreisen\/wordpress\/wp-json\/wp\/v2\/posts"}],"about":[{"href":"http:\/\/www.ralfkropp.de\/radreisen\/wordpress\/wp-json\/wp\/v2\/types\/post"}],"author":[{"embeddable":true,"href":"http:\/\/www.ralfkropp.de\/radreisen\/wordpress\/wp-json\/wp\/v2\/users\/1"}],"replies":[{"embeddable":true,"href":"http:\/\/www.ralfkropp.de\/radreisen\/wordpress\/wp-json\/wp\/v2\/comments?post=1883"}],"version-history":[{"count":1,"href":"http:\/\/www.ralfkropp.de\/radreisen\/wordpress\/wp-json\/wp\/v2\/posts\/1883\/revisions"}],"predecessor-version":[{"id":1884,"href":"http:\/\/www.ralfkropp.de\/radreisen\/wordpress\/wp-json\/wp\/v2\/posts\/1883\/revisions\/1884"}],"wp:attachment":[{"href":"http:\/\/www.ralfkropp.de\/radreisen\/wordpress\/wp-json\/wp\/v2\/media?parent=1883"}],"wp:term":[{"taxonomy":"category","embeddable":true,"href":"http:\/\/www.ralfkropp.de\/radreisen\/wordpress\/wp-json\/wp\/v2\/categories?post=1883"},{"taxonomy":"post_tag","embeddable":true,"href":"http:\/\/www.ralfkropp.de\/radreisen\/wordpress\/wp-json\/wp\/v2\/tags?post=1883"}],"curies":[{"name":"wp","href":"https:\/\/api.w.org\/{rel}","templated":true}]}}