{"id":1885,"date":"2020-03-05T15:13:03","date_gmt":"2020-03-05T15:13:03","guid":{"rendered":"http:\/\/www.ralfkropp.de\/radreisen\/wordpress\/?p=1885"},"modified":"2020-03-05T15:14:40","modified_gmt":"2020-03-05T15:14:40","slug":"29-12-2018-camping-estancia-santa-teresita-villa-o-higgins","status":"publish","type":"post","link":"http:\/\/www.ralfkropp.de\/radreisen\/wordpress\/29-12-2018-camping-estancia-santa-teresita-villa-o-higgins\/","title":{"rendered":"29.12.2018 Camping Estancia Santa Teresita &#8211; Villa \u00f3 Higgins"},"content":{"rendered":"\n<p><iframe loading=\"lazy\" class=\"alltrails\" title=\"AllTrails: Trail Guides and Maps for Hiking, Camping, and Running\" src=\"https:\/\/www.alltrails.com\/widget\/map\/karte-1bb91f7?u=m\" width=\"100%\" height=\"400\" frameborder=\"0\" marginwidth=\"0\" marginheight=\"0\" scrolling=\"no\"><\/iframe><\/p>\n<p><a href=\"http:\/\/www.ralfkropp.de\/radreisen\/wordpress\/wp-content\/uploads\/2020\/03\/PC294632-scaled.jpg\"><img decoding=\"async\" loading=\"lazy\" class=\"wp-image-1886 alignleft\" src=\"http:\/\/www.ralfkropp.de\/radreisen\/wordpress\/wp-content\/uploads\/2020\/03\/PC294632-300x225.jpg\" alt=\"\" width=\"183\" height=\"137\" srcset=\"http:\/\/www.ralfkropp.de\/radreisen\/wordpress\/wp-content\/uploads\/2020\/03\/PC294632-300x225.jpg 300w, http:\/\/www.ralfkropp.de\/radreisen\/wordpress\/wp-content\/uploads\/2020\/03\/PC294632-1024x768.jpg 1024w, http:\/\/www.ralfkropp.de\/radreisen\/wordpress\/wp-content\/uploads\/2020\/03\/PC294632-768x576.jpg 768w, http:\/\/www.ralfkropp.de\/radreisen\/wordpress\/wp-content\/uploads\/2020\/03\/PC294632-1536x1152.jpg 1536w, http:\/\/www.ralfkropp.de\/radreisen\/wordpress\/wp-content\/uploads\/2020\/03\/PC294632-2048x1536.jpg 2048w\" sizes=\"(max-width: 183px) 100vw, 183px\" \/><\/a><\/p>\n<p><a href=\"http:\/\/www.ralfkropp.de\/radreisen\/wordpress\/wp-content\/uploads\/2020\/03\/PC294637-scaled.jpg\"><img decoding=\"async\" loading=\"lazy\" class=\"wp-image-1887 alignright\" src=\"http:\/\/www.ralfkropp.de\/radreisen\/wordpress\/wp-content\/uploads\/2020\/03\/PC294637-300x225.jpg\" alt=\"\" width=\"216\" height=\"162\" srcset=\"http:\/\/www.ralfkropp.de\/radreisen\/wordpress\/wp-content\/uploads\/2020\/03\/PC294637-300x225.jpg 300w, http:\/\/www.ralfkropp.de\/radreisen\/wordpress\/wp-content\/uploads\/2020\/03\/PC294637-1024x768.jpg 1024w, http:\/\/www.ralfkropp.de\/radreisen\/wordpress\/wp-content\/uploads\/2020\/03\/PC294637-768x576.jpg 768w, http:\/\/www.ralfkropp.de\/radreisen\/wordpress\/wp-content\/uploads\/2020\/03\/PC294637-1536x1152.jpg 1536w, http:\/\/www.ralfkropp.de\/radreisen\/wordpress\/wp-content\/uploads\/2020\/03\/PC294637-2048x1536.jpg 2048w\" sizes=\"(max-width: 216px) 100vw, 216px\" \/><\/a><\/p>\n<p><span style=\"color: #000000;\"><span style=\"font-family: Helvetica Neue, serif;\"><span style=\"font-size: xx-small;\"><span style=\"font-family: Arial, sans-serif;\"><span style=\"font-size: small;\">Es regnet und alles wird nass eingepackt, um rechtzeitig fertig zu sein, wenn das Boot kommt und es kommt tats\u00e4chlich. Die Freude ist gro\u00df und es passen auch alle R\u00e4der und Personen an Bord. Das Boot ist seetauglich und wirkt wie ein Seenotrettungsschiff. Es ist auch gut so, denn die Wellen sind riesig und man kann verstehen warum sie bei noch h\u00f6heren Windgeschwindigkeiten den Betrieb einstellen. Immer wieder krachen wir in die Wellen und wo der Aufbau nicht 100 % dicht ist, dringt Wasser ein. Damit das Boot optimal im Wasser liegt wurden wir auch gewichtsm\u00e4\u00dfig gut aufgeteilt und auf die Pl\u00e4tze verwiesen. Sorgen mache ich mir nur um mein Rad, denn es gibt heftige Schl\u00e4ge, wenn wir in den Wellenberg einschlagen. An aufstehen ist kaum zu denken, zu schnell w\u00fcrde man mit dem Kopf unter das Deck schlagen. Das Boot bricht nicht auseinander und wir erreichen den Hafen von Villa \u00f3 Higgins, wo das Ende der Carretera Austral ist. F\u00fcr Dominik, dem Schotten, die beiden Engl\u00e4nder und mich ist es der Anfang. Die meisten fahren entgegengesetzt, so ist es auch nicht verwunderlich, dass auf die F\u00e4hre auch wieder viel mehr Leute einsteigen als ausgestiegen sind. Bei leichtem Regen, fahren wir nur in die Stadt und dort ins Hostel Mosca wo fast alle Radler absteigen. Die W\u00e4scheleinen h\u00e4ngen voller nasser Zelte. Mit Dominik teile ich mir ein Zimmer. Gute Betten, reichhaltiges Essen und W\u00e4rme lassen mich gut schlafen.<\/span><\/span><\/span><\/span><\/span><\/p>\n<p>\u00a0<\/p>\n<div class=\"facebook-like\"><fb:like layout=\"standard\" show_faces=\"true\" href=\"http:\/\/www.ralfkropp.de\/radreisen\/wordpress\/29-12-2018-camping-estancia-santa-teresita-villa-o-higgins\/\"><\/fb:like><\/div>","protected":false},"excerpt":{"rendered":"<p>Es regnet und alles wird nass eingepackt, um rechtzeitig fertig zu sein, wenn das Boot kommt und es kommt tats\u00e4chlich. Die Freude ist gro\u00df und es passen auch alle R\u00e4der und Personen an Bord. Das Boot ist seetauglich und wirkt [&hellip;] <a class=\"more-link\" href=\"http:\/\/www.ralfkropp.de\/radreisen\/wordpress\/29-12-2018-camping-estancia-santa-teresita-villa-o-higgins\/\">Kompletten Beitrag lesen&#8230;<\/a><\/p>\n","protected":false},"author":1,"featured_media":0,"comment_status":"closed","ping_status":"open","sticky":false,"template":"","format":"standard","meta":[],"categories":[1],"tags":[],"_links":{"self":[{"href":"http:\/\/www.ralfkropp.de\/radreisen\/wordpress\/wp-json\/wp\/v2\/posts\/1885"}],"collection":[{"href":"http:\/\/www.ralfkropp.de\/radreisen\/wordpress\/wp-json\/wp\/v2\/posts"}],"about":[{"href":"http:\/\/www.ralfkropp.de\/radreisen\/wordpress\/wp-json\/wp\/v2\/types\/post"}],"author":[{"embeddable":true,"href":"http:\/\/www.ralfkropp.de\/radreisen\/wordpress\/wp-json\/wp\/v2\/users\/1"}],"replies":[{"embeddable":true,"href":"http:\/\/www.ralfkropp.de\/radreisen\/wordpress\/wp-json\/wp\/v2\/comments?post=1885"}],"version-history":[{"count":3,"href":"http:\/\/www.ralfkropp.de\/radreisen\/wordpress\/wp-json\/wp\/v2\/posts\/1885\/revisions"}],"predecessor-version":[{"id":1890,"href":"http:\/\/www.ralfkropp.de\/radreisen\/wordpress\/wp-json\/wp\/v2\/posts\/1885\/revisions\/1890"}],"wp:attachment":[{"href":"http:\/\/www.ralfkropp.de\/radreisen\/wordpress\/wp-json\/wp\/v2\/media?parent=1885"}],"wp:term":[{"taxonomy":"category","embeddable":true,"href":"http:\/\/www.ralfkropp.de\/radreisen\/wordpress\/wp-json\/wp\/v2\/categories?post=1885"},{"taxonomy":"post_tag","embeddable":true,"href":"http:\/\/www.ralfkropp.de\/radreisen\/wordpress\/wp-json\/wp\/v2\/tags?post=1885"}],"curies":[{"name":"wp","href":"https:\/\/api.w.org\/{rel}","templated":true}]}}