{"id":189,"date":"2011-12-20T12:04:49","date_gmt":"2011-12-20T12:04:49","guid":{"rendered":"http:\/\/www.ralfkropp.de\/radreisen\/wordpress\/?p=189"},"modified":"2011-12-20T12:04:49","modified_gmt":"2011-12-20T12:04:49","slug":"kufstein-kitzbuhl","status":"publish","type":"post","link":"http:\/\/www.ralfkropp.de\/radreisen\/wordpress\/kufstein-kitzbuhl\/","title":{"rendered":"Kufstein &#8211; Kitzb\u00fchl"},"content":{"rendered":"<p><span style=\"font-size: 20px;\">13.10.88<\/span>\u00a0 <span style=\"font-size: 20px;\">Kufstein &#8211; Kitzb\u00fchl<\/span> 40km<\/p>\n<p><iframe loading=\"lazy\" src=\"http:\/\/www.google.de\/maps?f=d&amp;source=s_d&amp;saddr=Kufstein,+%C3%96sterreich&amp;daddr=Reither+Str.&amp;geocode=FaIM1gIdvpa5ACk3EER5WTd2RzHeWwFv5KUkUQ%3BFe8r1AIdkqm8AA&amp;aq=0&amp;sll=47.14375,12.562015&amp;sspn=0.63329,1.454315&amp;vpsrc=0&amp;hl=de&amp;mra=ls&amp;ie=UTF8&amp;t=h&amp;ll=47.52057,12.258115&amp;spn=0.1236,0.21213&amp;output=embed\" frameborder=\"0\" marginwidth=\"0\" marginheight=\"0\" scrolling=\"no\" width=\"425\" height=\"350\"><\/iframe><br \/>\n<small><a style=\"color: #0000ff; text-align: left;\" href=\"http:\/\/www.google.de\/maps?f=d&amp;source=embed&amp;saddr=Kufstein,+%C3%96sterreich&amp;daddr=Reither+Str.&amp;geocode=FaIM1gIdvpa5ACk3EER5WTd2RzHeWwFv5KUkUQ%3BFe8r1AIdkqm8AA&amp;aq=0&amp;sll=47.14375,12.562015&amp;sspn=0.63329,1.454315&amp;vpsrc=0&amp;hl=de&amp;mra=ls&amp;ie=UTF8&amp;t=h&amp;ll=47.52057,12.258115&amp;spn=0.1236,0.21213\">Gr\u00f6\u00dfere Kartenansicht<\/a><\/small><\/p>\n<p>Meine Freundin Edda bringt mich nach Kufstein. Nach ein paar Tr\u00e4nen schwinge ich mich auf Rad und versuche mit dem vielen Gep\u00e4ck klar zu kommen. Die Sonne strahlt zwar aber der Schwei\u00df kommt vom strampeln. Kaputt baue ich mein Zelt auf dem Campingplatz am Schwarzensee auf.<\/p>\n<p>&nbsp;<\/p>\n<div class=\"facebook-like\"><fb:like layout=\"standard\" show_faces=\"true\" href=\"http:\/\/www.ralfkropp.de\/radreisen\/wordpress\/kufstein-kitzbuhl\/\"><\/fb:like><\/div>","protected":false},"excerpt":{"rendered":"<p>13.10.88\u00a0 Kufstein &#8211; Kitzb\u00fchl 40km Gr\u00f6\u00dfere Kartenansicht Meine Freundin Edda bringt mich nach Kufstein. Nach ein paar Tr\u00e4nen schwinge ich mich auf Rad und versuche mit dem vielen Gep\u00e4ck klar zu kommen. Die Sonne strahlt zwar aber der Schwei\u00df kommt [&hellip;] <a class=\"more-link\" href=\"http:\/\/www.ralfkropp.de\/radreisen\/wordpress\/kufstein-kitzbuhl\/\">Kompletten Beitrag lesen&#8230;<\/a><\/p>\n","protected":false},"author":1,"featured_media":0,"comment_status":"open","ping_status":"open","sticky":false,"template":"","format":"standard","meta":[],"categories":[6],"tags":[],"_links":{"self":[{"href":"http:\/\/www.ralfkropp.de\/radreisen\/wordpress\/wp-json\/wp\/v2\/posts\/189"}],"collection":[{"href":"http:\/\/www.ralfkropp.de\/radreisen\/wordpress\/wp-json\/wp\/v2\/posts"}],"about":[{"href":"http:\/\/www.ralfkropp.de\/radreisen\/wordpress\/wp-json\/wp\/v2\/types\/post"}],"author":[{"embeddable":true,"href":"http:\/\/www.ralfkropp.de\/radreisen\/wordpress\/wp-json\/wp\/v2\/users\/1"}],"replies":[{"embeddable":true,"href":"http:\/\/www.ralfkropp.de\/radreisen\/wordpress\/wp-json\/wp\/v2\/comments?post=189"}],"version-history":[{"count":1,"href":"http:\/\/www.ralfkropp.de\/radreisen\/wordpress\/wp-json\/wp\/v2\/posts\/189\/revisions"}],"predecessor-version":[{"id":190,"href":"http:\/\/www.ralfkropp.de\/radreisen\/wordpress\/wp-json\/wp\/v2\/posts\/189\/revisions\/190"}],"wp:attachment":[{"href":"http:\/\/www.ralfkropp.de\/radreisen\/wordpress\/wp-json\/wp\/v2\/media?parent=189"}],"wp:term":[{"taxonomy":"category","embeddable":true,"href":"http:\/\/www.ralfkropp.de\/radreisen\/wordpress\/wp-json\/wp\/v2\/categories?post=189"},{"taxonomy":"post_tag","embeddable":true,"href":"http:\/\/www.ralfkropp.de\/radreisen\/wordpress\/wp-json\/wp\/v2\/tags?post=189"}],"curies":[{"name":"wp","href":"https:\/\/api.w.org\/{rel}","templated":true}]}}