{"id":1894,"date":"2020-03-05T15:30:15","date_gmt":"2020-03-05T15:30:15","guid":{"rendered":"http:\/\/www.ralfkropp.de\/radreisen\/wordpress\/?p=1894"},"modified":"2020-03-05T15:43:42","modified_gmt":"2020-03-05T15:43:42","slug":"30-12-2019-villa-o-higgins-tortel","status":"publish","type":"post","link":"http:\/\/www.ralfkropp.de\/radreisen\/wordpress\/30-12-2019-villa-o-higgins-tortel\/","title":{"rendered":"30.12.2019 Villa \u00f3 Higgins &#8211; Tortel"},"content":{"rendered":"\n<p><iframe loading=\"lazy\" class=\"alltrails\" title=\"AllTrails: Trail Guides and Maps for Hiking, Camping, and Running\" src=\"https:\/\/www.alltrails.com\/widget\/map\/vila-ohiggins-tortell?u=m\" width=\"100%\" height=\"400\" frameborder=\"0\" marginwidth=\"0\" marginheight=\"0\" scrolling=\"no\"><\/iframe><span style=\"color: #000000;\"><span style=\"font-family: Helvetica Neue, serif;\"><span style=\"font-size: xx-small;\"><span style=\"font-family: Arial, sans-serif;\"><span style=\"font-size: small;\">\u00a0<\/span><\/span><\/span><\/span><\/span><\/p>\n<p><span style=\"color: #000000;\"><span style=\"font-family: Helvetica Neue, serif;\"><span style=\"font-size: xx-small;\"><span style=\"font-family: Arial, sans-serif;\"><span style=\"font-size: small;\">Es nieselt noch ab und zu und die Schotterpiste sorgt daf\u00fcr, da\u00df der Schmutz der Stra\u00dfe die R\u00e4der ordentlich einsaut. Die Kette sieht schon ziemlich gruselig aus. Auch die Ritzel m\u00f6gen so einen steinigen Brei sicherlich nicht.<\/span><\/span><span style=\"font-family: Arial, sans-serif;\"><span style=\"font-size: small;\">\u00a0<\/span><\/span><\/span><\/span><\/span><\/p>\n<p><span style=\"color: #000000;\"><span style=\"font-family: Helvetica Neue, serif;\"><span style=\"font-size: xx-small;\"><span style=\"font-family: Arial, sans-serif;\"><span style=\"font-size: small;\">\u00dcberall kommen Wasserf\u00e4lle von den Bergen herunter. Der Regenwald macht seinem Namen alle Ehre. Die F\u00e4hre am Fjord Embarcadero Barcaza R\u00edo Bravo um 13 Uhr erreiche ich nicht, daf\u00fcr die um 16 Uhr locker. Die F\u00e4hre ist kostenlos und in der F\u00e4hre kann man sich etwas aufw\u00e4rmen. Der Koch gesellt sich zu mir und erz\u00e4hlt, dass er schon mal in Hamburg war und einen Freund in K\u00f6ln hat. Im fehlen einige Z\u00e4hne und komisches Zeug erz\u00e4hlt er auch. Die W\u00f6rter SS, Nazi und Hitler fallen, so bin ich froh als er wieder zur Arbeit muss. An der Landungsstelle warten schon zwei Radler die in die andere Richtung wollen. Ein deutscher Radler kommt mir auch noch entgegen und erz\u00e4hlt mir, dass noch ein ordentlicher Anstieg auf mich wartet. Es geht auch tats\u00e4chlich<\/span><\/span><span style=\"font-family: Arial, sans-serif;\"><span style=\"font-size: small;\">\u00a0 \u00a0 \u00a0 <\/span><\/span><span style=\"font-family: Arial, sans-serif;\"><span style=\"font-size: small;\">12 km bergauf. Am Wegesrand wachsen riesige rhabarber\u00e4hnliche Pflanzen, Farne und die vermoosten B\u00e4ume geben ein sch\u00f6nes Bild mit den Wasserl\u00e4ufen und den mit Wasserf\u00e4llen \u00fcbers\u00e4ten Bergh\u00e4ngen. Mittlerweile habe ich es mir abgew\u00f6hnt, bei jedem entgegenkommenden Radler an zu halten, denn sonst w\u00fcrde ich in Tortel sicherlich nicht mehr im hellen ankommen. Die 141 km ziehen sich auch in die L\u00e4nge. Eine herrliche Abfahrt neben einer tiefen Schlucht beeindruckt und die letzten 22 km bis Tortel sind ziemlich flach.<\/span><\/span><\/span><\/span><\/span><\/p>\n<p><a href=\"http:\/\/www.ralfkropp.de\/radreisen\/wordpress\/wp-content\/uploads\/2020\/03\/PC304644-scaled-e1583422514781.jpg\"><img decoding=\"async\" loading=\"lazy\" class=\" wp-image-1897 alignleft\" src=\"http:\/\/www.ralfkropp.de\/radreisen\/wordpress\/wp-content\/uploads\/2020\/03\/PC304644-300x225.jpg\" alt=\"\" width=\"215\" height=\"161\" \/><\/a><\/p>\n<p><a href=\"http:\/\/www.ralfkropp.de\/radreisen\/wordpress\/wp-content\/uploads\/2020\/03\/PC304645-scaled-e1583422558139.jpg\"><img decoding=\"async\" loading=\"lazy\" class=\"wp-image-1898 alignright\" src=\"http:\/\/www.ralfkropp.de\/radreisen\/wordpress\/wp-content\/uploads\/2020\/03\/PC304645-300x225.jpg\" alt=\"\" width=\"204\" height=\"153\" \/><\/a><\/p>\n<p><a href=\"http:\/\/www.ralfkropp.de\/radreisen\/wordpress\/wp-content\/uploads\/2020\/03\/PC304649-scaled-e1583422585702.jpg\"><img decoding=\"async\" loading=\"lazy\" class=\"wp-image-1899 alignleft\" src=\"http:\/\/www.ralfkropp.de\/radreisen\/wordpress\/wp-content\/uploads\/2020\/03\/PC304649-300x225.jpg\" alt=\"\" width=\"196\" height=\"147\" \/><\/a><\/p>\n<p><a href=\"http:\/\/www.ralfkropp.de\/radreisen\/wordpress\/wp-content\/uploads\/2020\/03\/PC304651-scaled.jpg\"><img decoding=\"async\" loading=\"lazy\" class=\"wp-image-1900 alignright\" src=\"http:\/\/www.ralfkropp.de\/radreisen\/wordpress\/wp-content\/uploads\/2020\/03\/PC304651-300x225.jpg\" alt=\"\" width=\"207\" height=\"155\" srcset=\"http:\/\/www.ralfkropp.de\/radreisen\/wordpress\/wp-content\/uploads\/2020\/03\/PC304651-300x225.jpg 300w, http:\/\/www.ralfkropp.de\/radreisen\/wordpress\/wp-content\/uploads\/2020\/03\/PC304651-1024x768.jpg 1024w, http:\/\/www.ralfkropp.de\/radreisen\/wordpress\/wp-content\/uploads\/2020\/03\/PC304651-768x576.jpg 768w, http:\/\/www.ralfkropp.de\/radreisen\/wordpress\/wp-content\/uploads\/2020\/03\/PC304651-1536x1152.jpg 1536w, http:\/\/www.ralfkropp.de\/radreisen\/wordpress\/wp-content\/uploads\/2020\/03\/PC304651-2048x1536.jpg 2048w\" sizes=\"(max-width: 207px) 100vw, 207px\" \/><\/a><\/p>\n<p><a href=\"http:\/\/www.ralfkropp.de\/radreisen\/wordpress\/wp-content\/uploads\/2020\/03\/PC304657-scaled.jpg\"><img decoding=\"async\" loading=\"lazy\" class=\"wp-image-1901 alignleft\" src=\"http:\/\/www.ralfkropp.de\/radreisen\/wordpress\/wp-content\/uploads\/2020\/03\/PC304657-300x225.jpg\" alt=\"\" width=\"199\" height=\"149\" srcset=\"http:\/\/www.ralfkropp.de\/radreisen\/wordpress\/wp-content\/uploads\/2020\/03\/PC304657-300x225.jpg 300w, http:\/\/www.ralfkropp.de\/radreisen\/wordpress\/wp-content\/uploads\/2020\/03\/PC304657-1024x768.jpg 1024w, http:\/\/www.ralfkropp.de\/radreisen\/wordpress\/wp-content\/uploads\/2020\/03\/PC304657-768x576.jpg 768w, http:\/\/www.ralfkropp.de\/radreisen\/wordpress\/wp-content\/uploads\/2020\/03\/PC304657-1536x1152.jpg 1536w, http:\/\/www.ralfkropp.de\/radreisen\/wordpress\/wp-content\/uploads\/2020\/03\/PC304657-2048x1536.jpg 2048w\" sizes=\"(max-width: 199px) 100vw, 199px\" \/><\/a><\/p>\n<p><a href=\"http:\/\/www.ralfkropp.de\/radreisen\/wordpress\/wp-content\/uploads\/2020\/03\/PC304658-scaled.jpg\"><img decoding=\"async\" loading=\"lazy\" class=\"wp-image-1902 alignright\" src=\"http:\/\/www.ralfkropp.de\/radreisen\/wordpress\/wp-content\/uploads\/2020\/03\/PC304658-225x300.jpg\" alt=\"\" width=\"153\" height=\"204\" srcset=\"http:\/\/www.ralfkropp.de\/radreisen\/wordpress\/wp-content\/uploads\/2020\/03\/PC304658-225x300.jpg 225w, http:\/\/www.ralfkropp.de\/radreisen\/wordpress\/wp-content\/uploads\/2020\/03\/PC304658-768x1024.jpg 768w, http:\/\/www.ralfkropp.de\/radreisen\/wordpress\/wp-content\/uploads\/2020\/03\/PC304658-1152x1536.jpg 1152w, http:\/\/www.ralfkropp.de\/radreisen\/wordpress\/wp-content\/uploads\/2020\/03\/PC304658-1536x2048.jpg 1536w, http:\/\/www.ralfkropp.de\/radreisen\/wordpress\/wp-content\/uploads\/2020\/03\/PC304658-scaled.jpg 1920w\" sizes=\"(max-width: 153px) 100vw, 153px\" \/><\/a><\/p>\n<p><a href=\"http:\/\/www.ralfkropp.de\/radreisen\/wordpress\/wp-content\/uploads\/2020\/03\/PC314661-64-scaled.jpg\"><img decoding=\"async\" loading=\"lazy\" class=\"size-medium wp-image-1903 alignnone\" src=\"http:\/\/www.ralfkropp.de\/radreisen\/wordpress\/wp-content\/uploads\/2020\/03\/PC314661-64-300x91.jpg\" alt=\"\" width=\"300\" height=\"91\" srcset=\"http:\/\/www.ralfkropp.de\/radreisen\/wordpress\/wp-content\/uploads\/2020\/03\/PC314661-64-300x91.jpg 300w, http:\/\/www.ralfkropp.de\/radreisen\/wordpress\/wp-content\/uploads\/2020\/03\/PC314661-64-1024x310.jpg 1024w, http:\/\/www.ralfkropp.de\/radreisen\/wordpress\/wp-content\/uploads\/2020\/03\/PC314661-64-768x233.jpg 768w, http:\/\/www.ralfkropp.de\/radreisen\/wordpress\/wp-content\/uploads\/2020\/03\/PC314661-64-1536x466.jpg 1536w, http:\/\/www.ralfkropp.de\/radreisen\/wordpress\/wp-content\/uploads\/2020\/03\/PC314661-64-2048x621.jpg 2048w\" sizes=\"(max-width: 300px) 100vw, 300px\" \/><\/a><\/p>\n<p><span style=\"color: #000000;\"><span style=\"font-family: Helvetica Neue, serif;\"><span style=\"font-size: xx-small;\"><span style=\"font-family: Arial, sans-serif;\"><span style=\"font-size: small;\">Nur die allerletzten 500 m geht es nochmals steil hinauf, was mir dann auch nicht mehr so einfach f\u00e4llt, da die Beine schon ziemlich m\u00fcde sind. In Tortel frage ich dann auch gleich nach dem n\u00e4chst gelegenem Hostel. Der ganze Ort ist nur mit Bretterstegen verbunden. Ich m\u00f6chte mein Rad mitnehmen, obwohl die Bretterstegtreppen steil und super glitschig sind. Rutsch auch gleich auf der ersten Treppe aus und verkeile mich mit dem Rad. Irgendwie schaffe ich es dann aber doch heile im Hostel anzukommen. Such mir noch ein Restaurant, wo ich Suppe und Lachs bekomme. Das \u00fcbliche Bier noch dazu und es geht mir wieder richtig gut.<\/span><\/span><\/span><\/span><\/span><\/p>\n<div class=\"facebook-like\"><fb:like layout=\"standard\" show_faces=\"true\" href=\"http:\/\/www.ralfkropp.de\/radreisen\/wordpress\/30-12-2019-villa-o-higgins-tortel\/\"><\/fb:like><\/div>","protected":false},"excerpt":{"rendered":"<p>\u00a0 Es nieselt noch ab und zu und die Schotterpiste sorgt daf\u00fcr, da\u00df der Schmutz der Stra\u00dfe die R\u00e4der ordentlich einsaut. Die Kette sieht schon ziemlich gruselig aus. Auch die Ritzel m\u00f6gen so einen steinigen Brei sicherlich nicht.\u00a0 \u00dcberall kommen [&hellip;] <a class=\"more-link\" href=\"http:\/\/www.ralfkropp.de\/radreisen\/wordpress\/30-12-2019-villa-o-higgins-tortel\/\">Kompletten Beitrag lesen&#8230;<\/a><\/p>\n","protected":false},"author":1,"featured_media":0,"comment_status":"closed","ping_status":"open","sticky":false,"template":"","format":"standard","meta":[],"categories":[1],"tags":[],"_links":{"self":[{"href":"http:\/\/www.ralfkropp.de\/radreisen\/wordpress\/wp-json\/wp\/v2\/posts\/1894"}],"collection":[{"href":"http:\/\/www.ralfkropp.de\/radreisen\/wordpress\/wp-json\/wp\/v2\/posts"}],"about":[{"href":"http:\/\/www.ralfkropp.de\/radreisen\/wordpress\/wp-json\/wp\/v2\/types\/post"}],"author":[{"embeddable":true,"href":"http:\/\/www.ralfkropp.de\/radreisen\/wordpress\/wp-json\/wp\/v2\/users\/1"}],"replies":[{"embeddable":true,"href":"http:\/\/www.ralfkropp.de\/radreisen\/wordpress\/wp-json\/wp\/v2\/comments?post=1894"}],"version-history":[{"count":3,"href":"http:\/\/www.ralfkropp.de\/radreisen\/wordpress\/wp-json\/wp\/v2\/posts\/1894\/revisions"}],"predecessor-version":[{"id":1906,"href":"http:\/\/www.ralfkropp.de\/radreisen\/wordpress\/wp-json\/wp\/v2\/posts\/1894\/revisions\/1906"}],"wp:attachment":[{"href":"http:\/\/www.ralfkropp.de\/radreisen\/wordpress\/wp-json\/wp\/v2\/media?parent=1894"}],"wp:term":[{"taxonomy":"category","embeddable":true,"href":"http:\/\/www.ralfkropp.de\/radreisen\/wordpress\/wp-json\/wp\/v2\/categories?post=1894"},{"taxonomy":"post_tag","embeddable":true,"href":"http:\/\/www.ralfkropp.de\/radreisen\/wordpress\/wp-json\/wp\/v2\/tags?post=1894"}],"curies":[{"name":"wp","href":"https:\/\/api.w.org\/{rel}","templated":true}]}}