{"id":191,"date":"2011-12-20T12:05:38","date_gmt":"2011-12-20T12:05:38","guid":{"rendered":"http:\/\/www.ralfkropp.de\/radreisen\/wordpress\/?p=191"},"modified":"2011-12-20T12:05:51","modified_gmt":"2011-12-20T12:05:51","slug":"kitzbuhl-lienz","status":"publish","type":"post","link":"http:\/\/www.ralfkropp.de\/radreisen\/wordpress\/kitzbuhl-lienz\/","title":{"rendered":"Kitzb\u00fchl &#8211; Lienz"},"content":{"rendered":"<p><span style=\"font-size: 20px;\">14.08.<\/span>\u00a0 <span style=\"font-size: 20px;\">Kitzb\u00fchl &#8211; Lienz<\/span> 88km<\/p>\n<p><iframe loading=\"lazy\" src=\"http:\/\/www.google.de\/maps?f=d&amp;source=s_d&amp;saddr=Reither+Str.&amp;daddr=Lienz,+%C3%96sterreich&amp;geocode=Fe8r1AIdkqm8AA%3BFaqIygIdYL7CACk1q_k68113RzE7NYXdFF6rqw&amp;aq=0&amp;sll=47.453282,12.379832&amp;sspn=0.019675,0.045447&amp;vpsrc=6&amp;hl=de&amp;mra=ls&amp;ie=UTF8&amp;t=h&amp;ll=47.144897,12.562866&amp;spn=1.30766,2.334595&amp;z=8&amp;output=embed\" frameborder=\"0\" marginwidth=\"0\" marginheight=\"0\" scrolling=\"no\" width=\"425\" height=\"350\"><\/iframe><br \/>\n<small><a style=\"color: #0000ff; text-align: left;\" href=\"http:\/\/www.google.de\/maps?f=d&amp;source=embed&amp;saddr=Reither+Str.&amp;daddr=Lienz,+%C3%96sterreich&amp;geocode=Fe8r1AIdkqm8AA%3BFaqIygIdYL7CACk1q_k68113RzE7NYXdFF6rqw&amp;aq=0&amp;sll=47.453282,12.379832&amp;sspn=0.019675,0.045447&amp;vpsrc=6&amp;hl=de&amp;mra=ls&amp;ie=UTF8&amp;t=h&amp;ll=47.144897,12.562866&amp;spn=1.30766,2.334595&amp;z=8\">Gr\u00f6\u00dfere Kartenansicht<\/a><\/small><\/p>\n<p>&nbsp;<\/p>\n<p>schon um 9Uhr starte ich. Es geht stetig berghoch zum Pass Thurn (1273m). Danach geht es im rasanten Tempo wieder hinab an einigen LKWs vorbei nach Mittersill. Fl\u00fcssigkeitshaushalt ausgeglichen geht es zum Felbertauerntunnel. Da untraniert versagen mir die Beine den Dienst und ich \u00fcberlege schon den Bus zu nehmen. Doch der f\u00e4hrt sp\u00e4t und so geht es langssam weiter. Trinke vorm Pass noch ein Bier und erfahre, dass ich nicht durch den Tunnel fahren darf. Der Wirt ist so freundlich und organisiert mir ein Mitfahrgelegenheit auf einem LKW ohne Anh\u00e4nger. Meine \u00c4u\u00dferungen, wo ich hin will, wird mit einem l\u00e4cheln gew\u00fcrdigt. Mit etwas Angst um mein Rad durchqueren wir den Tunnel. Auf der anderen Seite begr\u00fc\u00dft uns Misselregen. Wiede erfreut mich eine Abfahrt. Es geht am Fluss entlang nach Lienz.<\/p>\n<p>&nbsp;<\/p>\n<div class=\"facebook-like\"><fb:like layout=\"standard\" show_faces=\"true\" href=\"http:\/\/www.ralfkropp.de\/radreisen\/wordpress\/kitzbuhl-lienz\/\"><\/fb:like><\/div>","protected":false},"excerpt":{"rendered":"<p>14.08.\u00a0 Kitzb\u00fchl &#8211; Lienz 88km Gr\u00f6\u00dfere Kartenansicht &nbsp; schon um 9Uhr starte ich. Es geht stetig berghoch zum Pass Thurn (1273m). Danach geht es im rasanten Tempo wieder hinab an einigen LKWs vorbei nach Mittersill. Fl\u00fcssigkeitshaushalt ausgeglichen geht es zum [&hellip;] <a class=\"more-link\" href=\"http:\/\/www.ralfkropp.de\/radreisen\/wordpress\/kitzbuhl-lienz\/\">Kompletten Beitrag lesen&#8230;<\/a><\/p>\n","protected":false},"author":1,"featured_media":0,"comment_status":"open","ping_status":"open","sticky":false,"template":"","format":"standard","meta":[],"categories":[6],"tags":[],"_links":{"self":[{"href":"http:\/\/www.ralfkropp.de\/radreisen\/wordpress\/wp-json\/wp\/v2\/posts\/191"}],"collection":[{"href":"http:\/\/www.ralfkropp.de\/radreisen\/wordpress\/wp-json\/wp\/v2\/posts"}],"about":[{"href":"http:\/\/www.ralfkropp.de\/radreisen\/wordpress\/wp-json\/wp\/v2\/types\/post"}],"author":[{"embeddable":true,"href":"http:\/\/www.ralfkropp.de\/radreisen\/wordpress\/wp-json\/wp\/v2\/users\/1"}],"replies":[{"embeddable":true,"href":"http:\/\/www.ralfkropp.de\/radreisen\/wordpress\/wp-json\/wp\/v2\/comments?post=191"}],"version-history":[{"count":2,"href":"http:\/\/www.ralfkropp.de\/radreisen\/wordpress\/wp-json\/wp\/v2\/posts\/191\/revisions"}],"predecessor-version":[{"id":193,"href":"http:\/\/www.ralfkropp.de\/radreisen\/wordpress\/wp-json\/wp\/v2\/posts\/191\/revisions\/193"}],"wp:attachment":[{"href":"http:\/\/www.ralfkropp.de\/radreisen\/wordpress\/wp-json\/wp\/v2\/media?parent=191"}],"wp:term":[{"taxonomy":"category","embeddable":true,"href":"http:\/\/www.ralfkropp.de\/radreisen\/wordpress\/wp-json\/wp\/v2\/categories?post=191"},{"taxonomy":"post_tag","embeddable":true,"href":"http:\/\/www.ralfkropp.de\/radreisen\/wordpress\/wp-json\/wp\/v2\/tags?post=191"}],"curies":[{"name":"wp","href":"https:\/\/api.w.org\/{rel}","templated":true}]}}