{"id":1919,"date":"2020-03-05T18:57:00","date_gmt":"2020-03-05T18:57:00","guid":{"rendered":"http:\/\/www.ralfkropp.de\/radreisen\/wordpress\/?p=1919"},"modified":"2020-03-05T18:59:02","modified_gmt":"2020-03-05T18:59:02","slug":"1-1-2019-cochrane-lake-general-carrera-pared-sur-camp","status":"publish","type":"post","link":"http:\/\/www.ralfkropp.de\/radreisen\/wordpress\/1-1-2019-cochrane-lake-general-carrera-pared-sur-camp\/","title":{"rendered":"1.1.2019 Cochrane &#8211; Lake General Carrera (Pared Sur Camp)"},"content":{"rendered":"\n<p><iframe loading=\"lazy\" class=\"alltrails\" title=\"AllTrails: Trail Guides and Maps for Hiking, Camping, and Running\" src=\"https:\/\/www.alltrails.com\/widget\/recording\/cochrane-lago-bertrand?u=m\" width=\"100%\" height=\"400\" frameborder=\"0\" marginwidth=\"0\" marginheight=\"0\" scrolling=\"no\"><\/iframe><\/p>\n<p><span style=\"color: #000000;\"><span style=\"font-family: Helvetica Neue, serif;\"><span style=\"font-size: xx-small;\"><span style=\"font-family: Arial, sans-serif;\"><span style=\"font-size: small;\">Nach einem guten Fr\u00fchst\u00fcck breche ich auf und fahre am River Barker entlang. Sehe viele Stromschnellen und denke, dies ist wirklich so eins der besten Wildwasserreviere wie mir die drei gestern erz\u00e4hlt hatten. Am Wasserfall treffe ich sie dann auch wieder. Sie bereiten sich gerade vor, als ich mich auf den Weg mache. H\u00e4tte vielleicht dableiben sollen und ihnen zuschauen, wie sie den Wasserfall (Stromschnelle) herunter paddeln, doch ich m\u00f6chte ja noch fast nach Puerto Rio Tranquilo um mir dort am n\u00e4chsten Tag noch die Marmorgrotten anzuschauen.<\/span><\/span><\/span><\/span><\/span><\/p>\n<p><a href=\"http:\/\/www.ralfkropp.de\/radreisen\/wordpress\/wp-content\/uploads\/2020\/03\/P1014708-scaled.jpg\"><img decoding=\"async\" loading=\"lazy\" class=\" wp-image-1920 alignleft\" src=\"http:\/\/www.ralfkropp.de\/radreisen\/wordpress\/wp-content\/uploads\/2020\/03\/P1014708-300x225.jpg\" alt=\"\" width=\"239\" height=\"179\" srcset=\"http:\/\/www.ralfkropp.de\/radreisen\/wordpress\/wp-content\/uploads\/2020\/03\/P1014708-300x225.jpg 300w, http:\/\/www.ralfkropp.de\/radreisen\/wordpress\/wp-content\/uploads\/2020\/03\/P1014708-1024x768.jpg 1024w, http:\/\/www.ralfkropp.de\/radreisen\/wordpress\/wp-content\/uploads\/2020\/03\/P1014708-768x576.jpg 768w, http:\/\/www.ralfkropp.de\/radreisen\/wordpress\/wp-content\/uploads\/2020\/03\/P1014708-1536x1152.jpg 1536w, http:\/\/www.ralfkropp.de\/radreisen\/wordpress\/wp-content\/uploads\/2020\/03\/P1014708-2048x1536.jpg 2048w\" sizes=\"(max-width: 239px) 100vw, 239px\" \/><\/a><\/p>\n<p><a href=\"http:\/\/www.ralfkropp.de\/radreisen\/wordpress\/wp-content\/uploads\/2020\/03\/P1014713-1-scaled.jpg\"><img decoding=\"async\" loading=\"lazy\" class=\"wp-image-1921 alignright\" src=\"http:\/\/www.ralfkropp.de\/radreisen\/wordpress\/wp-content\/uploads\/2020\/03\/P1014713-1-300x225.jpg\" alt=\"\" width=\"243\" height=\"182\" srcset=\"http:\/\/www.ralfkropp.de\/radreisen\/wordpress\/wp-content\/uploads\/2020\/03\/P1014713-1-300x225.jpg 300w, http:\/\/www.ralfkropp.de\/radreisen\/wordpress\/wp-content\/uploads\/2020\/03\/P1014713-1-1024x768.jpg 1024w, http:\/\/www.ralfkropp.de\/radreisen\/wordpress\/wp-content\/uploads\/2020\/03\/P1014713-1-768x576.jpg 768w, http:\/\/www.ralfkropp.de\/radreisen\/wordpress\/wp-content\/uploads\/2020\/03\/P1014713-1-1536x1152.jpg 1536w, http:\/\/www.ralfkropp.de\/radreisen\/wordpress\/wp-content\/uploads\/2020\/03\/P1014713-1-2048x1536.jpg 2048w\" sizes=\"(max-width: 243px) 100vw, 243px\" \/><\/a><\/p>\n<p><a href=\"http:\/\/www.ralfkropp.de\/radreisen\/wordpress\/wp-content\/uploads\/2020\/03\/P1014717-scaled.jpg\"><img decoding=\"async\" loading=\"lazy\" class=\"wp-image-1922 alignleft\" src=\"http:\/\/www.ralfkropp.de\/radreisen\/wordpress\/wp-content\/uploads\/2020\/03\/P1014717-300x225.jpg\" alt=\"\" width=\"240\" height=\"180\" srcset=\"http:\/\/www.ralfkropp.de\/radreisen\/wordpress\/wp-content\/uploads\/2020\/03\/P1014717-300x225.jpg 300w, http:\/\/www.ralfkropp.de\/radreisen\/wordpress\/wp-content\/uploads\/2020\/03\/P1014717-1024x768.jpg 1024w, http:\/\/www.ralfkropp.de\/radreisen\/wordpress\/wp-content\/uploads\/2020\/03\/P1014717-768x576.jpg 768w, http:\/\/www.ralfkropp.de\/radreisen\/wordpress\/wp-content\/uploads\/2020\/03\/P1014717-1536x1152.jpg 1536w, http:\/\/www.ralfkropp.de\/radreisen\/wordpress\/wp-content\/uploads\/2020\/03\/P1014717-2048x1536.jpg 2048w\" sizes=\"(max-width: 240px) 100vw, 240px\" \/><\/a><\/p>\n<p><a href=\"http:\/\/www.ralfkropp.de\/radreisen\/wordpress\/wp-content\/uploads\/2020\/03\/P1014719-scaled.jpg\"><img decoding=\"async\" loading=\"lazy\" class=\"wp-image-1923 alignright\" src=\"http:\/\/www.ralfkropp.de\/radreisen\/wordpress\/wp-content\/uploads\/2020\/03\/P1014719-300x225.jpg\" alt=\"\" width=\"243\" height=\"182\" srcset=\"http:\/\/www.ralfkropp.de\/radreisen\/wordpress\/wp-content\/uploads\/2020\/03\/P1014719-300x225.jpg 300w, http:\/\/www.ralfkropp.de\/radreisen\/wordpress\/wp-content\/uploads\/2020\/03\/P1014719-1024x768.jpg 1024w, http:\/\/www.ralfkropp.de\/radreisen\/wordpress\/wp-content\/uploads\/2020\/03\/P1014719-768x576.jpg 768w, http:\/\/www.ralfkropp.de\/radreisen\/wordpress\/wp-content\/uploads\/2020\/03\/P1014719-1536x1152.jpg 1536w, http:\/\/www.ralfkropp.de\/radreisen\/wordpress\/wp-content\/uploads\/2020\/03\/P1014719-2048x1536.jpg 2048w\" sizes=\"(max-width: 243px) 100vw, 243px\" \/><\/a><\/p>\n<p><a href=\"http:\/\/www.ralfkropp.de\/radreisen\/wordpress\/wp-content\/uploads\/2020\/03\/P1014725-28-scaled.jpg\"><img decoding=\"async\" loading=\"lazy\" class=\"alignnone size-medium wp-image-1924\" src=\"http:\/\/www.ralfkropp.de\/radreisen\/wordpress\/wp-content\/uploads\/2020\/03\/P1014725-28-300x77.jpg\" alt=\"\" width=\"300\" height=\"77\" srcset=\"http:\/\/www.ralfkropp.de\/radreisen\/wordpress\/wp-content\/uploads\/2020\/03\/P1014725-28-300x77.jpg 300w, http:\/\/www.ralfkropp.de\/radreisen\/wordpress\/wp-content\/uploads\/2020\/03\/P1014725-28-1024x262.jpg 1024w, http:\/\/www.ralfkropp.de\/radreisen\/wordpress\/wp-content\/uploads\/2020\/03\/P1014725-28-768x196.jpg 768w, http:\/\/www.ralfkropp.de\/radreisen\/wordpress\/wp-content\/uploads\/2020\/03\/P1014725-28-1536x393.jpg 1536w, http:\/\/www.ralfkropp.de\/radreisen\/wordpress\/wp-content\/uploads\/2020\/03\/P1014725-28-2048x523.jpg 2048w\" sizes=\"(max-width: 300px) 100vw, 300px\" \/><\/a><\/p>\n<p><span style=\"color: #000000;\"><span style=\"font-family: Helvetica Neue, serif;\"><span style=\"font-size: xx-small;\"><span style=\"font-family: Arial, sans-serif;\"><span style=\"font-size: small;\">Die Fahrt am dunkel t\u00fcrkisblau schimmernden Rio Barker ist angenehm flach und nicht windig. In Puerto Bertrand bestelle ich mir eine Tasse Kaffee, als ich bezahlen m\u00f6chte falle ich aus allen Wolken &#8211; 2500 Pesos &#8211; f\u00fcr diesen Preis bekomme ich normalerweise drei Tassen. Muss wohl ein sehr edler Tropfen gewesen sein.<\/span><\/span><\/span><\/span><\/span><\/p>\n<p><span style=\"color: #000000;\"><span style=\"font-family: Helvetica Neue, serif;\"><span style=\"font-size: xx-small;\"><span style=\"font-family: Arial, sans-serif;\"><span style=\"font-size: small;\">Als ich dann weiterfahre wartet auch gleich noch ein saftiger Anstieg auf mich.<\/span><\/span><\/span><\/span><\/span><\/p>\n<p><span style=\"color: #000000;\"><span style=\"font-family: Helvetica Neue, serif;\"><span style=\"font-size: xx-small;\"><span style=\"font-family: Arial, sans-serif;\"><span style=\"font-size: small;\">Vor mir taucht ein Radfahrer auf, was ja sonst nicht selten ist, doch diesmal f\u00e4hrt die Person in meine Richtung. Es ist eine Chilenin, die aber so langsam ist, dass wir uns nur kurz unterhalten und ich dann weiterfahre. Schlafe in einem Camp, wo Iglozelte aufgestellt sind. Sie wollen Cyclisten anlocken und haben noch einige Bretterbuden mit Betten aufgestellt, wo auch ich drin schlafen kann. Die K\u00fcche ist richtig gut ausgestattet mit Blick auf den riesigen See. Ich bekomme auch noch mit Obst und Gem\u00fcse, so dass der hungrig aussehende Radler auch ja nicht verhungert. Unterhalte mich nett mit zwei Israelis, die sich einen Wagen gekauft haben und damit l\u00e4ngere Zeit unterwegs sein wollen.<\/span><\/span><\/span><\/span><\/span><\/p>\n<div class=\"facebook-like\"><fb:like layout=\"standard\" show_faces=\"true\" href=\"http:\/\/www.ralfkropp.de\/radreisen\/wordpress\/1-1-2019-cochrane-lake-general-carrera-pared-sur-camp\/\"><\/fb:like><\/div>","protected":false},"excerpt":{"rendered":"<p>Nach einem guten Fr\u00fchst\u00fcck breche ich auf und fahre am River Barker entlang. Sehe viele Stromschnellen und denke, dies ist wirklich so eins der besten Wildwasserreviere wie mir die drei gestern erz\u00e4hlt hatten. Am Wasserfall treffe ich sie dann auch [&hellip;] <a class=\"more-link\" href=\"http:\/\/www.ralfkropp.de\/radreisen\/wordpress\/1-1-2019-cochrane-lake-general-carrera-pared-sur-camp\/\">Kompletten Beitrag lesen&#8230;<\/a><\/p>\n","protected":false},"author":1,"featured_media":0,"comment_status":"closed","ping_status":"open","sticky":false,"template":"","format":"standard","meta":[],"categories":[1],"tags":[],"_links":{"self":[{"href":"http:\/\/www.ralfkropp.de\/radreisen\/wordpress\/wp-json\/wp\/v2\/posts\/1919"}],"collection":[{"href":"http:\/\/www.ralfkropp.de\/radreisen\/wordpress\/wp-json\/wp\/v2\/posts"}],"about":[{"href":"http:\/\/www.ralfkropp.de\/radreisen\/wordpress\/wp-json\/wp\/v2\/types\/post"}],"author":[{"embeddable":true,"href":"http:\/\/www.ralfkropp.de\/radreisen\/wordpress\/wp-json\/wp\/v2\/users\/1"}],"replies":[{"embeddable":true,"href":"http:\/\/www.ralfkropp.de\/radreisen\/wordpress\/wp-json\/wp\/v2\/comments?post=1919"}],"version-history":[{"count":3,"href":"http:\/\/www.ralfkropp.de\/radreisen\/wordpress\/wp-json\/wp\/v2\/posts\/1919\/revisions"}],"predecessor-version":[{"id":1927,"href":"http:\/\/www.ralfkropp.de\/radreisen\/wordpress\/wp-json\/wp\/v2\/posts\/1919\/revisions\/1927"}],"wp:attachment":[{"href":"http:\/\/www.ralfkropp.de\/radreisen\/wordpress\/wp-json\/wp\/v2\/media?parent=1919"}],"wp:term":[{"taxonomy":"category","embeddable":true,"href":"http:\/\/www.ralfkropp.de\/radreisen\/wordpress\/wp-json\/wp\/v2\/categories?post=1919"},{"taxonomy":"post_tag","embeddable":true,"href":"http:\/\/www.ralfkropp.de\/radreisen\/wordpress\/wp-json\/wp\/v2\/tags?post=1919"}],"curies":[{"name":"wp","href":"https:\/\/api.w.org\/{rel}","templated":true}]}}