{"id":194,"date":"2011-12-20T17:35:48","date_gmt":"2011-12-20T17:35:48","guid":{"rendered":"http:\/\/www.ralfkropp.de\/radreisen\/wordpress\/?p=194"},"modified":"2011-12-20T17:35:48","modified_gmt":"2011-12-20T17:35:48","slug":"lienz-notsch-im-gailtal","status":"publish","type":"post","link":"http:\/\/www.ralfkropp.de\/radreisen\/wordpress\/lienz-notsch-im-gailtal\/","title":{"rendered":"Lienz &#8211; N\u00f6tsch im Gailtal"},"content":{"rendered":"<p><span style=\"font-size: 20px;\">1<\/span><span style=\"font-size: 20px;\">5.10. Lienz &#8211; N\u00f6tsch im Gailtal<\/span><\/p>\n<p><iframe loading=\"lazy\" src=\"http:\/\/www.google.de\/maps?f=d&amp;source=s_d&amp;saddr=Lienz,+%C3%96sterreich&amp;daddr=46.71865,13.28784+to:N%C3%B6tsch+im+Gailtal,+%C3%96sterreich&amp;geocode=FaqIygIdYL7CACk1q_k68113RzE7NYXdFF6rqw%3BFbreyAIdoMHKACmxjSoW_KhwRzHFJSp2TaazLg%3BFYDjxgIdBtnPAClrybthYXZ6RzEtlFijhjkcUw&amp;aq=0&amp;sll=46.710678,13.193207&amp;sspn=0.638434,1.454315&amp;vpsrc=6&amp;hl=de&amp;mra=dpe&amp;mrsp=1&amp;sz=10&amp;via=1&amp;ie=UTF8&amp;ll=46.710678,13.193207&amp;spn=0.638434,1.454315&amp;t=h&amp;output=embed\" frameborder=\"0\" marginwidth=\"0\" marginheight=\"0\" scrolling=\"no\" width=\"425\" height=\"350\"><\/iframe><br \/>\n<small><a style=\"color: #0000ff; text-align: left;\" href=\"http:\/\/www.google.de\/maps?f=d&amp;source=embed&amp;saddr=Lienz,+%C3%96sterreich&amp;daddr=46.71865,13.28784+to:N%C3%B6tsch+im+Gailtal,+%C3%96sterreich&amp;geocode=FaqIygIdYL7CACk1q_k68113RzE7NYXdFF6rqw%3BFbreyAIdoMHKACmxjSoW_KhwRzHFJSp2TaazLg%3BFYDjxgIdBtnPAClrybthYXZ6RzEtlFijhjkcUw&amp;aq=0&amp;sll=46.710678,13.193207&amp;sspn=0.638434,1.454315&amp;vpsrc=6&amp;hl=de&amp;mra=dpe&amp;mrsp=1&amp;sz=10&amp;via=1&amp;ie=UTF8&amp;ll=46.710678,13.193207&amp;spn=0.638434,1.454315&amp;t=h\">Gr\u00f6\u00dfere Kartenansicht<\/a><\/small><\/p>\n<p>&nbsp;<\/p>\n<p>Verlasse den Schlafsack nur ungerne, da es in ihm mollig warm ist. Supermarkt ist auch flicht. Hatte in der Nacht ziemlichen durst und nichts mehr zu trinken. Sonne knallt vom Himmel und dann noch ein h\u00e4\u00dfliches Schild mit 16%Steigung. Der kleinste Gang hilf nicht mehr und schieben ist angesagt. Am Wei\u00dfensee dem angeblich h\u00f6chsten Badesee (930m) der Alpen ist der Campingplatz schon geschlossen. Weiter gehts. Wasserflasche verl\u00e4sst ungewolt den Halter und \u00fcberholt mich auch noch bevor sie gegen Steine schlittert und aus einem Ri\u00df spritzt. Scheibenkleister, denn morgen ist Sonntag. Der Hintern hat sich langsam ans radeln gew\u00f6hnt und schmerzt nicht mehr. Mit 57,7 in die Ortschaft. Werde aber nicht geblitzt.<\/p>\n<p>&nbsp;<\/p>\n<div class=\"facebook-like\"><fb:like layout=\"standard\" show_faces=\"true\" href=\"http:\/\/www.ralfkropp.de\/radreisen\/wordpress\/lienz-notsch-im-gailtal\/\"><\/fb:like><\/div>","protected":false},"excerpt":{"rendered":"<p>15.10. Lienz &#8211; N\u00f6tsch im Gailtal Gr\u00f6\u00dfere Kartenansicht &nbsp; Verlasse den Schlafsack nur ungerne, da es in ihm mollig warm ist. Supermarkt ist auch flicht. Hatte in der Nacht ziemlichen durst und nichts mehr zu trinken. Sonne knallt vom Himmel [&hellip;] <a class=\"more-link\" href=\"http:\/\/www.ralfkropp.de\/radreisen\/wordpress\/lienz-notsch-im-gailtal\/\">Kompletten Beitrag lesen&#8230;<\/a><\/p>\n","protected":false},"author":1,"featured_media":0,"comment_status":"open","ping_status":"open","sticky":false,"template":"","format":"standard","meta":[],"categories":[6],"tags":[],"_links":{"self":[{"href":"http:\/\/www.ralfkropp.de\/radreisen\/wordpress\/wp-json\/wp\/v2\/posts\/194"}],"collection":[{"href":"http:\/\/www.ralfkropp.de\/radreisen\/wordpress\/wp-json\/wp\/v2\/posts"}],"about":[{"href":"http:\/\/www.ralfkropp.de\/radreisen\/wordpress\/wp-json\/wp\/v2\/types\/post"}],"author":[{"embeddable":true,"href":"http:\/\/www.ralfkropp.de\/radreisen\/wordpress\/wp-json\/wp\/v2\/users\/1"}],"replies":[{"embeddable":true,"href":"http:\/\/www.ralfkropp.de\/radreisen\/wordpress\/wp-json\/wp\/v2\/comments?post=194"}],"version-history":[{"count":1,"href":"http:\/\/www.ralfkropp.de\/radreisen\/wordpress\/wp-json\/wp\/v2\/posts\/194\/revisions"}],"predecessor-version":[{"id":195,"href":"http:\/\/www.ralfkropp.de\/radreisen\/wordpress\/wp-json\/wp\/v2\/posts\/194\/revisions\/195"}],"wp:attachment":[{"href":"http:\/\/www.ralfkropp.de\/radreisen\/wordpress\/wp-json\/wp\/v2\/media?parent=194"}],"wp:term":[{"taxonomy":"category","embeddable":true,"href":"http:\/\/www.ralfkropp.de\/radreisen\/wordpress\/wp-json\/wp\/v2\/categories?post=194"},{"taxonomy":"post_tag","embeddable":true,"href":"http:\/\/www.ralfkropp.de\/radreisen\/wordpress\/wp-json\/wp\/v2\/tags?post=194"}],"curies":[{"name":"wp","href":"https:\/\/api.w.org\/{rel}","templated":true}]}}