{"id":196,"date":"2011-12-20T17:37:10","date_gmt":"2011-12-20T17:37:10","guid":{"rendered":"http:\/\/www.ralfkropp.de\/radreisen\/wordpress\/?p=196"},"modified":"2011-12-20T17:38:47","modified_gmt":"2011-12-20T17:38:47","slug":"notsch-im-gailtal-postaja","status":"publish","type":"post","link":"http:\/\/www.ralfkropp.de\/radreisen\/wordpress\/notsch-im-gailtal-postaja\/","title":{"rendered":"N\u00f6tsch im Gailtal &#8211; Postaja"},"content":{"rendered":"<p><span style=\"font-size: 20px;\">16.10.<\/span> <span style=\"font-size: 20px;\">N\u00f6tsch im Gailtal &#8211; Postaja <span style=\"font-size: 12px;\">98km<\/span><br \/>\n<\/span><\/p>\n<p><iframe loading=\"lazy\" src=\"http:\/\/www.google.de\/maps?f=d&amp;source=s_d&amp;saddr=N%C3%B6tsch+im+Gailtal,+%C3%96sterreich&amp;daddr=Postaja,+Tolmin,+Slowenien&amp;geocode=FYDjxgIdBtnPAClrybthYXZ6RzEtlFijhjkcUw%3BFXYZwAIdWALSAClBzP3H3_l6RzEQ1qrOHvgACg&amp;aq=0&amp;sll=45.73617,14.099785&amp;sspn=1.299721,2.90863&amp;vpsrc=0&amp;hl=de&amp;mra=ls&amp;ie=UTF8&amp;t=h&amp;ll=46.366375,13.6214&amp;spn=0.44503,0.28352&amp;output=embed\" frameborder=\"0\" marginwidth=\"0\" marginheight=\"0\" scrolling=\"no\" width=\"425\" height=\"350\"><\/iframe><br \/>\n<small><a style=\"color: #0000ff; text-align: left;\" href=\"http:\/\/www.google.de\/maps?f=d&amp;source=embed&amp;saddr=N%C3%B6tsch+im+Gailtal,+%C3%96sterreich&amp;daddr=Postaja,+Tolmin,+Slowenien&amp;geocode=FYDjxgIdBtnPAClrybthYXZ6RzEtlFijhjkcUw%3BFXYZwAIdWALSAClBzP3H3_l6RzEQ1qrOHvgACg&amp;aq=0&amp;sll=45.73617,14.099785&amp;sspn=1.299721,2.90863&amp;vpsrc=0&amp;hl=de&amp;mra=ls&amp;ie=UTF8&amp;t=h&amp;ll=46.366375,13.6214&amp;spn=0.44503,0.28352\">Gr\u00f6\u00dfere Kartenansicht<\/a><\/small><\/p>\n<p>Bei Nebel radle ich los, der sich aber schon an der Grenze zu Italien aufl\u00f6st. Vor dem PRedil Pass stoppe ich an einem herrlichen See beovor ich \u00fcber die Grenze nach Jugosjawien fahre. Dort erwartet mich ein herlicher Naturpark mit hohen Wasserf\u00e4llen. Auch die Bierpreise lassen mein Herz h\u00f6her schhlagen. Drei Bier 0,5l f\u00fcr 4 DM. Den gr\u00fcn schimmernden Flu\u00df Loca folgend baue ich mein Zelt sp\u00e4ter neben der Stra\u00dfe auf.<\/p>\n<p>&nbsp;<\/p>\n<div class=\"facebook-like\"><fb:like layout=\"standard\" show_faces=\"true\" href=\"http:\/\/www.ralfkropp.de\/radreisen\/wordpress\/notsch-im-gailtal-postaja\/\"><\/fb:like><\/div>","protected":false},"excerpt":{"rendered":"<p>16.10. N\u00f6tsch im Gailtal &#8211; Postaja 98km Gr\u00f6\u00dfere Kartenansicht Bei Nebel radle ich los, der sich aber schon an der Grenze zu Italien aufl\u00f6st. Vor dem PRedil Pass stoppe ich an einem herrlichen See beovor ich \u00fcber die Grenze nach [&hellip;] <a class=\"more-link\" href=\"http:\/\/www.ralfkropp.de\/radreisen\/wordpress\/notsch-im-gailtal-postaja\/\">Kompletten Beitrag lesen&#8230;<\/a><\/p>\n","protected":false},"author":1,"featured_media":0,"comment_status":"open","ping_status":"open","sticky":false,"template":"","format":"standard","meta":[],"categories":[6],"tags":[],"_links":{"self":[{"href":"http:\/\/www.ralfkropp.de\/radreisen\/wordpress\/wp-json\/wp\/v2\/posts\/196"}],"collection":[{"href":"http:\/\/www.ralfkropp.de\/radreisen\/wordpress\/wp-json\/wp\/v2\/posts"}],"about":[{"href":"http:\/\/www.ralfkropp.de\/radreisen\/wordpress\/wp-json\/wp\/v2\/types\/post"}],"author":[{"embeddable":true,"href":"http:\/\/www.ralfkropp.de\/radreisen\/wordpress\/wp-json\/wp\/v2\/users\/1"}],"replies":[{"embeddable":true,"href":"http:\/\/www.ralfkropp.de\/radreisen\/wordpress\/wp-json\/wp\/v2\/comments?post=196"}],"version-history":[{"count":3,"href":"http:\/\/www.ralfkropp.de\/radreisen\/wordpress\/wp-json\/wp\/v2\/posts\/196\/revisions"}],"predecessor-version":[{"id":198,"href":"http:\/\/www.ralfkropp.de\/radreisen\/wordpress\/wp-json\/wp\/v2\/posts\/196\/revisions\/198"}],"wp:attachment":[{"href":"http:\/\/www.ralfkropp.de\/radreisen\/wordpress\/wp-json\/wp\/v2\/media?parent=196"}],"wp:term":[{"taxonomy":"category","embeddable":true,"href":"http:\/\/www.ralfkropp.de\/radreisen\/wordpress\/wp-json\/wp\/v2\/categories?post=196"},{"taxonomy":"post_tag","embeddable":true,"href":"http:\/\/www.ralfkropp.de\/radreisen\/wordpress\/wp-json\/wp\/v2\/tags?post=196"}],"curies":[{"name":"wp","href":"https:\/\/api.w.org\/{rel}","templated":true}]}}