{"id":203,"date":"2011-12-20T17:41:58","date_gmt":"2011-12-20T17:41:58","guid":{"rendered":"http:\/\/www.ralfkropp.de\/radreisen\/wordpress\/?p=203"},"modified":"2011-12-20T17:41:58","modified_gmt":"2011-12-20T17:41:58","slug":"rijeka-jurkusa","status":"publish","type":"post","link":"http:\/\/www.ralfkropp.de\/radreisen\/wordpress\/rijeka-jurkusa\/","title":{"rendered":"Rijeka &#8211; Jurkusa"},"content":{"rendered":"<p><span style=\"font-size: 24px;\">18.10. Rijeka &#8211; Jurkusa 97km<\/span><\/p>\n<p><iframe loading=\"lazy\" src=\"http:\/\/www.google.de\/maps?f=d&amp;source=s_d&amp;saddr=Rijeka,+Kroatien&amp;daddr=Jurkusa,+Senj,+Hrvatska&amp;geocode=FWCoswIdNUjcACktvqoXJaFkRzFwtss9OG88Nw%3BFdskqwIdg2DjAClT2FcQnbBjRzFvfojrGor4mg&amp;aq=0&amp;sll=44.55479,15.119025&amp;sspn=0.663472,1.454315&amp;vpsrc=6&amp;hl=de&amp;mra=ls&amp;ie=UTF8&amp;t=h&amp;ll=45.0774,14.790344&amp;spn=0.678826,1.167297&amp;z=9&amp;output=embed\" frameborder=\"0\" marginwidth=\"0\" marginheight=\"0\" scrolling=\"no\" width=\"425\" height=\"350\"><\/iframe><br \/>\n<small><a style=\"color: #0000ff; text-align: left;\" href=\"http:\/\/www.google.de\/maps?f=d&amp;source=embed&amp;saddr=Rijeka,+Kroatien&amp;daddr=Jurkusa,+Senj,+Hrvatska&amp;geocode=FWCoswIdNUjcACktvqoXJaFkRzFwtss9OG88Nw%3BFdskqwIdg2DjAClT2FcQnbBjRzFvfojrGor4mg&amp;aq=0&amp;sll=44.55479,15.119025&amp;sspn=0.663472,1.454315&amp;vpsrc=6&amp;hl=de&amp;mra=ls&amp;ie=UTF8&amp;t=h&amp;ll=45.0774,14.790344&amp;spn=0.678826,1.167297&amp;z=9\">Gr\u00f6\u00dfere Kartenansicht<\/a><\/small><\/p>\n<p>Fahre durch die Monsterstadt\u00a0 Rijeka und dann kommt es noch schlimmer in Bakar. Raffenerien schleudern ihren Dreck in die Luft. Bewolkt ist es auch noch, aber die K\u00fcste wird sch\u00f6ner. Pl\u00f6tzlich tauchen zwei Radler von hinten auf. Wir radeln zusammen weiter und finden mit m\u00fche einen Campingplatz. Der ist verlassen aber liegt sehr sch\u00f6n. Die beiden kommen aus Wien\u00a0 und haben\u00a0 noch eine lange Reise vor sich. Oscar und Gabi haben Hab und Gut verkauft und wollen durch Jugoslawien, der T\u00fcrkei, Iran(\u00dcberflug), durch Pakistan nach Nepal radeln. 5Jahre soll die Reise dauern. Es wird ein netter Abend.<\/p>\n<p>&nbsp;<\/p>\n<div class=\"facebook-like\"><fb:like layout=\"standard\" show_faces=\"true\" href=\"http:\/\/www.ralfkropp.de\/radreisen\/wordpress\/rijeka-jurkusa\/\"><\/fb:like><\/div>","protected":false},"excerpt":{"rendered":"<p>18.10. Rijeka &#8211; Jurkusa 97km Gr\u00f6\u00dfere Kartenansicht Fahre durch die Monsterstadt\u00a0 Rijeka und dann kommt es noch schlimmer in Bakar. Raffenerien schleudern ihren Dreck in die Luft. Bewolkt ist es auch noch, aber die K\u00fcste wird sch\u00f6ner. Pl\u00f6tzlich tauchen zwei [&hellip;] <a class=\"more-link\" href=\"http:\/\/www.ralfkropp.de\/radreisen\/wordpress\/rijeka-jurkusa\/\">Kompletten Beitrag lesen&#8230;<\/a><\/p>\n","protected":false},"author":1,"featured_media":0,"comment_status":"open","ping_status":"open","sticky":false,"template":"","format":"standard","meta":[],"categories":[6],"tags":[],"_links":{"self":[{"href":"http:\/\/www.ralfkropp.de\/radreisen\/wordpress\/wp-json\/wp\/v2\/posts\/203"}],"collection":[{"href":"http:\/\/www.ralfkropp.de\/radreisen\/wordpress\/wp-json\/wp\/v2\/posts"}],"about":[{"href":"http:\/\/www.ralfkropp.de\/radreisen\/wordpress\/wp-json\/wp\/v2\/types\/post"}],"author":[{"embeddable":true,"href":"http:\/\/www.ralfkropp.de\/radreisen\/wordpress\/wp-json\/wp\/v2\/users\/1"}],"replies":[{"embeddable":true,"href":"http:\/\/www.ralfkropp.de\/radreisen\/wordpress\/wp-json\/wp\/v2\/comments?post=203"}],"version-history":[{"count":1,"href":"http:\/\/www.ralfkropp.de\/radreisen\/wordpress\/wp-json\/wp\/v2\/posts\/203\/revisions"}],"predecessor-version":[{"id":204,"href":"http:\/\/www.ralfkropp.de\/radreisen\/wordpress\/wp-json\/wp\/v2\/posts\/203\/revisions\/204"}],"wp:attachment":[{"href":"http:\/\/www.ralfkropp.de\/radreisen\/wordpress\/wp-json\/wp\/v2\/media?parent=203"}],"wp:term":[{"taxonomy":"category","embeddable":true,"href":"http:\/\/www.ralfkropp.de\/radreisen\/wordpress\/wp-json\/wp\/v2\/categories?post=203"},{"taxonomy":"post_tag","embeddable":true,"href":"http:\/\/www.ralfkropp.de\/radreisen\/wordpress\/wp-json\/wp\/v2\/tags?post=203"}],"curies":[{"name":"wp","href":"https:\/\/api.w.org\/{rel}","templated":true}]}}