{"id":2033,"date":"2020-03-06T16:20:27","date_gmt":"2020-03-06T16:20:27","guid":{"rendered":"http:\/\/www.ralfkropp.de\/radreisen\/wordpress\/?p=2033"},"modified":"2020-03-06T16:21:47","modified_gmt":"2020-03-06T16:21:47","slug":"8-1-2019-puyuhuapi-villa-santa-lucia","status":"publish","type":"post","link":"http:\/\/www.ralfkropp.de\/radreisen\/wordpress\/8-1-2019-puyuhuapi-villa-santa-lucia\/","title":{"rendered":"8.1.2019 Puyuhuapi &#8211; Villa Santa Lucia"},"content":{"rendered":"\n<p><iframe loading=\"lazy\" class=\"alltrails\" title=\"AllTrails: Trail Guides and Maps for Hiking, Camping, and Running\" src=\"https:\/\/www.alltrails.com\/widget\/recording\/puyuhuapi-villa-santa-lucia?u=m\" width=\"100%\" height=\"400\" frameborder=\"0\" marginwidth=\"0\" marginheight=\"0\" scrolling=\"no\"><\/iframe><\/p>\n<p><span style=\"color: #000000;\"><span style=\"font-family: Helvetica Neue, serif;\"><span style=\"font-size: xx-small;\"><span style=\"font-family: Arial, sans-serif;\"><span style=\"font-size: small;\">In der Nacht heulen die Sirenen und mir kommen Gedanken, es k\u00f6nnte eine Tsunami Warnung sein. Da ich keine aufgeregten Menschen h\u00f6re oder viele Autos fahren, lege ich mich wieder hin und versuche weiter zu schlafen. Doch pl\u00f6tzlich wackelt mein Bett f\u00fcr einige Zeit. Nicht all zu doll, aber immerhin merkbar. Also erneut versuchen einzuschlafen, obwohl es wohl ein leichtes Erdbeben war.<\/span><\/span><\/span><\/span><\/span><\/p>\n<p><span style=\"color: #000000;\"><span style=\"font-family: Helvetica Neue, serif;\"><span style=\"font-size: xx-small;\"><span style=\"font-family: Arial, sans-serif;\"><span style=\"font-size: small;\">Verschlafe und h\u00f6re meinen Wecker auch nicht. Hatte extra das Fr\u00fchst\u00fcck um 7 Uhr bestellt, um fr\u00fch los zu kommen. So wird es 7:15 Uhr, es sind zwar noch keine Taschen gepackt, aber das Fr\u00fchst\u00fcck ist wieder extraklasse. Zwei Spiegeleier, Brot, Fruchtsalat, Butter, Marmelade und Kaffee von allem so viel man mag.<\/span><\/span><\/span><\/span><\/span><\/p>\n<p><span style=\"color: #000000;\"><span style=\"font-family: Helvetica Neue, serif;\"><span style=\"font-size: xx-small;\"><span style=\"font-family: Arial, sans-serif;\"><span style=\"font-size: small;\">Gut gest\u00e4rkt mache ich mich auf den Weg. Der Schneefallgrenze in den Bergen ist ziemlich weit gesunken, 200 m h\u00f6her und ich m\u00fcsste durch Schnee fahren. Leider f\u00e4ngt es wieder an zu regnen und meine Handschuhe sind durchn\u00e4sst. Bei 3 Grad nicht gerade angenehm. Meine Beine werden auch nass, da ich keine Regenhose dabei habe. In den Schuhen steht bald auch schon das Wasser, obwohl ich \u00dcberschuhe trage, aber von den Beinlingen l\u00e4uft das Wasser leider in die Schuhe. An anhalten ist nicht zu denken, denn wenn man dabei dann ganz ausk\u00fchlt, w\u00fcrde man seinen K\u00f6rper nicht mehr warm bekommen. Bin aber nicht der einzige, der bei dem Wetter unterwegs ist. Die Wetterapp hatte ja auch eigentlich kaum Regen angesagt und es sollte zunehmend freundlicher werden. Die vielen Radfahrer die entgegenkommen werden nur fl\u00fcchtig begr\u00fcsst. In La Junta halte ich nicht an um nicht auszuk\u00fchlen. Sind ja nur 116 km bis Villa Santa Lucia. V\u00f6llig ersch\u00f6pft, ausgehungert und unterk\u00fchlt komme ich an, st\u00fcrme den n\u00e4chsten Supermarkt um einen Kaffee zu trinken und eine Empanada zu essen. Einer Australierin erging es gleich und so sitzen wir vorm Supermarkt und versuchen wieder zu Kr\u00e4ften zu kommen. Zusammen suchen wir eine Unterkunft und treffen dort auf Thomas aus Frankreich, den ich im Refugio vor zwei Tagen bereits getroffen hatte. \u00dcber den Pass hat er sich von Polizisten mitnehmen lassen, da sein Hinterrad immerzu durchrutschte. Jetzt sitzen wir hier f\u00fcr den heutigen Tag in Villa Santa Lucia fest. Der Ort, der vor einem Jahr von einem m\u00e4chtigen Erdrutsch heimgesucht wurde. Man sieht viel von der Verw\u00fcstung, Schlammmassen und zerst\u00f6rte H\u00e4user, sowie Einzelteile von H\u00e4usern aus dem Erdreich herausschauen.<\/span><\/span><\/span><\/span><\/span><\/p>\n<p><a href=\"http:\/\/www.ralfkropp.de\/radreisen\/wordpress\/wp-content\/uploads\/2020\/03\/u4PYjx9Q.jpeg\"><img decoding=\"async\" loading=\"lazy\" class=\"size-full wp-image-2034 alignleft\" src=\"http:\/\/www.ralfkropp.de\/radreisen\/wordpress\/wp-content\/uploads\/2020\/03\/u4PYjx9Q.jpeg\" alt=\"\" width=\"256\" height=\"192\" \/><\/a><\/p>\n<p><a href=\"http:\/\/www.ralfkropp.de\/radreisen\/wordpress\/wp-content\/uploads\/2020\/03\/MkgU0Unw-Kopie.jpeg\"><img decoding=\"async\" loading=\"lazy\" class=\"size-medium wp-image-2036 alignright\" src=\"http:\/\/www.ralfkropp.de\/radreisen\/wordpress\/wp-content\/uploads\/2020\/03\/MkgU0Unw-Kopie.jpeg\" alt=\"\" width=\"256\" height=\"192\" \/><\/a><\/p>\n<p><a href=\"http:\/\/www.ralfkropp.de\/radreisen\/wordpress\/wp-content\/uploads\/2020\/03\/P1085153-Kopie-scaled.jpg\"><img decoding=\"async\" loading=\"lazy\" class=\" wp-image-2035\" src=\"http:\/\/www.ralfkropp.de\/radreisen\/wordpress\/wp-content\/uploads\/2020\/03\/P1085153-Kopie-300x225.jpg\" alt=\"\" width=\"224\" height=\"168\" srcset=\"http:\/\/www.ralfkropp.de\/radreisen\/wordpress\/wp-content\/uploads\/2020\/03\/P1085153-Kopie-300x225.jpg 300w, http:\/\/www.ralfkropp.de\/radreisen\/wordpress\/wp-content\/uploads\/2020\/03\/P1085153-Kopie-1024x768.jpg 1024w, http:\/\/www.ralfkropp.de\/radreisen\/wordpress\/wp-content\/uploads\/2020\/03\/P1085153-Kopie-768x576.jpg 768w, http:\/\/www.ralfkropp.de\/radreisen\/wordpress\/wp-content\/uploads\/2020\/03\/P1085153-Kopie-1536x1152.jpg 1536w, http:\/\/www.ralfkropp.de\/radreisen\/wordpress\/wp-content\/uploads\/2020\/03\/P1085153-Kopie-2048x1536.jpg 2048w\" sizes=\"(max-width: 224px) 100vw, 224px\" \/><\/a><\/p>\n<div class=\"facebook-like\"><fb:like layout=\"standard\" show_faces=\"true\" href=\"http:\/\/www.ralfkropp.de\/radreisen\/wordpress\/8-1-2019-puyuhuapi-villa-santa-lucia\/\"><\/fb:like><\/div>","protected":false},"excerpt":{"rendered":"<p>In der Nacht heulen die Sirenen und mir kommen Gedanken, es k\u00f6nnte eine Tsunami Warnung sein. Da ich keine aufgeregten Menschen h\u00f6re oder viele Autos fahren, lege ich mich wieder hin und versuche weiter zu schlafen. Doch pl\u00f6tzlich wackelt mein [&hellip;] <a class=\"more-link\" href=\"http:\/\/www.ralfkropp.de\/radreisen\/wordpress\/8-1-2019-puyuhuapi-villa-santa-lucia\/\">Kompletten Beitrag lesen&#8230;<\/a><\/p>\n","protected":false},"author":1,"featured_media":0,"comment_status":"closed","ping_status":"open","sticky":false,"template":"","format":"standard","meta":[],"categories":[1],"tags":[],"_links":{"self":[{"href":"http:\/\/www.ralfkropp.de\/radreisen\/wordpress\/wp-json\/wp\/v2\/posts\/2033"}],"collection":[{"href":"http:\/\/www.ralfkropp.de\/radreisen\/wordpress\/wp-json\/wp\/v2\/posts"}],"about":[{"href":"http:\/\/www.ralfkropp.de\/radreisen\/wordpress\/wp-json\/wp\/v2\/types\/post"}],"author":[{"embeddable":true,"href":"http:\/\/www.ralfkropp.de\/radreisen\/wordpress\/wp-json\/wp\/v2\/users\/1"}],"replies":[{"embeddable":true,"href":"http:\/\/www.ralfkropp.de\/radreisen\/wordpress\/wp-json\/wp\/v2\/comments?post=2033"}],"version-history":[{"count":2,"href":"http:\/\/www.ralfkropp.de\/radreisen\/wordpress\/wp-json\/wp\/v2\/posts\/2033\/revisions"}],"predecessor-version":[{"id":2038,"href":"http:\/\/www.ralfkropp.de\/radreisen\/wordpress\/wp-json\/wp\/v2\/posts\/2033\/revisions\/2038"}],"wp:attachment":[{"href":"http:\/\/www.ralfkropp.de\/radreisen\/wordpress\/wp-json\/wp\/v2\/media?parent=2033"}],"wp:term":[{"taxonomy":"category","embeddable":true,"href":"http:\/\/www.ralfkropp.de\/radreisen\/wordpress\/wp-json\/wp\/v2\/categories?post=2033"},{"taxonomy":"post_tag","embeddable":true,"href":"http:\/\/www.ralfkropp.de\/radreisen\/wordpress\/wp-json\/wp\/v2\/tags?post=2033"}],"curies":[{"name":"wp","href":"https:\/\/api.w.org\/{rel}","templated":true}]}}