{"id":2039,"date":"2020-03-06T17:16:35","date_gmt":"2020-03-06T17:16:35","guid":{"rendered":"http:\/\/www.ralfkropp.de\/radreisen\/wordpress\/?p=2039"},"modified":"2020-03-06T17:51:47","modified_gmt":"2020-03-06T17:51:47","slug":"9-1-2019-villa-santa-lucia-chaiten-camping-volcan-chaiten","status":"publish","type":"post","link":"http:\/\/www.ralfkropp.de\/radreisen\/wordpress\/9-1-2019-villa-santa-lucia-chaiten-camping-volcan-chaiten\/","title":{"rendered":"9.1.2019 Villa Santa Lucia &#8211; Chait\u00e9n &#8211; Camping Volcan Chait\u00e9n"},"content":{"rendered":"\n<p><iframe loading=\"lazy\" class=\"alltrails\" title=\"AllTrails: Trail Guides and Maps for Hiking, Camping, and Running\" src=\"https:\/\/www.alltrails.com\/widget\/map\/karte-32cfdce--2?u=m\" width=\"100%\" height=\"400\" frameborder=\"0\" marginwidth=\"0\" marginheight=\"0\" scrolling=\"no\"><\/iframe><\/p>\n<p><span style=\"color: #000000;\"><span style=\"font-family: Helvetica Neue, serif;\"><span style=\"font-size: xx-small;\"><span style=\"font-family: Arial, sans-serif;\"><span style=\"font-size: small;\">Thomas f\u00e4hrt schon vor uns los. Zoe und ich, genie\u00dfen ein geniales Fr\u00fchst\u00fcck, wieder mit Spiegeleiern, Schokowrap, K\u00e4se usw. Als wir dann durch das Tal den ersten Anstieg hochfahren kommt uns Thomas schon wieder entgegen. Er hat seinen Helm vergessen und so muss er den heftigen Anstieg zweimal hochstrampeln. Wir genie\u00dfen die geniale Landschaft bei herrlichem Sonnenschein und halten an einem Supermarkt mit Blick auf einen Gletscher an. Esse ein riesiges St\u00fcck Himbeertorte, sehr lecker! Unterwegs nach Chait\u00e8n sammeln wir Marten ein und zusammen mit ihm machen wir ordentlich Tempo und sind schon bald in Chait\u00e8n.<\/span><\/span><span style=\"font-family: Arial, sans-serif;\"><span style=\"font-size: small;\">\u00a0<\/span><\/span><\/span><\/span><\/span><\/p>\n<p><a href=\"http:\/\/www.ralfkropp.de\/radreisen\/wordpress\/wp-content\/uploads\/2020\/03\/P1095159-60-scaled.jpg\"><img decoding=\"async\" loading=\"lazy\" class=\"wp-image-2040 alignleft\" src=\"http:\/\/www.ralfkropp.de\/radreisen\/wordpress\/wp-content\/uploads\/2020\/03\/P1095159-60-300x134.jpg\" alt=\"\" width=\"253\" height=\"113\" srcset=\"http:\/\/www.ralfkropp.de\/radreisen\/wordpress\/wp-content\/uploads\/2020\/03\/P1095159-60-300x134.jpg 300w, http:\/\/www.ralfkropp.de\/radreisen\/wordpress\/wp-content\/uploads\/2020\/03\/P1095159-60-1024x457.jpg 1024w, http:\/\/www.ralfkropp.de\/radreisen\/wordpress\/wp-content\/uploads\/2020\/03\/P1095159-60-768x343.jpg 768w, http:\/\/www.ralfkropp.de\/radreisen\/wordpress\/wp-content\/uploads\/2020\/03\/P1095159-60-1536x686.jpg 1536w, http:\/\/www.ralfkropp.de\/radreisen\/wordpress\/wp-content\/uploads\/2020\/03\/P1095159-60-2048x915.jpg 2048w\" sizes=\"(max-width: 253px) 100vw, 253px\" \/><\/a><\/p>\n<p><a href=\"http:\/\/www.ralfkropp.de\/radreisen\/wordpress\/wp-content\/uploads\/2020\/03\/P1095161-scaled.jpg\"><img decoding=\"async\" loading=\"lazy\" class=\" wp-image-2041\" src=\"http:\/\/www.ralfkropp.de\/radreisen\/wordpress\/wp-content\/uploads\/2020\/03\/P1095161-300x225.jpg\" alt=\"\" width=\"231\" height=\"173\" srcset=\"http:\/\/www.ralfkropp.de\/radreisen\/wordpress\/wp-content\/uploads\/2020\/03\/P1095161-300x225.jpg 300w, http:\/\/www.ralfkropp.de\/radreisen\/wordpress\/wp-content\/uploads\/2020\/03\/P1095161-1024x768.jpg 1024w, http:\/\/www.ralfkropp.de\/radreisen\/wordpress\/wp-content\/uploads\/2020\/03\/P1095161-768x576.jpg 768w, http:\/\/www.ralfkropp.de\/radreisen\/wordpress\/wp-content\/uploads\/2020\/03\/P1095161-1536x1152.jpg 1536w, http:\/\/www.ralfkropp.de\/radreisen\/wordpress\/wp-content\/uploads\/2020\/03\/P1095161-2048x1536.jpg 2048w\" sizes=\"(max-width: 231px) 100vw, 231px\" \/><\/a><\/p>\n<p><a href=\"http:\/\/www.ralfkropp.de\/radreisen\/wordpress\/wp-content\/uploads\/2020\/03\/P1095172-scaled.jpg\"><img decoding=\"async\" loading=\"lazy\" class=\"size-medium wp-image-2042\" src=\"http:\/\/www.ralfkropp.de\/radreisen\/wordpress\/wp-content\/uploads\/2020\/03\/P1095172-190x300.jpg\" alt=\"\" width=\"190\" height=\"300\" srcset=\"http:\/\/www.ralfkropp.de\/radreisen\/wordpress\/wp-content\/uploads\/2020\/03\/P1095172-190x300.jpg 190w, http:\/\/www.ralfkropp.de\/radreisen\/wordpress\/wp-content\/uploads\/2020\/03\/P1095172-649x1024.jpg 649w, http:\/\/www.ralfkropp.de\/radreisen\/wordpress\/wp-content\/uploads\/2020\/03\/P1095172-768x1211.jpg 768w, http:\/\/www.ralfkropp.de\/radreisen\/wordpress\/wp-content\/uploads\/2020\/03\/P1095172-974x1536.jpg 974w, http:\/\/www.ralfkropp.de\/radreisen\/wordpress\/wp-content\/uploads\/2020\/03\/P1095172-1299x2048.jpg 1299w, http:\/\/www.ralfkropp.de\/radreisen\/wordpress\/wp-content\/uploads\/2020\/03\/P1095172-scaled.jpg 1623w\" sizes=\"(max-width: 190px) 100vw, 190px\" \/><\/a><\/p>\n<p><span style=\"color: #000000;\"><span style=\"font-family: Helvetica Neue, serif;\"><span style=\"font-size: xx-small;\"><span style=\"font-family: Arial, sans-serif;\"><span style=\"font-size: small;\">Morgen soll sch\u00f6nes Wetter sein und so beschlie\u00dfe ich nicht auf der langen F\u00e4hrfahrt nach Chiloe an Bord zu sitzen, sondern mit Maarten die andere Route zu nehmen, wo wir vorher einen Vulkantrecking einbauen k\u00f6nnen.<\/span><\/span><span style=\"font-family: Arial, sans-serif;\"><span style=\"font-size: small;\">\u00a0<\/span><\/span><\/span><\/span><\/span><\/p>\n<p>\u00a0<\/p>\n<p><span style=\"color: #000000;\"><span style=\"font-family: Helvetica Neue, serif;\"><span style=\"font-size: xx-small;\"><span style=\"font-family: Arial, sans-serif;\"><span style=\"font-size: small;\">Pl\u00fcndern mal wieder den Supermarkt, leider gibt es kein frisches Obst und Gem\u00fcse, so kaufen wir nur K\u00e4se, Nudeln, Tomatenmark und ein paar Bier und jeder eine Packung f\u00fcrchterlicher Schokoladenkekse. Sie sind ja so billig, da muss man zuschlagen, da\u00df einem davon schlecht wird scheint uns nicht zu st\u00f6ren, sind ja super g\u00fcnstig. Wir fahren noch die 20 km zum Campingplatz der kurz hinter dem Trekkingpfad zum Vulkan liegt, da treffe ich die beiden Chilenen aus der Therme wieder. Sie hatten sich den Regentag geschenkt und den Bus genommen.<\/span><\/span><\/span><\/span><\/span><\/p>\n<p>\u00a0<\/p>\n<div class=\"facebook-like\"><fb:like layout=\"standard\" show_faces=\"true\" href=\"http:\/\/www.ralfkropp.de\/radreisen\/wordpress\/9-1-2019-villa-santa-lucia-chaiten-camping-volcan-chaiten\/\"><\/fb:like><\/div>","protected":false},"excerpt":{"rendered":"<p>Thomas f\u00e4hrt schon vor uns los. Zoe und ich, genie\u00dfen ein geniales Fr\u00fchst\u00fcck, wieder mit Spiegeleiern, Schokowrap, K\u00e4se usw. Als wir dann durch das Tal den ersten Anstieg hochfahren kommt uns Thomas schon wieder entgegen. Er hat seinen Helm vergessen [&hellip;] <a class=\"more-link\" href=\"http:\/\/www.ralfkropp.de\/radreisen\/wordpress\/9-1-2019-villa-santa-lucia-chaiten-camping-volcan-chaiten\/\">Kompletten Beitrag lesen&#8230;<\/a><\/p>\n","protected":false},"author":1,"featured_media":0,"comment_status":"closed","ping_status":"open","sticky":false,"template":"","format":"standard","meta":[],"categories":[1],"tags":[],"_links":{"self":[{"href":"http:\/\/www.ralfkropp.de\/radreisen\/wordpress\/wp-json\/wp\/v2\/posts\/2039"}],"collection":[{"href":"http:\/\/www.ralfkropp.de\/radreisen\/wordpress\/wp-json\/wp\/v2\/posts"}],"about":[{"href":"http:\/\/www.ralfkropp.de\/radreisen\/wordpress\/wp-json\/wp\/v2\/types\/post"}],"author":[{"embeddable":true,"href":"http:\/\/www.ralfkropp.de\/radreisen\/wordpress\/wp-json\/wp\/v2\/users\/1"}],"replies":[{"embeddable":true,"href":"http:\/\/www.ralfkropp.de\/radreisen\/wordpress\/wp-json\/wp\/v2\/comments?post=2039"}],"version-history":[{"count":2,"href":"http:\/\/www.ralfkropp.de\/radreisen\/wordpress\/wp-json\/wp\/v2\/posts\/2039\/revisions"}],"predecessor-version":[{"id":2102,"href":"http:\/\/www.ralfkropp.de\/radreisen\/wordpress\/wp-json\/wp\/v2\/posts\/2039\/revisions\/2102"}],"wp:attachment":[{"href":"http:\/\/www.ralfkropp.de\/radreisen\/wordpress\/wp-json\/wp\/v2\/media?parent=2039"}],"wp:term":[{"taxonomy":"category","embeddable":true,"href":"http:\/\/www.ralfkropp.de\/radreisen\/wordpress\/wp-json\/wp\/v2\/categories?post=2039"},{"taxonomy":"post_tag","embeddable":true,"href":"http:\/\/www.ralfkropp.de\/radreisen\/wordpress\/wp-json\/wp\/v2\/tags?post=2039"}],"curies":[{"name":"wp","href":"https:\/\/api.w.org\/{rel}","templated":true}]}}