{"id":2047,"date":"2020-03-06T18:53:34","date_gmt":"2020-03-06T18:53:34","guid":{"rendered":"http:\/\/www.ralfkropp.de\/radreisen\/wordpress\/?p=2047"},"modified":"2020-03-06T18:53:36","modified_gmt":"2020-03-06T18:53:36","slug":"10-1-2019-camping-volcan-chaiten-volcan-hornopiren","status":"publish","type":"post","link":"http:\/\/www.ralfkropp.de\/radreisen\/wordpress\/10-1-2019-camping-volcan-chaiten-volcan-hornopiren\/","title":{"rendered":"10.1.2019 Camping Volcan Chait\u00e9n &#8211; Volcan &#8211; Hornopir\u00e9n"},"content":{"rendered":"\n<p><iframe loading=\"lazy\" class=\"alltrails\" title=\"AllTrails: Trail Guides and Maps for Hiking, Camping, and Running\" src=\"https:\/\/www.alltrails.com\/widget\/map\/karte-fb8feff--2?u=m\" width=\"100%\" height=\"400\" frameborder=\"0\" marginwidth=\"0\" marginheight=\"0\" scrolling=\"no\"><\/iframe><\/p>\n<p><span style=\"color: #000000;\"><span style=\"font-family: Helvetica Neue, serif;\"><span style=\"font-size: xx-small;\"><span style=\"font-family: Arial, sans-serif;\"><span style=\"font-size: small;\">Als wir aufwachen ist alles mit Raureif \u00fcberzogen. Das Zelt lassen wir erstmal stehen, denn so kann es trocknen, w\u00e4hrend wir den Vulkan bezwingen. 7 km mit dem Rad zum Startpunkt des Wanderweges. Danach sind es zwar nur etwas mehr als 3 km, doch daf\u00fcr super steil. Normal braucht man 3 Stunden, wir schaffen es in schlappen 35 min. Der Weg ist schon genial und bietet tolle Aussichten auf das Tal und die umliegenden Berge.<\/span><\/span><span style=\"font-family: Arial, sans-serif;\"><span style=\"font-size: small;\">\u00a0 <\/span><\/span><span style=\"font-family: Arial, sans-serif;\"><span style=\"font-size: small;\">Das Erreichen des \u00e4u\u00dfere Kraterrandes offenbart einen genialen Blick auf den neu entstandenen, aktiven Vulkankegel. \u00dcberall treten Schwefeld\u00e4mpfe aus, so dass wir es besser lassen den inneren, aktiven Teil zu besteigen. Gut, da\u00df Maarten dabei ist, denn allein h\u00e4tte ich es sicherlich versucht diesen Teil auch noch zu besteigen.<\/span><\/span><\/span><\/span><\/span><\/p>\n<p><span style=\"color: #000000;\"><span style=\"font-family: Helvetica Neue, serif;\"><span style=\"font-size: xx-small;\"><span style=\"font-family: Arial, sans-serif;\"><span style=\"font-size: small;\">Aus einem Zelt schaut pl\u00f6tzlich eine junge Frau heraus. Total verschlafen. War sicherlich eine kalte Nacht f\u00fcr sie hier oben. Sie will auch noch den inneren aktiven Berg besteigen. Erkl\u00e4rt uns, dass sie schon auf vielen Vulkanen gewesen ist und nie sei was passiert. Wir steigen wieder ab ins Tal und fahren zum Zeltplatz, wo gerade die anderen aufbrechen. Beobachten noch ein Huemul Hirsch, dieser sieht wie ein zu klein geratenes Reh aus.<\/span><\/span><\/span><\/span><\/span><\/p>\n<p><span style=\"color: #000000;\"><span style=\"font-family: Helvetica Neue, serif;\"><span style=\"font-size: xx-small;\"><span style=\"font-family: Arial, sans-serif;\"><span style=\"font-size: small;\">Ab gehts zur F\u00e4hre. Doch es ist nicht mein Tag, zuerst rutsche ich im losen Schotter weg, dann verliere ich eine Gep\u00e4cktasche und mein Rad macht immer schlimmere Ger\u00e4usche. Die Kette springt und h\u00fcpft oder so was \u00e4hnliches. Zu mindestens kann man nicht mehr rund treten. Manchmal f\u00fchlt es sich so an als ob Metall auf Metall schleift. Leider stelle ich fest, dass die Ritzel vom Kettenspanner nicht mehr das sind was sie mal waren. In die eine Richtung dreht sich das Ritzel garnicht mehr. Die Kette rutscht einfach \u00fcber die Erhebungen weg. Erreichen trotzdem rechtzeitig die F\u00e4hre. Ruhen uns auf der 4 St\u00fcndigen Fahrt aus und genie\u00dfen die Aussicht auf Berge, die den Fjord begrenzen. Als wir in Hornopir\u00e9n ankommen, sehen wir direkt hinterm Ort einen super gleichf\u00f6rmigen Vulkan. Ein Vulkan wie aus dem Lehrbuch, denke mir jetzt m\u00fcsste er noch ausbrechen, dann w\u00e4re das Schauspiel perfekt. Marten \u00fcberrede ich, dass wir uns ein Zimmer teilen. Er w\u00e4re sonst zelten gegangen. Wir finden auch ein bike freundliches Hostel, es ist<\/span><\/span><span style=\"font-family: Arial, sans-serif;\"><span style=\"font-size: small;\">\u00a0 <\/span><\/span><span style=\"font-family: Arial, sans-serif;\"><span style=\"font-size: small;\">ein sch\u00f6nes Haus mit ger\u00e4umigen Zimmern, guten Matratzen und gutem Fr\u00fchst\u00fcck.<\/span><\/span><\/span><\/span><\/span><\/p>\n<div class=\"facebook-like\"><fb:like layout=\"standard\" show_faces=\"true\" href=\"http:\/\/www.ralfkropp.de\/radreisen\/wordpress\/10-1-2019-camping-volcan-chaiten-volcan-hornopiren\/\"><\/fb:like><\/div>","protected":false},"excerpt":{"rendered":"<p>Als wir aufwachen ist alles mit Raureif \u00fcberzogen. Das Zelt lassen wir erstmal stehen, denn so kann es trocknen, w\u00e4hrend wir den Vulkan bezwingen. 7 km mit dem Rad zum Startpunkt des Wanderweges. Danach sind es zwar nur etwas mehr [&hellip;] <a class=\"more-link\" href=\"http:\/\/www.ralfkropp.de\/radreisen\/wordpress\/10-1-2019-camping-volcan-chaiten-volcan-hornopiren\/\">Kompletten Beitrag lesen&#8230;<\/a><\/p>\n","protected":false},"author":1,"featured_media":0,"comment_status":"closed","ping_status":"open","sticky":false,"template":"","format":"standard","meta":[],"categories":[1],"tags":[],"_links":{"self":[{"href":"http:\/\/www.ralfkropp.de\/radreisen\/wordpress\/wp-json\/wp\/v2\/posts\/2047"}],"collection":[{"href":"http:\/\/www.ralfkropp.de\/radreisen\/wordpress\/wp-json\/wp\/v2\/posts"}],"about":[{"href":"http:\/\/www.ralfkropp.de\/radreisen\/wordpress\/wp-json\/wp\/v2\/types\/post"}],"author":[{"embeddable":true,"href":"http:\/\/www.ralfkropp.de\/radreisen\/wordpress\/wp-json\/wp\/v2\/users\/1"}],"replies":[{"embeddable":true,"href":"http:\/\/www.ralfkropp.de\/radreisen\/wordpress\/wp-json\/wp\/v2\/comments?post=2047"}],"version-history":[{"count":2,"href":"http:\/\/www.ralfkropp.de\/radreisen\/wordpress\/wp-json\/wp\/v2\/posts\/2047\/revisions"}],"predecessor-version":[{"id":2113,"href":"http:\/\/www.ralfkropp.de\/radreisen\/wordpress\/wp-json\/wp\/v2\/posts\/2047\/revisions\/2113"}],"wp:attachment":[{"href":"http:\/\/www.ralfkropp.de\/radreisen\/wordpress\/wp-json\/wp\/v2\/media?parent=2047"}],"wp:term":[{"taxonomy":"category","embeddable":true,"href":"http:\/\/www.ralfkropp.de\/radreisen\/wordpress\/wp-json\/wp\/v2\/categories?post=2047"},{"taxonomy":"post_tag","embeddable":true,"href":"http:\/\/www.ralfkropp.de\/radreisen\/wordpress\/wp-json\/wp\/v2\/tags?post=2047"}],"curies":[{"name":"wp","href":"https:\/\/api.w.org\/{rel}","templated":true}]}}