{"id":2049,"date":"2020-03-06T18:57:14","date_gmt":"2020-03-06T18:57:14","guid":{"rendered":"http:\/\/www.ralfkropp.de\/radreisen\/wordpress\/?p=2049"},"modified":"2020-03-06T18:57:16","modified_gmt":"2020-03-06T18:57:16","slug":"11-1-2019-hornopiren-puerto-montt","status":"publish","type":"post","link":"http:\/\/www.ralfkropp.de\/radreisen\/wordpress\/11-1-2019-hornopiren-puerto-montt\/","title":{"rendered":"11.1.2019 Hornopir\u00e9n &#8211; Puerto Montt"},"content":{"rendered":"\n<p><iframe loading=\"lazy\" class=\"alltrails\" title=\"AllTrails: Trail Guides and Maps for Hiking, Camping, and Running\" src=\"https:\/\/www.alltrails.com\/widget\/recording\/hornoprien-puerto-montt?u=m\" width=\"100%\" height=\"400\" frameborder=\"0\" marginwidth=\"0\" marginheight=\"0\" scrolling=\"no\"><\/iframe><\/p>\n<p><span style=\"color: #000000;\"><span style=\"font-family: Helvetica Neue, serif;\"><span style=\"font-size: xx-small;\"><span style=\"font-family: Arial, sans-serif;\"><span style=\"font-size: small;\">Das Fr\u00fchst\u00fcck ist reichhaltig und wir bekommen ausreichend Nachschub. Da wir viele Kohlenhydrate verbrennen, verschlingen wir in zwischen Unmengen an Essen. Zu Hause w\u00fcrde ich sicherlich auseinandergehen wie ein Hefekuchen.<\/span><\/span><span style=\"font-family: Arial, sans-serif;\"><span style=\"font-size: small;\">\u00a0<\/span><\/span><\/span><\/span><\/span><\/p>\n<p><span style=\"color: #000000;\"><span style=\"font-family: Helvetica Neue, serif;\"><span style=\"font-size: xx-small;\"><span style=\"font-family: Arial, sans-serif;\"><span style=\"font-size: small;\">Als wir den Ort verlassen fahren wir mal wieder auf geteerter Stra\u00dfe, doch das ist leider bald schon vorbei. Die Stra\u00dfe wird gerade neu gemacht. Die Autos d\u00fcrfen nur wie bei einer Ampel in eine Richtung fahren, doch wir d\u00fcrfen uns durchschl\u00e4ngeln und m\u00fcssen den Staub der Autofahrer einatmen. Zu allem \u00dcberfluss kommen wir zu einer Stra\u00dfensperre. Nichts geht mehr, es wird gestreikt. Ein dickes Seil verhindert das Durchkommen. Auch wir Radfahrer d\u00fcrfen nicht passieren. Der R\u00e4delsf\u00fchrer deutet uns an, dass man uns die Gurgel durchschneidet, wenn wir es versuchen. Es wird gegen die Fischzucht im Fjord demonstriert. Alle sind eigentlich gut drauf. Es gibt auch Verpflegung und so stehen wir die 2 Stunden gut durch. Dann kommt Bewegung in die Meute und pl\u00f6tzlich wird das Seil entfernt und wir k\u00f6nnen zur n\u00e4chsten und letzten F\u00e4hre auf der Carretera Austral radeln.<\/span><\/span><span style=\"font-family: Arial, sans-serif;\"><span style=\"font-size: small;\">\u00a0<\/span><\/span><\/span><\/span><\/span><\/p>\n<p><span style=\"color: #000000;\"><span style=\"font-family: Helvetica Neue, serif;\"><span style=\"font-size: xx-small;\"><span style=\"font-family: Arial, sans-serif;\"><span style=\"font-size: small;\">Ein junges M\u00e4dchen mit ihrer Mutter sitzt mit uns auf der F\u00e4hre im Aufenthaltsraum. Sie ist etwas stark moppelig, versorgt uns aber mit Hand und Gesichtscreme. Wenn ich besser spanisch k\u00f6nnte, dann h\u00e4tte ich ihr gesagt, dass sie besser auf ihre Figur, anstatt ihre ebenm\u00e4\u00dfige Haut achten sollte.<\/span><\/span><\/span><\/span><\/span><\/p>\n<p><span style=\"color: #000000;\"><span style=\"font-family: Helvetica Neue, serif;\"><span style=\"font-size: xx-small;\"><span style=\"font-family: Arial, sans-serif;\"><span style=\"font-size: small;\">Die letzten 50 km bis Puerto Montt sind schnell zur\u00fcck gelegt. Auch da haben wir uns schon \u00fcber iOverl\u00e4nder eine Unterkunft ausgesucht und landen wieder einen Volltreffer. Ein Schuppen f\u00fcr die R\u00e4der, super nette \u00e4ltere Dame die sich um uns k\u00fcmmert, W\u00e4schereiservice und selbst gemachte Marmelade zum Fr\u00fchst\u00fcck. Wir essen wieder riesige Portionen und trinken einige Biere, bis wir m\u00fcde ins Bett fallen.<\/span><\/span><\/span><\/span><\/span><\/p>\n<div class=\"facebook-like\"><fb:like layout=\"standard\" show_faces=\"true\" href=\"http:\/\/www.ralfkropp.de\/radreisen\/wordpress\/11-1-2019-hornopiren-puerto-montt\/\"><\/fb:like><\/div>","protected":false},"excerpt":{"rendered":"<p>Das Fr\u00fchst\u00fcck ist reichhaltig und wir bekommen ausreichend Nachschub. Da wir viele Kohlenhydrate verbrennen, verschlingen wir in zwischen Unmengen an Essen. Zu Hause w\u00fcrde ich sicherlich auseinandergehen wie ein Hefekuchen.\u00a0 Als wir den Ort verlassen fahren wir mal wieder auf [&hellip;] <a class=\"more-link\" href=\"http:\/\/www.ralfkropp.de\/radreisen\/wordpress\/11-1-2019-hornopiren-puerto-montt\/\">Kompletten Beitrag lesen&#8230;<\/a><\/p>\n","protected":false},"author":1,"featured_media":0,"comment_status":"closed","ping_status":"open","sticky":false,"template":"","format":"standard","meta":[],"categories":[1],"tags":[],"_links":{"self":[{"href":"http:\/\/www.ralfkropp.de\/radreisen\/wordpress\/wp-json\/wp\/v2\/posts\/2049"}],"collection":[{"href":"http:\/\/www.ralfkropp.de\/radreisen\/wordpress\/wp-json\/wp\/v2\/posts"}],"about":[{"href":"http:\/\/www.ralfkropp.de\/radreisen\/wordpress\/wp-json\/wp\/v2\/types\/post"}],"author":[{"embeddable":true,"href":"http:\/\/www.ralfkropp.de\/radreisen\/wordpress\/wp-json\/wp\/v2\/users\/1"}],"replies":[{"embeddable":true,"href":"http:\/\/www.ralfkropp.de\/radreisen\/wordpress\/wp-json\/wp\/v2\/comments?post=2049"}],"version-history":[{"count":1,"href":"http:\/\/www.ralfkropp.de\/radreisen\/wordpress\/wp-json\/wp\/v2\/posts\/2049\/revisions"}],"predecessor-version":[{"id":2050,"href":"http:\/\/www.ralfkropp.de\/radreisen\/wordpress\/wp-json\/wp\/v2\/posts\/2049\/revisions\/2050"}],"wp:attachment":[{"href":"http:\/\/www.ralfkropp.de\/radreisen\/wordpress\/wp-json\/wp\/v2\/media?parent=2049"}],"wp:term":[{"taxonomy":"category","embeddable":true,"href":"http:\/\/www.ralfkropp.de\/radreisen\/wordpress\/wp-json\/wp\/v2\/categories?post=2049"},{"taxonomy":"post_tag","embeddable":true,"href":"http:\/\/www.ralfkropp.de\/radreisen\/wordpress\/wp-json\/wp\/v2\/tags?post=2049"}],"curies":[{"name":"wp","href":"https:\/\/api.w.org\/{rel}","templated":true}]}}