{"id":2051,"date":"2020-03-06T18:59:01","date_gmt":"2020-03-06T18:59:01","guid":{"rendered":"http:\/\/www.ralfkropp.de\/radreisen\/wordpress\/?p=2051"},"modified":"2020-03-06T18:59:03","modified_gmt":"2020-03-06T18:59:03","slug":"12-1-2019-puerto-montt","status":"publish","type":"post","link":"http:\/\/www.ralfkropp.de\/radreisen\/wordpress\/12-1-2019-puerto-montt\/","title":{"rendered":"12.1.2019 Puerto Montt"},"content":{"rendered":"\n<p><span style=\"color: #000000;\"><span style=\"font-family: Helvetica Neue, serif;\"><span style=\"font-size: xx-small;\"><span style=\"font-family: Arial, sans-serif;\"><span style=\"font-size: small;\">Leckeres Fr\u00fchst\u00fcck. Wir sind die ersten und ich hoffe die anderen bekommen auch noch genug. Weis gar nicht wie man soviel Kalorien verbrennen kann, denn zunehmen tue ich nicht. Zu uns gesellt sich ein schottisches P\u00e4rchen. Sie reisen schon seit mehreren Jahren um die Welt, sehen ziemlich entspannt aus und nehmen auch alles ziemlich entspannt, sie lassen keinen Stre\u00df aufkommen.<\/span><\/span><\/span><\/span><\/span><\/p>\n<p><span style=\"color: #000000;\"><span style=\"font-family: Helvetica Neue, serif;\"><span style=\"font-size: xx-small;\"><span style=\"font-family: Arial, sans-serif;\"><span style=\"font-size: small;\">Zusammen reparieren und reinigen wir die R\u00e4der, so dass meins auch wieder einigerma\u00dfen fahrbereit ist. Irgendetwas scheint aber in der Nabe nicht in Ordnung zu sein. Es gehen nur noch die G\u00e4nge 1,3,5,8,10 und 12. Alle anderen lassen sich nicht mehr belasten.<\/span><\/span><span style=\"font-family: Arial, sans-serif;\"><span style=\"font-size: small;\">\u00a0<\/span><\/span><\/span><\/span><\/span><\/p>\n<p><span style=\"color: #000000;\"><span style=\"font-family: Helvetica Neue, serif;\"><span style=\"font-size: xx-small;\"><span style=\"font-family: Arial, sans-serif;\"><span style=\"font-size: small;\">Mit Marten besuche ich zusammen den Fischmarkt. Das gesch\u00e4ftst\u00fcchtige Personal lockt die Touristen in die Restaurants und verlangen dann auch entsprechende Preise. Uns gelingt es die normalen Preise zu bezahlen. So bekommen wir Suppe, Ceviche (in Zwiebel und Zitrone eingelegter Lachs) und danach ein Lachssteak.<\/span><\/span><\/span><\/span><\/span><\/p>\n<p><span style=\"color: #000000;\"><span style=\"font-family: Helvetica Neue, serif;\"><span style=\"font-size: xx-small;\"><span style=\"font-family: Arial, sans-serif;\"><span style=\"font-size: small;\">Am Pier tummeln sich einige Seel\u00f6wen, die sich um die Fischreste streiten, die ihnen zugeworfen werden.<\/span><\/span><span style=\"font-family: Arial, sans-serif;\"><span style=\"font-size: small;\">\u00a0<\/span><\/span><\/span><\/span><\/span><\/p>\n<p><span style=\"color: #000000;\"><span style=\"font-family: Helvetica Neue, serif;\"><span style=\"font-size: xx-small;\"><span style=\"font-family: Arial, sans-serif;\"><span style=\"font-size: small;\">Der Ruhetag brachte mir die erforderliche Erholung und dem Rad eine notwendige Pflege ein, .<\/span><\/span><\/span><\/span><\/span><\/p>\n<p><span style=\"color: #000000;\"><span style=\"font-family: Helvetica Neue, serif;\"><span style=\"font-size: xx-small;\"><span style=\"font-family: Arial, sans-serif;\"><span style=\"font-size: small;\">Puerto Montt mit seinen bunten H\u00e4usern und dem Cityleben w\u00e4re sicherlich noch f\u00fcr ein paar Tage gut, doch wir \u00fcberlegen, ob wir nach Norden weiter ziehen sollen oder noch einen Abstecher auf die Insel Ciole machen wollen. Wir entscheiden uns f\u00fcr den Norden.<\/span><\/span><\/span><\/span><\/span><\/p>\n<div class=\"facebook-like\"><fb:like layout=\"standard\" show_faces=\"true\" href=\"http:\/\/www.ralfkropp.de\/radreisen\/wordpress\/12-1-2019-puerto-montt\/\"><\/fb:like><\/div>","protected":false},"excerpt":{"rendered":"<p>Leckeres Fr\u00fchst\u00fcck. Wir sind die ersten und ich hoffe die anderen bekommen auch noch genug. Weis gar nicht wie man soviel Kalorien verbrennen kann, denn zunehmen tue ich nicht. Zu uns gesellt sich ein schottisches P\u00e4rchen. Sie reisen schon seit [&hellip;] <a class=\"more-link\" href=\"http:\/\/www.ralfkropp.de\/radreisen\/wordpress\/12-1-2019-puerto-montt\/\">Kompletten Beitrag lesen&#8230;<\/a><\/p>\n","protected":false},"author":1,"featured_media":0,"comment_status":"closed","ping_status":"open","sticky":false,"template":"","format":"standard","meta":[],"categories":[1],"tags":[],"_links":{"self":[{"href":"http:\/\/www.ralfkropp.de\/radreisen\/wordpress\/wp-json\/wp\/v2\/posts\/2051"}],"collection":[{"href":"http:\/\/www.ralfkropp.de\/radreisen\/wordpress\/wp-json\/wp\/v2\/posts"}],"about":[{"href":"http:\/\/www.ralfkropp.de\/radreisen\/wordpress\/wp-json\/wp\/v2\/types\/post"}],"author":[{"embeddable":true,"href":"http:\/\/www.ralfkropp.de\/radreisen\/wordpress\/wp-json\/wp\/v2\/users\/1"}],"replies":[{"embeddable":true,"href":"http:\/\/www.ralfkropp.de\/radreisen\/wordpress\/wp-json\/wp\/v2\/comments?post=2051"}],"version-history":[{"count":1,"href":"http:\/\/www.ralfkropp.de\/radreisen\/wordpress\/wp-json\/wp\/v2\/posts\/2051\/revisions"}],"predecessor-version":[{"id":2052,"href":"http:\/\/www.ralfkropp.de\/radreisen\/wordpress\/wp-json\/wp\/v2\/posts\/2051\/revisions\/2052"}],"wp:attachment":[{"href":"http:\/\/www.ralfkropp.de\/radreisen\/wordpress\/wp-json\/wp\/v2\/media?parent=2051"}],"wp:term":[{"taxonomy":"category","embeddable":true,"href":"http:\/\/www.ralfkropp.de\/radreisen\/wordpress\/wp-json\/wp\/v2\/categories?post=2051"},{"taxonomy":"post_tag","embeddable":true,"href":"http:\/\/www.ralfkropp.de\/radreisen\/wordpress\/wp-json\/wp\/v2\/tags?post=2051"}],"curies":[{"name":"wp","href":"https:\/\/api.w.org\/{rel}","templated":true}]}}