{"id":2053,"date":"2020-03-06T19:01:39","date_gmt":"2020-03-06T19:01:39","guid":{"rendered":"http:\/\/www.ralfkropp.de\/radreisen\/wordpress\/?p=2053"},"modified":"2020-03-06T19:01:41","modified_gmt":"2020-03-06T19:01:41","slug":"13-1-2019-puerto-montt-campingplatz-restaurante-el-caulle","status":"publish","type":"post","link":"http:\/\/www.ralfkropp.de\/radreisen\/wordpress\/13-1-2019-puerto-montt-campingplatz-restaurante-el-caulle\/","title":{"rendered":"13.1.2019 Puerto Montt &#8211; Campingplatz (Restaurante El Caulle)"},"content":{"rendered":"\n<p><iframe loading=\"lazy\" class=\"alltrails\" title=\"AllTrails: Trail Guides and Maps for Hiking, Camping, and Running\" src=\"https:\/\/www.alltrails.com\/widget\/recording\/puerto-montt-vulkan-puyehue?u=m\" width=\"100%\" height=\"400\" frameborder=\"0\" marginwidth=\"0\" marginheight=\"0\" scrolling=\"no\"><\/iframe><\/p>\n<p><span style=\"color: #000000;\"><span style=\"font-family: Helvetica Neue, serif;\"><span style=\"font-size: xx-small;\"><span style=\"font-family: Arial, sans-serif;\"><span style=\"font-size: small;\">Auf der Autobahn verlassen wir mit kr\u00e4ftigem R\u00fcckenwind die Stadt und kommen gut voran. Wir \u00fcberholen einen Rennradfahrer der uns dann aber wieder \u00fcberholt. Ich beschleunige und h\u00e4nge mich in seinen Windschatten doch Maarten kann das Tempo nicht halten und so m\u00fcssen wir abreissen lassen.<\/span><\/span><span style=\"font-family: Arial, sans-serif;\"><span style=\"font-size: small;\">\u00a0<\/span><\/span><\/span><\/span><\/span><\/p>\n<p><span style=\"color: #000000;\"><span style=\"font-family: Helvetica Neue, serif;\"><span style=\"font-size: xx-small;\"><span style=\"font-family: Arial, sans-serif;\"><span style=\"font-size: small;\">Der See Llanquihoe ist schon bald erreicht und offenbart einen tollen Blick auf den Vulkan Osorno. Kurze Rast in Puerto Octay, bevor wir uns zum n\u00e4chsten See aufmachen. Der Lago Rupanco ist schnell erreicht und der dritte Lago Puyehue ebenfalls. Dort f\u00fcllen wir unsere Speicher wieder auf und als nichts mehr rein geht, essen wir noch ein Eis.<\/span><\/span><\/span><\/span><\/span><\/p>\n<p><span style=\"color: #000000;\"><span style=\"font-family: Helvetica Neue, serif;\"><span style=\"font-size: xx-small;\"><span style=\"font-family: Arial, sans-serif;\"><span style=\"font-size: small;\">Es folgen noch einige satte Anstiege, die Marten nur noch sehr schwer hochkommt. Haben ja auch schon \u00fcber 160 km in den Beinen.<\/span><\/span><\/span><\/span><\/span><\/p>\n<p><span style=\"color: #000000;\"><span style=\"font-family: Helvetica Neue, serif;\"><span style=\"font-size: xx-small;\"><span style=\"font-family: Arial, sans-serif;\"><span style=\"font-size: small;\">Der Campingplatz ist genial, auch wenn wir ihn mit Pferden teilen m\u00fcssen. Eine warme Dusche und dann noch die Nudeln kochen. Mit einer Flasche Rotwein schlie\u00dfen wir den Abend ab und verabschieden uns voneinander. Maarten f\u00e4hrt am n\u00e4chsten Morgen weiter nach Norden und ich m\u00f6chte noch den Vulkan Puyehue besteigen, bevor es dann nach Bariloche weiter geht.<\/span><\/span><\/span><\/span><\/span><\/p>\n<p>%MCEPASTEBIN%<\/p>\n<div class=\"facebook-like\"><fb:like layout=\"standard\" show_faces=\"true\" href=\"http:\/\/www.ralfkropp.de\/radreisen\/wordpress\/13-1-2019-puerto-montt-campingplatz-restaurante-el-caulle\/\"><\/fb:like><\/div>","protected":false},"excerpt":{"rendered":"<p>Auf der Autobahn verlassen wir mit kr\u00e4ftigem R\u00fcckenwind die Stadt und kommen gut voran. Wir \u00fcberholen einen Rennradfahrer der uns dann aber wieder \u00fcberholt. Ich beschleunige und h\u00e4nge mich in seinen Windschatten doch Maarten kann das Tempo nicht halten und [&hellip;] <a class=\"more-link\" href=\"http:\/\/www.ralfkropp.de\/radreisen\/wordpress\/13-1-2019-puerto-montt-campingplatz-restaurante-el-caulle\/\">Kompletten Beitrag lesen&#8230;<\/a><\/p>\n","protected":false},"author":1,"featured_media":0,"comment_status":"closed","ping_status":"open","sticky":false,"template":"","format":"standard","meta":[],"categories":[1],"tags":[],"_links":{"self":[{"href":"http:\/\/www.ralfkropp.de\/radreisen\/wordpress\/wp-json\/wp\/v2\/posts\/2053"}],"collection":[{"href":"http:\/\/www.ralfkropp.de\/radreisen\/wordpress\/wp-json\/wp\/v2\/posts"}],"about":[{"href":"http:\/\/www.ralfkropp.de\/radreisen\/wordpress\/wp-json\/wp\/v2\/types\/post"}],"author":[{"embeddable":true,"href":"http:\/\/www.ralfkropp.de\/radreisen\/wordpress\/wp-json\/wp\/v2\/users\/1"}],"replies":[{"embeddable":true,"href":"http:\/\/www.ralfkropp.de\/radreisen\/wordpress\/wp-json\/wp\/v2\/comments?post=2053"}],"version-history":[{"count":1,"href":"http:\/\/www.ralfkropp.de\/radreisen\/wordpress\/wp-json\/wp\/v2\/posts\/2053\/revisions"}],"predecessor-version":[{"id":2054,"href":"http:\/\/www.ralfkropp.de\/radreisen\/wordpress\/wp-json\/wp\/v2\/posts\/2053\/revisions\/2054"}],"wp:attachment":[{"href":"http:\/\/www.ralfkropp.de\/radreisen\/wordpress\/wp-json\/wp\/v2\/media?parent=2053"}],"wp:term":[{"taxonomy":"category","embeddable":true,"href":"http:\/\/www.ralfkropp.de\/radreisen\/wordpress\/wp-json\/wp\/v2\/categories?post=2053"},{"taxonomy":"post_tag","embeddable":true,"href":"http:\/\/www.ralfkropp.de\/radreisen\/wordpress\/wp-json\/wp\/v2\/tags?post=2053"}],"curies":[{"name":"wp","href":"https:\/\/api.w.org\/{rel}","templated":true}]}}