{"id":2065,"date":"2020-03-06T20:07:04","date_gmt":"2020-03-06T20:07:04","guid":{"rendered":"http:\/\/www.ralfkropp.de\/radreisen\/wordpress\/?p=2065"},"modified":"2020-03-06T20:07:06","modified_gmt":"2020-03-06T20:07:06","slug":"15-1-2019-villa-la-angostura-bariloche","status":"publish","type":"post","link":"http:\/\/www.ralfkropp.de\/radreisen\/wordpress\/15-1-2019-villa-la-angostura-bariloche\/","title":{"rendered":"15.1.2019 Villa La Angostura &#8211; Bariloche"},"content":{"rendered":"\n<p><iframe loading=\"lazy\" class=\"alltrails\" title=\"AllTrails: Trail Guides and Maps for Hiking, Camping, and Running\" src=\"https:\/\/www.alltrails.com\/widget\/map\/villa-la-angostura-bariloche?u=m\" width=\"100%\" height=\"400\" frameborder=\"0\" marginwidth=\"0\" marginheight=\"0\" scrolling=\"no\"><\/iframe><\/p>\n<p><span style=\"color: #000000;\"><span style=\"font-family: Helvetica Neue, serif;\"><span style=\"font-size: xx-small;\"><span style=\"font-family: Arial, sans-serif;\"><span style=\"font-size: small;\">Da ich mich in \u00fcber 800 m H\u00f6he befinde, ist es am Morgen recht frisch. Am See entlang radelnd offenbaren sich immer wieder herrliche Ausblicke auf den See. Mal grandiose Gebirgsz\u00fcge im Hintergrund oder ein luxuri\u00f6ser Hafen, was man hier eigentlich nicht erwartet h\u00e4tte. Da die Stra\u00dfe viel befahren und recht schmal ist, bin ich recht froh einen Spiegel zu haben, denn nicht alle reduzieren ihre Geschwindigkeit, schon garnicht nicht die Busse und LKW`s. Sie hupen sobald es zu eng wird weil Autos entgegenkommen. Dann bleibt mir nur die Flucht auf den nicht befestigten Seitenstreifen.<\/span><\/span><\/span><\/span><\/span><\/p>\n<p><span style=\"color: #000000;\"><span style=\"font-family: Helvetica Neue, serif;\"><span style=\"font-size: xx-small;\"><span style=\"font-family: Arial, sans-serif;\"><span style=\"font-size: small;\">Zwei Radler stehen am Stra\u00dfenrand und zu meiner Freude ist einer davon Thomas. Wir hatten uns ja schon einige male getroffen. Schade, dass er gerade aus Bariloche kommt, wo ich jetzt hinfahre.<\/span><\/span><span style=\"font-family: Arial, sans-serif;\"><span style=\"font-size: small;\">\u00a0 <\/span><\/span><span style=\"font-family: Arial, sans-serif;\"><span style=\"font-size: small;\">Der andere Radler ist ein Schotte, der in meiner Richtung unterwegs ist. Zusammen fliegen wir mit der Windunterst\u00fctzung gen Bariloche.<\/span><\/span><\/span><\/span><\/span><\/p>\n<p><span style=\"color: #000000;\"><span style=\"font-family: Helvetica Neue, serif;\"><span style=\"font-size: xx-small;\"><span style=\"font-family: Arial, sans-serif;\"><span style=\"font-size: small;\">Wie Krass die Stadt sich entpuppt. Nobelskiort und Sommerausflugsziel f\u00fcr viele reiche Argentinier. Eine sch\u00f6ne Fu\u00dfg\u00e4ngerzone mit vielen netten Caf\u00e9s und Eisdielen. Selbst die Touristeninformation ist in einem Nobelgeb\u00e4ude untergebracht. Die Stadt gef\u00e4llt mir so gut, dass ich hier schon wieder mindestens einen Ruhetag einlegen werde. Ich besorge mir noch ein Flugticket nach Buenos Aires. Der g\u00fcnstigere Flug ist erst am Freitag, so muss ich einen Tag anders verplanen, aber das schaffe ich sicherlich auch noch.<\/span><\/span><\/span><\/span><\/span><\/p>\n<p>%MCEPASTEBIN%<\/p>\n<div class=\"facebook-like\"><fb:like layout=\"standard\" show_faces=\"true\" href=\"http:\/\/www.ralfkropp.de\/radreisen\/wordpress\/15-1-2019-villa-la-angostura-bariloche\/\"><\/fb:like><\/div>","protected":false},"excerpt":{"rendered":"<p>Da ich mich in \u00fcber 800 m H\u00f6he befinde, ist es am Morgen recht frisch. Am See entlang radelnd offenbaren sich immer wieder herrliche Ausblicke auf den See. Mal grandiose Gebirgsz\u00fcge im Hintergrund oder ein luxuri\u00f6ser Hafen, was man hier [&hellip;] <a class=\"more-link\" href=\"http:\/\/www.ralfkropp.de\/radreisen\/wordpress\/15-1-2019-villa-la-angostura-bariloche\/\">Kompletten Beitrag lesen&#8230;<\/a><\/p>\n","protected":false},"author":1,"featured_media":0,"comment_status":"closed","ping_status":"open","sticky":false,"template":"","format":"standard","meta":[],"categories":[1],"tags":[],"_links":{"self":[{"href":"http:\/\/www.ralfkropp.de\/radreisen\/wordpress\/wp-json\/wp\/v2\/posts\/2065"}],"collection":[{"href":"http:\/\/www.ralfkropp.de\/radreisen\/wordpress\/wp-json\/wp\/v2\/posts"}],"about":[{"href":"http:\/\/www.ralfkropp.de\/radreisen\/wordpress\/wp-json\/wp\/v2\/types\/post"}],"author":[{"embeddable":true,"href":"http:\/\/www.ralfkropp.de\/radreisen\/wordpress\/wp-json\/wp\/v2\/users\/1"}],"replies":[{"embeddable":true,"href":"http:\/\/www.ralfkropp.de\/radreisen\/wordpress\/wp-json\/wp\/v2\/comments?post=2065"}],"version-history":[{"count":1,"href":"http:\/\/www.ralfkropp.de\/radreisen\/wordpress\/wp-json\/wp\/v2\/posts\/2065\/revisions"}],"predecessor-version":[{"id":2066,"href":"http:\/\/www.ralfkropp.de\/radreisen\/wordpress\/wp-json\/wp\/v2\/posts\/2065\/revisions\/2066"}],"wp:attachment":[{"href":"http:\/\/www.ralfkropp.de\/radreisen\/wordpress\/wp-json\/wp\/v2\/media?parent=2065"}],"wp:term":[{"taxonomy":"category","embeddable":true,"href":"http:\/\/www.ralfkropp.de\/radreisen\/wordpress\/wp-json\/wp\/v2\/categories?post=2065"},{"taxonomy":"post_tag","embeddable":true,"href":"http:\/\/www.ralfkropp.de\/radreisen\/wordpress\/wp-json\/wp\/v2\/tags?post=2065"}],"curies":[{"name":"wp","href":"https:\/\/api.w.org\/{rel}","templated":true}]}}