{"id":207,"date":"2011-12-20T17:45:57","date_gmt":"2011-12-20T17:45:57","guid":{"rendered":"http:\/\/www.ralfkropp.de\/radreisen\/wordpress\/?p=207"},"modified":"2011-12-20T17:45:57","modified_gmt":"2011-12-20T17:45:57","slug":"tribanj-sibuljina-sukosan","status":"publish","type":"post","link":"http:\/\/www.ralfkropp.de\/radreisen\/wordpress\/tribanj-sibuljina-sukosan\/","title":{"rendered":"Tribanj \u0160ibuljina &#8211; Suko\u0161an"},"content":{"rendered":"<p><span style=\"font-size: 24px;\">20.10.<\/span> <span style=\"font-size: large;\">Tribanj \u0160ibuljina &#8211; Suko\u0161an<br \/>\n<\/span><\/p>\n<p><iframe loading=\"lazy\" src=\"http:\/\/www.google.de\/maps?f=d&amp;source=s_d&amp;saddr=Tribanj+%C5%A0ibuljina,+Starigrad,+Hrvatska&amp;daddr=44.2193981,15.5341622+to:44.19443,15.43217+to:44.1125,15.23678+to:Suko%C5%A1an,+Kroatien&amp;geocode=Fe6OpAIdeA_qACnPUjJjn45hRzGSuztTUa0AJg%3BFQa8ogIdUgjtAClXytqXuOphRzEwziA1UK0AEw%3BFX5aogId6nnrACkV5CCNc-xhRzGQ8z41UK0AEw%3BFXQaoQIdrH7oACm7lImQY_phRzFR5R81UK0AEw%3BFXoSoAIdoJ_pACnZcKpM2uRhRzGwucc9qxepHA&amp;aq=0&amp;sll=44.191925,15.42708&amp;sspn=0.3338,0.727158&amp;vpsrc=0&amp;hl=de&amp;mra=dpe&amp;mrsp=1&amp;sz=11&amp;via=1,2,3&amp;ie=UTF8&amp;t=h&amp;ll=44.191925,15.42708&amp;spn=0.3338,0.727158&amp;output=embed\" frameborder=\"0\" marginwidth=\"0\" marginheight=\"0\" scrolling=\"no\" width=\"425\" height=\"350\"><\/iframe><br \/>\n<small><a style=\"color: #0000ff; text-align: left;\" href=\"http:\/\/www.google.de\/maps?f=d&amp;source=embed&amp;saddr=Tribanj+%C5%A0ibuljina,+Starigrad,+Hrvatska&amp;daddr=44.2193981,15.5341622+to:44.19443,15.43217+to:44.1125,15.23678+to:Suko%C5%A1an,+Kroatien&amp;geocode=Fe6OpAIdeA_qACnPUjJjn45hRzGSuztTUa0AJg%3BFQa8ogIdUgjtAClXytqXuOphRzEwziA1UK0AEw%3BFX5aogId6nnrACkV5CCNc-xhRzGQ8z41UK0AEw%3BFXQaoQIdrH7oACm7lImQY_phRzFR5R81UK0AEw%3BFXoSoAIdoJ_pACnZcKpM2uRhRzGwucc9qxepHA&amp;aq=0&amp;sll=44.191925,15.42708&amp;sspn=0.3338,0.727158&amp;vpsrc=0&amp;hl=de&amp;mra=dpe&amp;mrsp=1&amp;sz=11&amp;via=1,2,3&amp;ie=UTF8&amp;t=h&amp;ll=44.191925,15.42708&amp;spn=0.3338,0.727158\">Gr\u00f6\u00dfere Kartenansicht<\/a><\/small><\/p>\n<p style=\"margin-bottom: 0cm;\">\u00a0Nach kr\u00e4ftigem Fr\u00fchst\u00fcck geht es gest\u00e4rkt \u00fcber eine gro\u00dfe Br\u00fccke bei Posedarje, bis uns ein Gewitter mit heftigem Regen stoppt. Fahren danach noch in ein sch\u00f6nes Fischerdorf und zelten mal wieder auf einem verlassenen Campingplatz. In einer Kneipe, wo der Besitzer mit dem Rad durch die USA gefahren ist, trinken wir flei\u00dfig Bier. Nach 7 Bier schlafe ich ganz hervorragend auf meiner kaputten Luftmadratze.<\/p>\n<p>&nbsp;<\/p>\n<div class=\"facebook-like\"><fb:like layout=\"standard\" show_faces=\"true\" href=\"http:\/\/www.ralfkropp.de\/radreisen\/wordpress\/tribanj-sibuljina-sukosan\/\"><\/fb:like><\/div>","protected":false},"excerpt":{"rendered":"<p>20.10. Tribanj \u0160ibuljina &#8211; Suko\u0161an Gr\u00f6\u00dfere Kartenansicht \u00a0Nach kr\u00e4ftigem Fr\u00fchst\u00fcck geht es gest\u00e4rkt \u00fcber eine gro\u00dfe Br\u00fccke bei Posedarje, bis uns ein Gewitter mit heftigem Regen stoppt. Fahren danach noch in ein sch\u00f6nes Fischerdorf und zelten mal wieder auf einem [&hellip;] <a class=\"more-link\" href=\"http:\/\/www.ralfkropp.de\/radreisen\/wordpress\/tribanj-sibuljina-sukosan\/\">Kompletten Beitrag lesen&#8230;<\/a><\/p>\n","protected":false},"author":1,"featured_media":0,"comment_status":"open","ping_status":"open","sticky":false,"template":"","format":"standard","meta":[],"categories":[6],"tags":[],"_links":{"self":[{"href":"http:\/\/www.ralfkropp.de\/radreisen\/wordpress\/wp-json\/wp\/v2\/posts\/207"}],"collection":[{"href":"http:\/\/www.ralfkropp.de\/radreisen\/wordpress\/wp-json\/wp\/v2\/posts"}],"about":[{"href":"http:\/\/www.ralfkropp.de\/radreisen\/wordpress\/wp-json\/wp\/v2\/types\/post"}],"author":[{"embeddable":true,"href":"http:\/\/www.ralfkropp.de\/radreisen\/wordpress\/wp-json\/wp\/v2\/users\/1"}],"replies":[{"embeddable":true,"href":"http:\/\/www.ralfkropp.de\/radreisen\/wordpress\/wp-json\/wp\/v2\/comments?post=207"}],"version-history":[{"count":2,"href":"http:\/\/www.ralfkropp.de\/radreisen\/wordpress\/wp-json\/wp\/v2\/posts\/207\/revisions"}],"predecessor-version":[{"id":209,"href":"http:\/\/www.ralfkropp.de\/radreisen\/wordpress\/wp-json\/wp\/v2\/posts\/207\/revisions\/209"}],"wp:attachment":[{"href":"http:\/\/www.ralfkropp.de\/radreisen\/wordpress\/wp-json\/wp\/v2\/media?parent=207"}],"wp:term":[{"taxonomy":"category","embeddable":true,"href":"http:\/\/www.ralfkropp.de\/radreisen\/wordpress\/wp-json\/wp\/v2\/categories?post=207"},{"taxonomy":"post_tag","embeddable":true,"href":"http:\/\/www.ralfkropp.de\/radreisen\/wordpress\/wp-json\/wp\/v2\/tags?post=207"}],"curies":[{"name":"wp","href":"https:\/\/api.w.org\/{rel}","templated":true}]}}