{"id":2071,"date":"2020-03-06T20:34:42","date_gmt":"2020-03-06T20:34:42","guid":{"rendered":"http:\/\/www.ralfkropp.de\/radreisen\/wordpress\/?p=2071"},"modified":"2020-03-06T20:34:44","modified_gmt":"2020-03-06T20:34:44","slug":"18-1-2019-bariloche-buenos-aires-colonia-del-sacramento","status":"publish","type":"post","link":"http:\/\/www.ralfkropp.de\/radreisen\/wordpress\/18-1-2019-bariloche-buenos-aires-colonia-del-sacramento\/","title":{"rendered":"18.1.2019 Bariloche &#8211; Buenos Aires &#8211; Colonia del Sacramento"},"content":{"rendered":"\n<p><span style=\"color: #000000;\"><span style=\"font-family: Helvetica Neue, serif;\"><span style=\"font-size: xx-small;\"><span style=\"font-family: Arial, sans-serif;\"><span style=\"font-size: small;\">Zum Flughafen fahre ich mit dem Taxi, da mein Rad bereits verpackt ist. Fahrrad aufgeben klappt reibungslos, doch leider hat mein Flieger \u00fcber 2 Stunden Versp\u00e4tung. Auch in Buenos Aires nehme ich ein Taxi, was mich zum F\u00e4hrterminal bringt. Es ist garnicht so teuer und stressfrei. Ausreise- und Einreisestempel bekomme ich schon am Terminal.<\/span><\/span><\/span><\/span><\/span><\/p>\n<p><span style=\"color: #000000;\"><span style=\"font-family: Helvetica Neue, serif;\"><span style=\"font-size: xx-small;\"><span style=\"font-family: Arial, sans-serif;\"><span style=\"font-size: small;\">Aus den Hafen raus hat man nochmal einen herrlichen Blick auf die Skyline von Buenos Aires.<\/span><\/span><\/span><\/span><\/span><\/p>\n<p><span style=\"color: #000000;\"><span style=\"font-family: Helvetica Neue, serif;\"><span style=\"font-size: xx-small;\"><span style=\"font-family: Arial, sans-serif;\"><span style=\"font-size: small;\">In Colonia de Santiago angekommen geht die Sonne schon viel fr\u00fcher unter als noch in Bariloche, da ich ja viel weiter \u00f6stlich bin. So radle ich im dunklen zum erstbesten Hostel. Das Fahrrad kann ich direkt ins Zimmer schieben. Kurz geduscht und ab geht es zur Citybesichtigung. Zu meiner gro\u00dfen Freude, kommt gerade eine Umzug mit Trommlern durch die Stra\u00dfen. Ausgelassen tanzen viele h\u00fcbsche Frauen vor dem Umzug her, die Stimmung ist gro\u00dfartig.<\/span><\/span><span style=\"font-family: Arial, sans-serif;\"><span style=\"font-size: small;\">\u00a0<\/span><\/span><\/span><\/span><\/span><\/p>\n<p><span style=\"color: #000000;\"><span style=\"font-family: Helvetica Neue, serif;\"><span style=\"font-size: xx-small;\"><span style=\"font-family: Arial, sans-serif;\"><span style=\"font-size: small;\">Besichtige noch den alten Stadtkern mit seinen vielen alten Autos und Plantanenalleen die mit Kopfsteinpflaster gepflasterten Strassen sowie die alten Kolonialgeb\u00e4ude.<\/span><\/span><\/span><\/span><\/span><\/p>\n<p>%MCEPASTEBIN%<\/p>\n<div class=\"facebook-like\"><fb:like layout=\"standard\" show_faces=\"true\" href=\"http:\/\/www.ralfkropp.de\/radreisen\/wordpress\/18-1-2019-bariloche-buenos-aires-colonia-del-sacramento\/\"><\/fb:like><\/div>","protected":false},"excerpt":{"rendered":"<p>Zum Flughafen fahre ich mit dem Taxi, da mein Rad bereits verpackt ist. Fahrrad aufgeben klappt reibungslos, doch leider hat mein Flieger \u00fcber 2 Stunden Versp\u00e4tung. Auch in Buenos Aires nehme ich ein Taxi, was mich zum F\u00e4hrterminal bringt. Es [&hellip;] <a class=\"more-link\" href=\"http:\/\/www.ralfkropp.de\/radreisen\/wordpress\/18-1-2019-bariloche-buenos-aires-colonia-del-sacramento\/\">Kompletten Beitrag lesen&#8230;<\/a><\/p>\n","protected":false},"author":1,"featured_media":0,"comment_status":"closed","ping_status":"open","sticky":false,"template":"","format":"standard","meta":[],"categories":[1],"tags":[],"_links":{"self":[{"href":"http:\/\/www.ralfkropp.de\/radreisen\/wordpress\/wp-json\/wp\/v2\/posts\/2071"}],"collection":[{"href":"http:\/\/www.ralfkropp.de\/radreisen\/wordpress\/wp-json\/wp\/v2\/posts"}],"about":[{"href":"http:\/\/www.ralfkropp.de\/radreisen\/wordpress\/wp-json\/wp\/v2\/types\/post"}],"author":[{"embeddable":true,"href":"http:\/\/www.ralfkropp.de\/radreisen\/wordpress\/wp-json\/wp\/v2\/users\/1"}],"replies":[{"embeddable":true,"href":"http:\/\/www.ralfkropp.de\/radreisen\/wordpress\/wp-json\/wp\/v2\/comments?post=2071"}],"version-history":[{"count":1,"href":"http:\/\/www.ralfkropp.de\/radreisen\/wordpress\/wp-json\/wp\/v2\/posts\/2071\/revisions"}],"predecessor-version":[{"id":2072,"href":"http:\/\/www.ralfkropp.de\/radreisen\/wordpress\/wp-json\/wp\/v2\/posts\/2071\/revisions\/2072"}],"wp:attachment":[{"href":"http:\/\/www.ralfkropp.de\/radreisen\/wordpress\/wp-json\/wp\/v2\/media?parent=2071"}],"wp:term":[{"taxonomy":"category","embeddable":true,"href":"http:\/\/www.ralfkropp.de\/radreisen\/wordpress\/wp-json\/wp\/v2\/categories?post=2071"},{"taxonomy":"post_tag","embeddable":true,"href":"http:\/\/www.ralfkropp.de\/radreisen\/wordpress\/wp-json\/wp\/v2\/tags?post=2071"}],"curies":[{"name":"wp","href":"https:\/\/api.w.org\/{rel}","templated":true}]}}