{"id":2073,"date":"2020-03-06T20:41:59","date_gmt":"2020-03-06T20:41:59","guid":{"rendered":"http:\/\/www.ralfkropp.de\/radreisen\/wordpress\/?p=2073"},"modified":"2020-03-06T20:42:01","modified_gmt":"2020-03-06T20:42:01","slug":"19-1-2019-colonia-del-sacramento-camping-am-rio-santa-lucia-delta","status":"publish","type":"post","link":"http:\/\/www.ralfkropp.de\/radreisen\/wordpress\/19-1-2019-colonia-del-sacramento-camping-am-rio-santa-lucia-delta\/","title":{"rendered":"19.1.2019 Colonia del Sacramento &#8211; Camping am Rio Santa Lucia Delta"},"content":{"rendered":"\n<p><iframe loading=\"lazy\" class=\"alltrails\" title=\"AllTrails: Trail Guides and Maps for Hiking, Camping, and Running\" src=\"https:\/\/www.alltrails.com\/widget\/map\/colonia-del-sacramento-67e235e?u=m\" width=\"100%\" height=\"400\" frameborder=\"0\" marginwidth=\"0\" marginheight=\"0\" scrolling=\"no\"><\/iframe><\/p>\n<p><span style=\"color: #000000;\"><span style=\"font-family: Helvetica Neue, serif;\"><span style=\"font-size: xx-small;\"><span style=\"font-family: Arial, sans-serif;\"><span style=\"font-size: small;\">Im hellen besichtige ich dann nochmals den alten Stadtkern, um mich dann um 11 Uhr auf nach Montevideo zu machen. Leider habe ich auch hier wieder Gegenwind der im Verlaufe des Tages sogar noch zunimmt. Nach 90 km bin ich dann auch schon etwas kaputt und brauche eine kleine Pause. Ich finde eine Caf\u00e9 am Stra\u00dfenrand wo mich st\u00e4rken kann, bevor die n\u00e4chsten ca. 70 km zum \u00fcber iOverlander ausgewiesenen Campingplatz in Angriff genommen werden. Doch den finde ich leider nicht, nur einen \u00f6ffentlichen am Flussdelta. Also klebrig ohne Dusche ins Zelt und brauche auch alle Essensreste auf. So werde ich wohl auf das Fr\u00fchst\u00fcck verzichten m\u00fcssen. Montevideo ist ja aber auch nur noch ca. 25 km entfernt. Also kein Problem, nur viele Moskitos haben den Weg in mein Zelt gefunden und fast alle die ich erwische sind schon mit Blut voll gesaugt. Schitt. Pinkeln muss ich auch noch. Nochmal Schitt.<\/span><\/span><\/span><\/span><\/span><\/p>\n<p>%MCEPASTEBIN%<\/p>\n<div class=\"facebook-like\"><fb:like layout=\"standard\" show_faces=\"true\" href=\"http:\/\/www.ralfkropp.de\/radreisen\/wordpress\/19-1-2019-colonia-del-sacramento-camping-am-rio-santa-lucia-delta\/\"><\/fb:like><\/div>","protected":false},"excerpt":{"rendered":"<p>Im hellen besichtige ich dann nochmals den alten Stadtkern, um mich dann um 11 Uhr auf nach Montevideo zu machen. Leider habe ich auch hier wieder Gegenwind der im Verlaufe des Tages sogar noch zunimmt. Nach 90 km bin ich [&hellip;] <a class=\"more-link\" href=\"http:\/\/www.ralfkropp.de\/radreisen\/wordpress\/19-1-2019-colonia-del-sacramento-camping-am-rio-santa-lucia-delta\/\">Kompletten Beitrag lesen&#8230;<\/a><\/p>\n","protected":false},"author":1,"featured_media":0,"comment_status":"closed","ping_status":"open","sticky":false,"template":"","format":"standard","meta":[],"categories":[1],"tags":[],"_links":{"self":[{"href":"http:\/\/www.ralfkropp.de\/radreisen\/wordpress\/wp-json\/wp\/v2\/posts\/2073"}],"collection":[{"href":"http:\/\/www.ralfkropp.de\/radreisen\/wordpress\/wp-json\/wp\/v2\/posts"}],"about":[{"href":"http:\/\/www.ralfkropp.de\/radreisen\/wordpress\/wp-json\/wp\/v2\/types\/post"}],"author":[{"embeddable":true,"href":"http:\/\/www.ralfkropp.de\/radreisen\/wordpress\/wp-json\/wp\/v2\/users\/1"}],"replies":[{"embeddable":true,"href":"http:\/\/www.ralfkropp.de\/radreisen\/wordpress\/wp-json\/wp\/v2\/comments?post=2073"}],"version-history":[{"count":1,"href":"http:\/\/www.ralfkropp.de\/radreisen\/wordpress\/wp-json\/wp\/v2\/posts\/2073\/revisions"}],"predecessor-version":[{"id":2074,"href":"http:\/\/www.ralfkropp.de\/radreisen\/wordpress\/wp-json\/wp\/v2\/posts\/2073\/revisions\/2074"}],"wp:attachment":[{"href":"http:\/\/www.ralfkropp.de\/radreisen\/wordpress\/wp-json\/wp\/v2\/media?parent=2073"}],"wp:term":[{"taxonomy":"category","embeddable":true,"href":"http:\/\/www.ralfkropp.de\/radreisen\/wordpress\/wp-json\/wp\/v2\/categories?post=2073"},{"taxonomy":"post_tag","embeddable":true,"href":"http:\/\/www.ralfkropp.de\/radreisen\/wordpress\/wp-json\/wp\/v2\/tags?post=2073"}],"curies":[{"name":"wp","href":"https:\/\/api.w.org\/{rel}","templated":true}]}}