{"id":2075,"date":"2020-03-06T20:49:52","date_gmt":"2020-03-06T20:49:52","guid":{"rendered":"http:\/\/www.ralfkropp.de\/radreisen\/wordpress\/?p=2075"},"modified":"2020-03-06T20:49:54","modified_gmt":"2020-03-06T20:49:54","slug":"20-1-2019-camping-montevideo-camping-playa-escondida","status":"publish","type":"post","link":"http:\/\/www.ralfkropp.de\/radreisen\/wordpress\/20-1-2019-camping-montevideo-camping-playa-escondida\/","title":{"rendered":"20.1.2019 Camping &#8211; Montevideo &#8211; Camping Playa Escondida"},"content":{"rendered":"\n<p><iframe loading=\"lazy\" class=\"alltrails\" title=\"AllTrails: Trail Guides and Maps for Hiking, Camping, and Running\" src=\"https:\/\/www.alltrails.com\/widget\/map\/montevideo-salinas--4?u=m\" width=\"100%\" height=\"400\" frameborder=\"0\" marginwidth=\"0\" marginheight=\"0\" scrolling=\"no\"><\/iframe><\/p>\n<p><span style=\"color: #000000;\"><span style=\"font-family: Helvetica Neue, serif;\"><span style=\"font-size: xx-small;\"><span style=\"font-family: Arial, sans-serif;\"><span style=\"font-size: small;\">Ich radle die letzten Kilometer nach Montevideo und gehe erstmal fr\u00fchst\u00fccken, bevor die Stadtbesichtigung auf dem Programm steht. Es findet gerade ein Stra\u00dfenrennen statt, welches ich mit anschaue. Die vielen alten Kolonialbauten beeindrucken, sowie die guten Graffiti an einigen W\u00e4nden. Die Museen hebe ich mir f\u00fcr den R\u00fcckweg auf, wenn ich wieder in der Stadt bin und mit der F\u00e4hre nach BA fahre. So breche ich dann auf in Richtung Punta del Este, wo vorher ein sch\u00f6ner Campingplatz mit eigenem Strand liegen soll, hoffentlich finde ich den diesmal. Folge der Rambla entlang der K\u00fcste und muss nur kurze Teilst\u00fccke auf der vielbefahrenen Autobahn fahren. Die 70 km fallen mir ziemlich schwer, da ich den Vortag noch nicht richtig verdaut habe. Der Campingplatz ist aber sehr sch\u00f6n und da bekomme ich auch noch im angeschlossenen Restaurant eine herrliche Paella.<\/span><\/span><\/span><\/span><\/span><\/p>\n<p>%MCEPASTEBIN%<\/p>\n<div class=\"facebook-like\"><fb:like layout=\"standard\" show_faces=\"true\" href=\"http:\/\/www.ralfkropp.de\/radreisen\/wordpress\/20-1-2019-camping-montevideo-camping-playa-escondida\/\"><\/fb:like><\/div>","protected":false},"excerpt":{"rendered":"<p>Ich radle die letzten Kilometer nach Montevideo und gehe erstmal fr\u00fchst\u00fccken, bevor die Stadtbesichtigung auf dem Programm steht. Es findet gerade ein Stra\u00dfenrennen statt, welches ich mit anschaue. Die vielen alten Kolonialbauten beeindrucken, sowie die guten Graffiti an einigen W\u00e4nden. [&hellip;] <a class=\"more-link\" href=\"http:\/\/www.ralfkropp.de\/radreisen\/wordpress\/20-1-2019-camping-montevideo-camping-playa-escondida\/\">Kompletten Beitrag lesen&#8230;<\/a><\/p>\n","protected":false},"author":1,"featured_media":0,"comment_status":"closed","ping_status":"open","sticky":false,"template":"","format":"standard","meta":[],"categories":[1],"tags":[],"_links":{"self":[{"href":"http:\/\/www.ralfkropp.de\/radreisen\/wordpress\/wp-json\/wp\/v2\/posts\/2075"}],"collection":[{"href":"http:\/\/www.ralfkropp.de\/radreisen\/wordpress\/wp-json\/wp\/v2\/posts"}],"about":[{"href":"http:\/\/www.ralfkropp.de\/radreisen\/wordpress\/wp-json\/wp\/v2\/types\/post"}],"author":[{"embeddable":true,"href":"http:\/\/www.ralfkropp.de\/radreisen\/wordpress\/wp-json\/wp\/v2\/users\/1"}],"replies":[{"embeddable":true,"href":"http:\/\/www.ralfkropp.de\/radreisen\/wordpress\/wp-json\/wp\/v2\/comments?post=2075"}],"version-history":[{"count":1,"href":"http:\/\/www.ralfkropp.de\/radreisen\/wordpress\/wp-json\/wp\/v2\/posts\/2075\/revisions"}],"predecessor-version":[{"id":2076,"href":"http:\/\/www.ralfkropp.de\/radreisen\/wordpress\/wp-json\/wp\/v2\/posts\/2075\/revisions\/2076"}],"wp:attachment":[{"href":"http:\/\/www.ralfkropp.de\/radreisen\/wordpress\/wp-json\/wp\/v2\/media?parent=2075"}],"wp:term":[{"taxonomy":"category","embeddable":true,"href":"http:\/\/www.ralfkropp.de\/radreisen\/wordpress\/wp-json\/wp\/v2\/categories?post=2075"},{"taxonomy":"post_tag","embeddable":true,"href":"http:\/\/www.ralfkropp.de\/radreisen\/wordpress\/wp-json\/wp\/v2\/tags?post=2075"}],"curies":[{"name":"wp","href":"https:\/\/api.w.org\/{rel}","templated":true}]}}