{"id":2077,"date":"2020-03-06T20:55:07","date_gmt":"2020-03-06T20:55:07","guid":{"rendered":"http:\/\/www.ralfkropp.de\/radreisen\/wordpress\/?p=2077"},"modified":"2020-03-06T20:55:09","modified_gmt":"2020-03-06T20:55:09","slug":"21-1-2019-camping-playa-escondida-punta-del-este","status":"publish","type":"post","link":"http:\/\/www.ralfkropp.de\/radreisen\/wordpress\/21-1-2019-camping-playa-escondida-punta-del-este\/","title":{"rendered":"21.1.2019 Camping Playa Escondida &#8211; Punta del Este"},"content":{"rendered":"\n<p><iframe loading=\"lazy\" class=\"alltrails\" title=\"AllTrails: Trail Guides and Maps for Hiking, Camping, and Running\" src=\"https:\/\/www.alltrails.com\/widget\/map\/fahrt-am-morgen-5?u=m\" width=\"100%\" height=\"400\" frameborder=\"0\" marginwidth=\"0\" marginheight=\"0\" scrolling=\"no\"><\/iframe><\/p>\n<p><span style=\"color: #000000;\"><span style=\"font-family: Helvetica Neue, serif;\"><span style=\"font-size: xx-small;\"><span style=\"font-family: Arial, sans-serif;\"><span style=\"font-size: small;\">Das Restaurant ist f\u00fcrs Fr\u00fchst\u00fcck noch geschlossen, so dass ich ohne Kaffee starten muss. M\u00fcsli h\u00e4tte ich noch ausreichend. Schon nach kurzer Zeit muss ich auf die Autobahn und das f\u00fcr einige Kilometer. Sie ist brechend voll und viele Autos stinken gen Himmel. Eine Wohltat als ich die Autobahn auf die 11 B verlassen kann. Dort komme ich an sch\u00f6nen Sandstr\u00e4nden vorbei und sehe viele Prachtbauten die in den D\u00fcnen versteckt gebaut sind. Leider hat dieses sch\u00f6ne Teilst\u00fcck auch irgendwann ein Ende und ich muss wieder auf die Autobahn. Punta del Este beeindruckt schon von weitem mit seiner riesigen Bucht und den Hochh\u00e4usern. (Skyline)<\/span><\/span><\/span><\/span><\/span><\/p>\n<p><span style=\"color: #000000;\"><span style=\"font-family: Helvetica Neue, serif;\"><span style=\"font-size: xx-small;\"><span style=\"font-family: Arial, sans-serif;\"><span style=\"font-size: small;\">Im Hostel versorge ich mich selbst mit Essen, da die Preise hier nochmal fast doppelt so hoch sind wie sonst in Uruguay.<\/span><\/span><\/span><\/span><\/span><\/p>\n<p>%MCEPASTEBIN%<\/p>\n<div class=\"facebook-like\"><fb:like layout=\"standard\" show_faces=\"true\" href=\"http:\/\/www.ralfkropp.de\/radreisen\/wordpress\/21-1-2019-camping-playa-escondida-punta-del-este\/\"><\/fb:like><\/div>","protected":false},"excerpt":{"rendered":"<p>Das Restaurant ist f\u00fcrs Fr\u00fchst\u00fcck noch geschlossen, so dass ich ohne Kaffee starten muss. M\u00fcsli h\u00e4tte ich noch ausreichend. Schon nach kurzer Zeit muss ich auf die Autobahn und das f\u00fcr einige Kilometer. Sie ist brechend voll und viele Autos [&hellip;] <a class=\"more-link\" href=\"http:\/\/www.ralfkropp.de\/radreisen\/wordpress\/21-1-2019-camping-playa-escondida-punta-del-este\/\">Kompletten Beitrag lesen&#8230;<\/a><\/p>\n","protected":false},"author":1,"featured_media":0,"comment_status":"closed","ping_status":"open","sticky":false,"template":"","format":"standard","meta":[],"categories":[1],"tags":[],"_links":{"self":[{"href":"http:\/\/www.ralfkropp.de\/radreisen\/wordpress\/wp-json\/wp\/v2\/posts\/2077"}],"collection":[{"href":"http:\/\/www.ralfkropp.de\/radreisen\/wordpress\/wp-json\/wp\/v2\/posts"}],"about":[{"href":"http:\/\/www.ralfkropp.de\/radreisen\/wordpress\/wp-json\/wp\/v2\/types\/post"}],"author":[{"embeddable":true,"href":"http:\/\/www.ralfkropp.de\/radreisen\/wordpress\/wp-json\/wp\/v2\/users\/1"}],"replies":[{"embeddable":true,"href":"http:\/\/www.ralfkropp.de\/radreisen\/wordpress\/wp-json\/wp\/v2\/comments?post=2077"}],"version-history":[{"count":1,"href":"http:\/\/www.ralfkropp.de\/radreisen\/wordpress\/wp-json\/wp\/v2\/posts\/2077\/revisions"}],"predecessor-version":[{"id":2078,"href":"http:\/\/www.ralfkropp.de\/radreisen\/wordpress\/wp-json\/wp\/v2\/posts\/2077\/revisions\/2078"}],"wp:attachment":[{"href":"http:\/\/www.ralfkropp.de\/radreisen\/wordpress\/wp-json\/wp\/v2\/media?parent=2077"}],"wp:term":[{"taxonomy":"category","embeddable":true,"href":"http:\/\/www.ralfkropp.de\/radreisen\/wordpress\/wp-json\/wp\/v2\/categories?post=2077"},{"taxonomy":"post_tag","embeddable":true,"href":"http:\/\/www.ralfkropp.de\/radreisen\/wordpress\/wp-json\/wp\/v2\/tags?post=2077"}],"curies":[{"name":"wp","href":"https:\/\/api.w.org\/{rel}","templated":true}]}}