{"id":2079,"date":"2020-03-06T20:57:30","date_gmt":"2020-03-06T20:57:30","guid":{"rendered":"http:\/\/www.ralfkropp.de\/radreisen\/wordpress\/?p=2079"},"modified":"2020-03-06T20:57:32","modified_gmt":"2020-03-06T20:57:32","slug":"22-1-2019-punta-del-este","status":"publish","type":"post","link":"http:\/\/www.ralfkropp.de\/radreisen\/wordpress\/22-1-2019-punta-del-este\/","title":{"rendered":"22.1.2019 Punta del Este"},"content":{"rendered":"\n<p><span style=\"color: #000000;\"><span style=\"font-family: Helvetica Neue, serif;\"><span style=\"font-size: xx-small;\"><span style=\"font-family: Arial, sans-serif;\"><span style=\"font-size: small;\">Am heutigen Ruhetag fahre ich nur in den Hafen und versuche auf ein Boot zu kommen was zur Insel Isla de Lobos f\u00e4hrt, um die Seehundkolonie zu besuchen. Es gibt nur einheitliche Ticketpreise was f\u00fcr zwei Personen 60 Dollar kosten soll. Als Einzelperson soll ich auch diesen Preis bezahlen, aber man k\u00f6nnte mir auch mit 54 Dollar entgegenkommen. Ich schaue mich noch nach anderen Interessenten um, doch sie kommen alle zu zweit. 5 Minuten vorm ablegen des Bootes frage ich dann einfach den Skipper und er nimmt mich dann f\u00fcr 40 Dollar mit.<\/span><\/span><\/span><\/span><\/span><\/p>\n<p><span style=\"color: #000000;\"><span style=\"font-family: Helvetica Neue, serif;\"><span style=\"font-size: xx-small;\"><span style=\"font-family: Arial, sans-serif;\"><span style=\"font-size: small;\">Als wir uns der Insel n\u00e4hern ragt \u00fcberall Tank aus dem Wasser. Doch bei genaueren hinschauen stellt sich heraus, dass es die Flossen der Seehunde sind. \u00dcberall t\u00fcmmeln sie sich im Wasser und auf Land. Viel zu kurz ist die Besuchszeit. Time ist Money.<\/span><\/span><span style=\"font-family: Arial, sans-serif;\"><span style=\"font-size: small;\">\u00a0<\/span><\/span><\/span><\/span><\/span><\/p>\n<p><span style=\"color: #000000;\"><span style=\"font-family: Helvetica Neue, serif;\"><span style=\"font-size: xx-small;\"><span style=\"font-family: Arial, sans-serif;\"><span style=\"font-size: small;\">Buche f\u00fcr Freitag meine R\u00fcckfahrt<\/span><\/span><span style=\"font-family: Arial, sans-serif;\"><span style=\"font-size: small;\">\u00a0 <\/span><\/span><span style=\"font-family: Arial, sans-serif;\"><span style=\"font-size: small;\">Bus und F\u00e4hre nach BA. Doch im Hostel erfahre ich, dass am Donnerstag in Montevideo der Karneval beginnt. Also gehe ich nochmal zum Ticketoffice und versuche mein Ticket umzutauschen. Wow, es klappt ohne Schwierigkeiten und ich bekomme sogar noch ein bisschen Geld zur\u00fcck.<\/span><\/span><\/span><\/span><\/span><\/p>\n<p><span style=\"color: #000000;\"><span style=\"font-family: Helvetica Neue, serif;\"><span style=\"font-size: xx-small;\"><span style=\"font-family: Arial, sans-serif;\"><span style=\"font-size: small;\">Vom Hochhaus habe ich einen herrlichen Blick auf die Bucht und genie\u00dfe den Sonnenuntergang.<\/span><\/span><\/span><\/span><\/span><\/p>\n<div class=\"facebook-like\"><fb:like layout=\"standard\" show_faces=\"true\" href=\"http:\/\/www.ralfkropp.de\/radreisen\/wordpress\/22-1-2019-punta-del-este\/\"><\/fb:like><\/div>","protected":false},"excerpt":{"rendered":"<p>Am heutigen Ruhetag fahre ich nur in den Hafen und versuche auf ein Boot zu kommen was zur Insel Isla de Lobos f\u00e4hrt, um die Seehundkolonie zu besuchen. Es gibt nur einheitliche Ticketpreise was f\u00fcr zwei Personen 60 Dollar kosten [&hellip;] <a class=\"more-link\" href=\"http:\/\/www.ralfkropp.de\/radreisen\/wordpress\/22-1-2019-punta-del-este\/\">Kompletten Beitrag lesen&#8230;<\/a><\/p>\n","protected":false},"author":1,"featured_media":0,"comment_status":"closed","ping_status":"open","sticky":false,"template":"","format":"standard","meta":[],"categories":[1],"tags":[],"_links":{"self":[{"href":"http:\/\/www.ralfkropp.de\/radreisen\/wordpress\/wp-json\/wp\/v2\/posts\/2079"}],"collection":[{"href":"http:\/\/www.ralfkropp.de\/radreisen\/wordpress\/wp-json\/wp\/v2\/posts"}],"about":[{"href":"http:\/\/www.ralfkropp.de\/radreisen\/wordpress\/wp-json\/wp\/v2\/types\/post"}],"author":[{"embeddable":true,"href":"http:\/\/www.ralfkropp.de\/radreisen\/wordpress\/wp-json\/wp\/v2\/users\/1"}],"replies":[{"embeddable":true,"href":"http:\/\/www.ralfkropp.de\/radreisen\/wordpress\/wp-json\/wp\/v2\/comments?post=2079"}],"version-history":[{"count":1,"href":"http:\/\/www.ralfkropp.de\/radreisen\/wordpress\/wp-json\/wp\/v2\/posts\/2079\/revisions"}],"predecessor-version":[{"id":2080,"href":"http:\/\/www.ralfkropp.de\/radreisen\/wordpress\/wp-json\/wp\/v2\/posts\/2079\/revisions\/2080"}],"wp:attachment":[{"href":"http:\/\/www.ralfkropp.de\/radreisen\/wordpress\/wp-json\/wp\/v2\/media?parent=2079"}],"wp:term":[{"taxonomy":"category","embeddable":true,"href":"http:\/\/www.ralfkropp.de\/radreisen\/wordpress\/wp-json\/wp\/v2\/categories?post=2079"},{"taxonomy":"post_tag","embeddable":true,"href":"http:\/\/www.ralfkropp.de\/radreisen\/wordpress\/wp-json\/wp\/v2\/tags?post=2079"}],"curies":[{"name":"wp","href":"https:\/\/api.w.org\/{rel}","templated":true}]}}