{"id":2081,"date":"2020-03-06T21:03:44","date_gmt":"2020-03-06T21:03:44","guid":{"rendered":"http:\/\/www.ralfkropp.de\/radreisen\/wordpress\/?p=2081"},"modified":"2020-03-06T21:03:46","modified_gmt":"2020-03-06T21:03:46","slug":"23-1-2019-punta-del-este-camping-playa-escondida","status":"publish","type":"post","link":"http:\/\/www.ralfkropp.de\/radreisen\/wordpress\/23-1-2019-punta-del-este-camping-playa-escondida\/","title":{"rendered":"23.1.2019 Punta del Este &#8211; Camping Playa Escondida"},"content":{"rendered":"\n<p><iframe loading=\"lazy\" class=\"alltrails\" title=\"AllTrails: Trail Guides and Maps for Hiking, Camping, and Running\" src=\"https:\/\/www.alltrails.com\/widget\/map\/fahrt-am-morgen-4?u=m\" width=\"100%\" height=\"400\" frameborder=\"0\" marginwidth=\"0\" marginheight=\"0\" scrolling=\"no\"><\/iframe><\/p>\n<p><span style=\"color: #000000;\"><span style=\"font-family: Helvetica Neue, serif;\"><span style=\"font-size: xx-small;\"><span style=\"font-family: Arial, sans-serif;\"><span style=\"font-size: small;\">Packe meine Sachen zusammen und verabschiede mich von den Kapst\u00e4dtern, sowie den Hostel Angestellten. Ich fahre zum Museum des K\u00fcnstlers Carlos P\u00e1ez Vilar\u00f3. Die Bilder und das Haus sind genial. Ein super K\u00fcnstler, dessen Sohn bei einem Flugzeugabsturz \u00fcber den Anden mit zu den \u00dcberlebenden geh\u00f6rt hat.<\/span><\/span><\/span><\/span><\/span><\/p>\n<p><span style=\"color: #000000;\"><span style=\"font-family: Helvetica Neue, serif;\"><span style=\"font-size: xx-small;\"><span style=\"font-family: Arial, sans-serif;\"><span style=\"font-size: small;\">Mit R\u00fcckenwind geht es z\u00fcgig in Richtung Campingplatz wo ich bereits eine Nacht verbracht hatte. Da ich nicht kaputt bin tobe ich mich im Meer aus und genie\u00dfe meinen mittlerweile gewohnten Liter Bier und unterhalte mich noch mit einem P\u00e4rchen aus Deutschland. Sie sind auf Weltreise mit ihren Kindern unterwegs.<\/span><\/span><\/span><\/span><\/span><\/p>\n<div class=\"facebook-like\"><fb:like layout=\"standard\" show_faces=\"true\" href=\"http:\/\/www.ralfkropp.de\/radreisen\/wordpress\/23-1-2019-punta-del-este-camping-playa-escondida\/\"><\/fb:like><\/div>","protected":false},"excerpt":{"rendered":"<p>Packe meine Sachen zusammen und verabschiede mich von den Kapst\u00e4dtern, sowie den Hostel Angestellten. Ich fahre zum Museum des K\u00fcnstlers Carlos P\u00e1ez Vilar\u00f3. Die Bilder und das Haus sind genial. Ein super K\u00fcnstler, dessen Sohn bei einem Flugzeugabsturz \u00fcber den [&hellip;] <a class=\"more-link\" href=\"http:\/\/www.ralfkropp.de\/radreisen\/wordpress\/23-1-2019-punta-del-este-camping-playa-escondida\/\">Kompletten Beitrag lesen&#8230;<\/a><\/p>\n","protected":false},"author":1,"featured_media":0,"comment_status":"closed","ping_status":"open","sticky":false,"template":"","format":"standard","meta":[],"categories":[1],"tags":[],"_links":{"self":[{"href":"http:\/\/www.ralfkropp.de\/radreisen\/wordpress\/wp-json\/wp\/v2\/posts\/2081"}],"collection":[{"href":"http:\/\/www.ralfkropp.de\/radreisen\/wordpress\/wp-json\/wp\/v2\/posts"}],"about":[{"href":"http:\/\/www.ralfkropp.de\/radreisen\/wordpress\/wp-json\/wp\/v2\/types\/post"}],"author":[{"embeddable":true,"href":"http:\/\/www.ralfkropp.de\/radreisen\/wordpress\/wp-json\/wp\/v2\/users\/1"}],"replies":[{"embeddable":true,"href":"http:\/\/www.ralfkropp.de\/radreisen\/wordpress\/wp-json\/wp\/v2\/comments?post=2081"}],"version-history":[{"count":1,"href":"http:\/\/www.ralfkropp.de\/radreisen\/wordpress\/wp-json\/wp\/v2\/posts\/2081\/revisions"}],"predecessor-version":[{"id":2082,"href":"http:\/\/www.ralfkropp.de\/radreisen\/wordpress\/wp-json\/wp\/v2\/posts\/2081\/revisions\/2082"}],"wp:attachment":[{"href":"http:\/\/www.ralfkropp.de\/radreisen\/wordpress\/wp-json\/wp\/v2\/media?parent=2081"}],"wp:term":[{"taxonomy":"category","embeddable":true,"href":"http:\/\/www.ralfkropp.de\/radreisen\/wordpress\/wp-json\/wp\/v2\/categories?post=2081"},{"taxonomy":"post_tag","embeddable":true,"href":"http:\/\/www.ralfkropp.de\/radreisen\/wordpress\/wp-json\/wp\/v2\/tags?post=2081"}],"curies":[{"name":"wp","href":"https:\/\/api.w.org\/{rel}","templated":true}]}}