{"id":2085,"date":"2020-03-06T21:11:12","date_gmt":"2020-03-06T21:11:12","guid":{"rendered":"http:\/\/www.ralfkropp.de\/radreisen\/wordpress\/?p=2085"},"modified":"2020-03-06T21:11:14","modified_gmt":"2020-03-06T21:11:14","slug":"24-1-2019-camping-playa-escondida-montevideo","status":"publish","type":"post","link":"http:\/\/www.ralfkropp.de\/radreisen\/wordpress\/24-1-2019-camping-playa-escondida-montevideo\/","title":{"rendered":"24.1.2019 Camping Playa Escondida &#8211; Montevideo"},"content":{"rendered":"\n<p><iframe loading=\"lazy\" class=\"alltrails\" title=\"AllTrails: Trail Guides and Maps for Hiking, Camping, and Running\" src=\"https:\/\/www.alltrails.com\/widget\/map\/karte-0af7879?u=m\" width=\"100%\" height=\"400\" frameborder=\"0\" marginwidth=\"0\" marginheight=\"0\" scrolling=\"no\"><\/iframe><\/p>\n<p><span style=\"color: #000000;\"><span style=\"font-family: Helvetica Neue, serif;\"><span style=\"font-size: xx-small;\"><span style=\"font-family: Arial, sans-serif;\"><span style=\"font-size: small;\">Nochmal muss ich ein ganzes St\u00fcck auf der Autobahn fahren, bevor ich auf die Rambla abbiegen kann. Dort werde ich von Rennradfahrern \u00fcberholt. Bei einem gehe ich in den Windschatten und er wird mich nicht los, erst als ein kurzes St\u00fcck ansteigt falle ich aus seinem Windschatten. Schade denke ich noch, da drosselt er sein Tempo und ich kann wieder aufschlie\u00dfen. Wir unterhalten uns noch eine Weile, bevor er richtig antritt und mich stehen l\u00e4sst.<\/span><\/span><\/span><\/span><\/span><\/p>\n<p><span style=\"color: #000000;\"><span style=\"font-family: Helvetica Neue, serif;\"><span style=\"font-size: xx-small;\"><span style=\"font-family: Arial, sans-serif;\"><span style=\"font-size: small;\">In Montevideo tue ich mich erst schwer die Unterkunft zu finden und als ich sie dann endlich gefunden habe, \u00f6ffnet mir niemand. Radle zur Touristeninformation, die dann freundlicherweise da f\u00fcr mich mal anrufen. Nun klappt alles und ich komme in eine sch\u00f6n eingerichtete Unterkunft. Der Familienbetrieb ist klasse. Alle super nett.<\/span><\/span><\/span><\/span><\/span><\/p>\n<p><span style=\"color: #000000;\"><span style=\"font-family: Helvetica Neue, serif;\"><span style=\"font-size: xx-small;\"><span style=\"font-family: Arial, sans-serif;\"><span style=\"font-size: small;\">Die Temperaturen sind mal wieder \u00fcber 30 Grad, so f\u00e4llt es mir schwer \u00fcberhaupt was zu unternehmen und als ich mich dann aufraffe ist leider der Fahrstuhl zum Mirador des Rathauses schon geschlossen.<\/span><\/span><\/span><\/span><\/span><\/p>\n<p><span style=\"color: #000000;\"><span style=\"font-family: Helvetica Neue, serif;\"><span style=\"font-size: xx-small;\"><span style=\"font-family: Arial, sans-serif;\"><span style=\"font-size: small;\">Abends gehe ich dann zum Karneval der durch seine Trommelgruppen, Fahnenschwenker und Sambaschulen \u00fcberzeugen kann.<\/span><\/span><\/span><\/span><\/span><\/p>\n<div class=\"facebook-like\"><fb:like layout=\"standard\" show_faces=\"true\" href=\"http:\/\/www.ralfkropp.de\/radreisen\/wordpress\/24-1-2019-camping-playa-escondida-montevideo\/\"><\/fb:like><\/div>","protected":false},"excerpt":{"rendered":"<p>Nochmal muss ich ein ganzes St\u00fcck auf der Autobahn fahren, bevor ich auf die Rambla abbiegen kann. Dort werde ich von Rennradfahrern \u00fcberholt. Bei einem gehe ich in den Windschatten und er wird mich nicht los, erst als ein kurzes [&hellip;] <a class=\"more-link\" href=\"http:\/\/www.ralfkropp.de\/radreisen\/wordpress\/24-1-2019-camping-playa-escondida-montevideo\/\">Kompletten Beitrag lesen&#8230;<\/a><\/p>\n","protected":false},"author":1,"featured_media":0,"comment_status":"closed","ping_status":"open","sticky":false,"template":"","format":"standard","meta":[],"categories":[1],"tags":[],"_links":{"self":[{"href":"http:\/\/www.ralfkropp.de\/radreisen\/wordpress\/wp-json\/wp\/v2\/posts\/2085"}],"collection":[{"href":"http:\/\/www.ralfkropp.de\/radreisen\/wordpress\/wp-json\/wp\/v2\/posts"}],"about":[{"href":"http:\/\/www.ralfkropp.de\/radreisen\/wordpress\/wp-json\/wp\/v2\/types\/post"}],"author":[{"embeddable":true,"href":"http:\/\/www.ralfkropp.de\/radreisen\/wordpress\/wp-json\/wp\/v2\/users\/1"}],"replies":[{"embeddable":true,"href":"http:\/\/www.ralfkropp.de\/radreisen\/wordpress\/wp-json\/wp\/v2\/comments?post=2085"}],"version-history":[{"count":1,"href":"http:\/\/www.ralfkropp.de\/radreisen\/wordpress\/wp-json\/wp\/v2\/posts\/2085\/revisions"}],"predecessor-version":[{"id":2086,"href":"http:\/\/www.ralfkropp.de\/radreisen\/wordpress\/wp-json\/wp\/v2\/posts\/2085\/revisions\/2086"}],"wp:attachment":[{"href":"http:\/\/www.ralfkropp.de\/radreisen\/wordpress\/wp-json\/wp\/v2\/media?parent=2085"}],"wp:term":[{"taxonomy":"category","embeddable":true,"href":"http:\/\/www.ralfkropp.de\/radreisen\/wordpress\/wp-json\/wp\/v2\/categories?post=2085"},{"taxonomy":"post_tag","embeddable":true,"href":"http:\/\/www.ralfkropp.de\/radreisen\/wordpress\/wp-json\/wp\/v2\/tags?post=2085"}],"curies":[{"name":"wp","href":"https:\/\/api.w.org\/{rel}","templated":true}]}}