{"id":2087,"date":"2020-03-06T21:13:52","date_gmt":"2020-03-06T21:13:52","guid":{"rendered":"http:\/\/www.ralfkropp.de\/radreisen\/wordpress\/?p=2087"},"modified":"2020-03-06T21:13:54","modified_gmt":"2020-03-06T21:13:54","slug":"25-1-2019-montevideo-buenos-aires","status":"publish","type":"post","link":"http:\/\/www.ralfkropp.de\/radreisen\/wordpress\/25-1-2019-montevideo-buenos-aires\/","title":{"rendered":"25.1.2019 Montevideo &#8211; Buenos Aires"},"content":{"rendered":"\n<p><span style=\"color: #000000;\"><span style=\"font-family: Helvetica Neue, serif;\"><span style=\"font-size: xx-small;\"><span style=\"font-family: Arial, sans-serif;\"><span style=\"font-size: small;\">Die letzten zwei Tage sind angebrochen und mir wird schon ganz mulmig bei dem Gedanken wieder nach Hause zu fliegen.<\/span><\/span><span style=\"font-family: Arial, sans-serif;\"><span style=\"font-size: small;\">\u00a0<\/span><\/span><\/span><\/span><\/span><\/p>\n<p><span style=\"color: #000000;\"><span style=\"font-family: Helvetica Neue, serif;\"><span style=\"font-size: xx-small;\"><span style=\"font-family: Arial, sans-serif;\"><span style=\"font-size: small;\">Fr\u00fchst\u00fcck ist genial, leckeres frisches Baguette, H\u00f6rnchen, selbst gebackener Kuchen, guter K\u00e4se, frisch gepresster Orangensaft und vieles mehr. Ganz anders als in den Hostels zuvor.<\/span><\/span><\/span><\/span><\/span><\/p>\n<p><span style=\"color: #000000;\"><span style=\"font-family: Helvetica Neue, serif;\"><span style=\"font-size: xx-small;\"><span style=\"font-family: Arial, sans-serif;\"><span style=\"font-size: small;\">Werde herzlich verabschiedet und erreiche schnell das Busterminal. Bin viel zu fr\u00fch. Hatte eine ganz andere Zeit im Kopf, wann mein Bus abf\u00e4hrt. Ich geselle mich zu zwei brasilianischen Radler, sie sind zwei Wochen durch Uruguay geradelt und hatten mit der ersten Woche ziemliches Pech, denn es soll in Str\u00f6men geregnet haben. Ein Amerikaner aus Florida gesellt sich auch noch zu uns. Ich zeige meine Bilder von Argentinien und Chile wovon alle hellauf begeistert sind. Das Fahrrad l\u00e4sst sich ohne Probleme im Bus verstauen und ab geht die Reise nach Colonia de Sagramento. Puh &#8230;. ist das langweilig im Bus. Es sind zwar nur drei Stunden, aber trotzdem bekomme ich dicke F\u00fc\u00dfe und weis nichts mit mir anfangen. Es ist bedeckt und somit auch die Landschaft, die an uns vorbei rauscht. Vielleicht habe ich aber auch nur schon einen Urlaubskoller.<\/span><\/span><\/span><\/span><\/span><\/p>\n<div class=\"facebook-like\"><fb:like layout=\"standard\" show_faces=\"true\" href=\"http:\/\/www.ralfkropp.de\/radreisen\/wordpress\/25-1-2019-montevideo-buenos-aires\/\"><\/fb:like><\/div>","protected":false},"excerpt":{"rendered":"<p>Die letzten zwei Tage sind angebrochen und mir wird schon ganz mulmig bei dem Gedanken wieder nach Hause zu fliegen.\u00a0 Fr\u00fchst\u00fcck ist genial, leckeres frisches Baguette, H\u00f6rnchen, selbst gebackener Kuchen, guter K\u00e4se, frisch gepresster Orangensaft und vieles mehr. Ganz anders [&hellip;] <a class=\"more-link\" href=\"http:\/\/www.ralfkropp.de\/radreisen\/wordpress\/25-1-2019-montevideo-buenos-aires\/\">Kompletten Beitrag lesen&#8230;<\/a><\/p>\n","protected":false},"author":1,"featured_media":0,"comment_status":"closed","ping_status":"open","sticky":false,"template":"","format":"standard","meta":[],"categories":[1],"tags":[],"_links":{"self":[{"href":"http:\/\/www.ralfkropp.de\/radreisen\/wordpress\/wp-json\/wp\/v2\/posts\/2087"}],"collection":[{"href":"http:\/\/www.ralfkropp.de\/radreisen\/wordpress\/wp-json\/wp\/v2\/posts"}],"about":[{"href":"http:\/\/www.ralfkropp.de\/radreisen\/wordpress\/wp-json\/wp\/v2\/types\/post"}],"author":[{"embeddable":true,"href":"http:\/\/www.ralfkropp.de\/radreisen\/wordpress\/wp-json\/wp\/v2\/users\/1"}],"replies":[{"embeddable":true,"href":"http:\/\/www.ralfkropp.de\/radreisen\/wordpress\/wp-json\/wp\/v2\/comments?post=2087"}],"version-history":[{"count":1,"href":"http:\/\/www.ralfkropp.de\/radreisen\/wordpress\/wp-json\/wp\/v2\/posts\/2087\/revisions"}],"predecessor-version":[{"id":2088,"href":"http:\/\/www.ralfkropp.de\/radreisen\/wordpress\/wp-json\/wp\/v2\/posts\/2087\/revisions\/2088"}],"wp:attachment":[{"href":"http:\/\/www.ralfkropp.de\/radreisen\/wordpress\/wp-json\/wp\/v2\/media?parent=2087"}],"wp:term":[{"taxonomy":"category","embeddable":true,"href":"http:\/\/www.ralfkropp.de\/radreisen\/wordpress\/wp-json\/wp\/v2\/categories?post=2087"},{"taxonomy":"post_tag","embeddable":true,"href":"http:\/\/www.ralfkropp.de\/radreisen\/wordpress\/wp-json\/wp\/v2\/tags?post=2087"}],"curies":[{"name":"wp","href":"https:\/\/api.w.org\/{rel}","templated":true}]}}