{"id":210,"date":"2011-12-20T17:50:59","date_gmt":"2011-12-20T17:50:59","guid":{"rendered":"http:\/\/www.ralfkropp.de\/radreisen\/wordpress\/?p=210"},"modified":"2011-12-20T17:50:59","modified_gmt":"2011-12-20T17:50:59","slug":"sukosan-np-krka","status":"publish","type":"post","link":"http:\/\/www.ralfkropp.de\/radreisen\/wordpress\/sukosan-np-krka\/","title":{"rendered":"Suko\u0161an &#8211; NP Krka"},"content":{"rendered":"<p><span style=\"font-size: 24px;\">21.10. Suko\u0161an &#8211; NP Krka 75km<br \/>\n<\/span><\/p>\n<p><iframe loading=\"lazy\" src=\"http:\/\/www.google.de\/maps?f=d&amp;source=s_d&amp;saddr=Suko%C5%A1an,+Kroatien&amp;daddr=43.96584,15.41709+to:43.85932,15.59668+to:43.76293,15.78857+to:Unbekannte+Stra%C3%9Fe&amp;geocode=FXoSoAIdoJ_pACnZcKpM2uRhRzGwucc9qxepHA%3BFZDdngIdAj_rACnJfcG74d9hRzEh5Yg1UK0AEw%3BFXg9nQIdiPztACnrYUvcB9I0EzHxRHQ1UK0AEw%3BFfLEmwIdGurwACnrZS36Gyg1EzEBoIM1UK0AEw%3BFQZHnAId2KbzAA&amp;aq=0&amp;sll=43.867703,15.801086&amp;sspn=0.335631,0.727158&amp;vpsrc=6&amp;hl=de&amp;mra=dvme&amp;mrsp=3&amp;sz=11&amp;via=1,2,3&amp;ie=UTF8&amp;t=h&amp;ll=43.878098,15.617065&amp;spn=0.692923,1.167297&amp;z=9&amp;output=embed\" frameborder=\"0\" marginwidth=\"0\" marginheight=\"0\" scrolling=\"no\" width=\"425\" height=\"350\"><\/iframe><br \/>\n<small><a style=\"color: #0000ff; text-align: left;\" href=\"http:\/\/maps.google.de\/maps?f=d&amp;source=embed&amp;saddr=Suko%C5%A1an,+Kroatien&amp;daddr=43.96584,15.41709+to:43.85932,15.59668+to:43.76293,15.78857+to:Unbekannte+Stra%C3%9Fe&amp;geocode=FXoSoAIdoJ_pACnZcKpM2uRhRzGwucc9qxepHA%3BFZDdngIdAj_rACnJfcG74d9hRzEh5Yg1UK0AEw%3BFXg9nQIdiPztACnrYUvcB9I0EzHxRHQ1UK0AEw%3BFfLEmwIdGurwACnrZS36Gyg1EzEBoIM1UK0AEw%3BFQZHnAId2KbzAA&amp;aq=0&amp;sll=43.867703,15.801086&amp;sspn=0.335631,0.727158&amp;vpsrc=6&amp;hl=de&amp;mra=dvme&amp;mrsp=3&amp;sz=11&amp;via=1,2,3&amp;ie=UTF8&amp;t=h&amp;ll=43.878098,15.617065&amp;spn=0.692923,1.167297&amp;z=9\">Gr\u00f6\u00dfere Kartenansicht<\/a><\/small><\/p>\n<p>Bei herlichem Sonnenschein und R\u00fcckenwind fahren wir durch eine einmalig sch\u00f6ne Schlucht in den Krka National Park zum Campingplatz direkt an den Wasserf\u00e4llen. Glasklares Wasser l\u00e4d zum baden ein. Unter den Wasserf\u00e4llen bekommt man eine Massage der besonderen Art. Abends grillen wir noch. Ein herlicher Tag, doch in der Nacht f\u00e4ngt es wieder an zu regnen und mein Zelt zeigt schw\u00e4chen. Es wird feutcht von allen Seiten.<\/p>\n<div class=\"facebook-like\"><fb:like layout=\"standard\" show_faces=\"true\" href=\"http:\/\/www.ralfkropp.de\/radreisen\/wordpress\/sukosan-np-krka\/\"><\/fb:like><\/div>","protected":false},"excerpt":{"rendered":"<p>21.10. Suko\u0161an &#8211; NP Krka 75km Gr\u00f6\u00dfere Kartenansicht Bei herlichem Sonnenschein und R\u00fcckenwind fahren wir durch eine einmalig sch\u00f6ne Schlucht in den Krka National Park zum Campingplatz direkt an den Wasserf\u00e4llen. Glasklares Wasser l\u00e4d zum baden ein. Unter den Wasserf\u00e4llen [&hellip;] <a class=\"more-link\" href=\"http:\/\/www.ralfkropp.de\/radreisen\/wordpress\/sukosan-np-krka\/\">Kompletten Beitrag lesen&#8230;<\/a><\/p>\n","protected":false},"author":1,"featured_media":0,"comment_status":"open","ping_status":"open","sticky":false,"template":"","format":"standard","meta":[],"categories":[6],"tags":[],"_links":{"self":[{"href":"http:\/\/www.ralfkropp.de\/radreisen\/wordpress\/wp-json\/wp\/v2\/posts\/210"}],"collection":[{"href":"http:\/\/www.ralfkropp.de\/radreisen\/wordpress\/wp-json\/wp\/v2\/posts"}],"about":[{"href":"http:\/\/www.ralfkropp.de\/radreisen\/wordpress\/wp-json\/wp\/v2\/types\/post"}],"author":[{"embeddable":true,"href":"http:\/\/www.ralfkropp.de\/radreisen\/wordpress\/wp-json\/wp\/v2\/users\/1"}],"replies":[{"embeddable":true,"href":"http:\/\/www.ralfkropp.de\/radreisen\/wordpress\/wp-json\/wp\/v2\/comments?post=210"}],"version-history":[{"count":2,"href":"http:\/\/www.ralfkropp.de\/radreisen\/wordpress\/wp-json\/wp\/v2\/posts\/210\/revisions"}],"predecessor-version":[{"id":229,"href":"http:\/\/www.ralfkropp.de\/radreisen\/wordpress\/wp-json\/wp\/v2\/posts\/210\/revisions\/229"}],"wp:attachment":[{"href":"http:\/\/www.ralfkropp.de\/radreisen\/wordpress\/wp-json\/wp\/v2\/media?parent=210"}],"wp:term":[{"taxonomy":"category","embeddable":true,"href":"http:\/\/www.ralfkropp.de\/radreisen\/wordpress\/wp-json\/wp\/v2\/categories?post=210"},{"taxonomy":"post_tag","embeddable":true,"href":"http:\/\/www.ralfkropp.de\/radreisen\/wordpress\/wp-json\/wp\/v2\/tags?post=210"}],"curies":[{"name":"wp","href":"https:\/\/api.w.org\/{rel}","templated":true}]}}