{"id":303,"date":"2012-04-23T14:37:59","date_gmt":"2012-04-23T14:37:59","guid":{"rendered":"http:\/\/www.ralfkropp.de\/radreisen\/wordpress\/?p=303"},"modified":"2013-04-23T11:01:58","modified_gmt":"2013-04-23T11:01:58","slug":"29-02-ahmelntal","status":"publish","type":"post","link":"http:\/\/www.ralfkropp.de\/radreisen\/wordpress\/29-02-ahmelntal\/","title":{"rendered":"29.02. Ahmelntal"},"content":{"rendered":"<p><iframe loading=\"lazy\" src=\"http:\/\/www.gpsies.com\/mapOnly.do?fileId=luxysrtxjniuoltr\" width=\"600\" height=\"400\" frameborder=\"0\" scrolling=\"no\" marginheight=\"0\" marginwidth=\"0\"><\/iframe><br \/>\nFr\u00fchst\u00fccken wieder gut und g\u00fcnstig, direkt beim B\u00e4cker. Dann gehen wir \u00fcber den Markt, wo eigentlich alles angeboten wird. Neben Obst , Gem\u00fcse, Tr\u00f6del und Hausrat, gibt es auch noch einen Viehmarkt, wo die Berber ihre Schafe, K\u00fche, Esel und Ziegen anpreisen.<a href=\"http:\/\/www.ralfkropp.de\/radreisen\/wordpress\/wp-content\/uploads\/2012\/04\/DSC08151.jpg\"><img decoding=\"async\" loading=\"lazy\" src=\"http:\/\/www.ralfkropp.de\/radreisen\/wordpress\/wp-content\/uploads\/2012\/04\/DSC08151-300x200.jpg\" alt=\"DSC08151\" width=\"300\" height=\"200\" class=\"alignnone size-medium wp-image-578\" srcset=\"http:\/\/www.ralfkropp.de\/radreisen\/wordpress\/wp-content\/uploads\/2012\/04\/DSC08151-300x200.jpg 300w, http:\/\/www.ralfkropp.de\/radreisen\/wordpress\/wp-content\/uploads\/2012\/04\/DSC08151.jpg 778w\" sizes=\"(max-width: 300px) 100vw, 300px\" \/><\/a> Ein Schlagenbeschw\u00f6rer zieht viele Einheimische an, doch wir verstehen nichts und die Schlangen sind auch nicht gerade die agielsten.<br \/>\nNachmittags geht es ins Ahmelntal. Haben den Reisef\u00fchrer vergessen und wissen nicht genau zu welchem Dorf vor den imposanten Felsen fahren sollen. Zwei Abstecher machen wir. Doch so richtig k\u00f6nnen sie uns nicht \u00fcberzeugen.<a href=\"http:\/\/www.ralfkropp.de\/radreisen\/wordpress\/wp-content\/uploads\/2012\/04\/DSC08171.jpg\"><img decoding=\"async\" loading=\"lazy\" src=\"http:\/\/www.ralfkropp.de\/radreisen\/wordpress\/wp-content\/uploads\/2012\/04\/DSC08171-300x200.jpg\" alt=\"DSC08171\" width=\"300\" height=\"200\" class=\"alignnone size-medium wp-image-580\" srcset=\"http:\/\/www.ralfkropp.de\/radreisen\/wordpress\/wp-content\/uploads\/2012\/04\/DSC08171-300x200.jpg 300w, http:\/\/www.ralfkropp.de\/radreisen\/wordpress\/wp-content\/uploads\/2012\/04\/DSC08171.jpg 778w\" sizes=\"(max-width: 300px) 100vw, 300px\" \/><\/a> Die D\u00f6rfer machen einen verschlafenen oder sogar verlassenen Eindruck auf uns. Der Wind bl\u00e4sst uns heftig ins Gesicht und wir kommen nur langsam, trotz h\u00f6henverlust voran. Dann zieht sich der Weg und wir wissen, dass wir es nicht mehr ganz im hellen schaffen werden.Die letzten Kilometer gehen aber bergab und werden durch die Steinformationen nochmal richtig interessant. Schade, die h\u00e4tten wir uns gerne noch im hellen angeschaut. An der Stra\u00dfe nach Tafrout ist Caravanpark neben dem anderen und alle gef\u00fcllt mit franz\u00f6sischen Wohnmobilen.<a href=\"http:\/\/www.ralfkropp.de\/radreisen\/wordpress\/wp-content\/uploads\/2012\/04\/DSC08174.jpg\"><img decoding=\"async\" loading=\"lazy\" src=\"http:\/\/www.ralfkropp.de\/radreisen\/wordpress\/wp-content\/uploads\/2012\/04\/DSC08174-300x200.jpg\" alt=\"DSC08174\" width=\"300\" height=\"200\" class=\"alignnone size-medium wp-image-581\" srcset=\"http:\/\/www.ralfkropp.de\/radreisen\/wordpress\/wp-content\/uploads\/2012\/04\/DSC08174-300x200.jpg 300w, http:\/\/www.ralfkropp.de\/radreisen\/wordpress\/wp-content\/uploads\/2012\/04\/DSC08174.jpg 778w\" sizes=\"(max-width: 300px) 100vw, 300px\" \/><\/a><\/p>\n<div class=\"facebook-like\"><fb:like layout=\"standard\" show_faces=\"true\" href=\"http:\/\/www.ralfkropp.de\/radreisen\/wordpress\/29-02-ahmelntal\/\"><\/fb:like><\/div>","protected":false},"excerpt":{"rendered":"<p>Fr\u00fchst\u00fccken wieder gut und g\u00fcnstig, direkt beim B\u00e4cker. Dann gehen wir \u00fcber den Markt, wo eigentlich alles angeboten wird. Neben Obst , Gem\u00fcse, Tr\u00f6del und Hausrat, gibt es auch noch einen Viehmarkt, wo die Berber ihre Schafe, K\u00fche, Esel und [&hellip;] <a class=\"more-link\" href=\"http:\/\/www.ralfkropp.de\/radreisen\/wordpress\/29-02-ahmelntal\/\">Kompletten Beitrag lesen&#8230;<\/a><\/p>\n","protected":false},"author":1,"featured_media":0,"comment_status":"open","ping_status":"open","sticky":false,"template":"","format":"standard","meta":[],"categories":[7],"tags":[],"_links":{"self":[{"href":"http:\/\/www.ralfkropp.de\/radreisen\/wordpress\/wp-json\/wp\/v2\/posts\/303"}],"collection":[{"href":"http:\/\/www.ralfkropp.de\/radreisen\/wordpress\/wp-json\/wp\/v2\/posts"}],"about":[{"href":"http:\/\/www.ralfkropp.de\/radreisen\/wordpress\/wp-json\/wp\/v2\/types\/post"}],"author":[{"embeddable":true,"href":"http:\/\/www.ralfkropp.de\/radreisen\/wordpress\/wp-json\/wp\/v2\/users\/1"}],"replies":[{"embeddable":true,"href":"http:\/\/www.ralfkropp.de\/radreisen\/wordpress\/wp-json\/wp\/v2\/comments?post=303"}],"version-history":[{"count":5,"href":"http:\/\/www.ralfkropp.de\/radreisen\/wordpress\/wp-json\/wp\/v2\/posts\/303\/revisions"}],"predecessor-version":[{"id":579,"href":"http:\/\/www.ralfkropp.de\/radreisen\/wordpress\/wp-json\/wp\/v2\/posts\/303\/revisions\/579"}],"wp:attachment":[{"href":"http:\/\/www.ralfkropp.de\/radreisen\/wordpress\/wp-json\/wp\/v2\/media?parent=303"}],"wp:term":[{"taxonomy":"category","embeddable":true,"href":"http:\/\/www.ralfkropp.de\/radreisen\/wordpress\/wp-json\/wp\/v2\/categories?post=303"},{"taxonomy":"post_tag","embeddable":true,"href":"http:\/\/www.ralfkropp.de\/radreisen\/wordpress\/wp-json\/wp\/v2\/tags?post=303"}],"curies":[{"name":"wp","href":"https:\/\/api.w.org\/{rel}","templated":true}]}}