{"id":346,"date":"2012-12-16T20:47:24","date_gmt":"2012-12-16T20:47:24","guid":{"rendered":"http:\/\/www.ralfkropp.de\/radreisen\/wordpress\/?p=346"},"modified":"2013-04-25T11:01:16","modified_gmt":"2013-04-25T11:01:16","slug":"03-03-quarzazate-tamkasselt-kreuzung","status":"publish","type":"post","link":"http:\/\/www.ralfkropp.de\/radreisen\/wordpress\/03-03-quarzazate-tamkasselt-kreuzung\/","title":{"rendered":"03.03. Quarzazate &#8211; Tamkasselt &#8211; Kreuzung"},"content":{"rendered":"<p><iframe loading=\"lazy\" src=\"http:\/\/www.gpsies.com\/mapOnly.do?fileId=eztdzjesxonkcgjo\" height=\"400\" width=\"600\" frameborder=\"0\" marginwidth=\"0\" marginheight=\"0\" scrolling=\"no\"><\/iframe><\/p>\n<p>Starten fr\u00fch, sehen eine Herde Dromedare und haben links sch\u00f6ne Felsformationen vor den Schnee bedeckten Bergen des Atlas.<a href=\"http:\/\/www.ralfkropp.de\/radreisen\/wordpress\/wp-content\/uploads\/2012\/12\/DSC08251.jpg\"><img decoding=\"async\" loading=\"lazy\" src=\"http:\/\/www.ralfkropp.de\/radreisen\/wordpress\/wp-content\/uploads\/2012\/12\/DSC08251-300x200.jpg\" alt=\"DSC08251\" width=\"300\" height=\"200\" class=\"alignnone size-medium wp-image-601\" srcset=\"http:\/\/www.ralfkropp.de\/radreisen\/wordpress\/wp-content\/uploads\/2012\/12\/DSC08251-300x200.jpg 300w, http:\/\/www.ralfkropp.de\/radreisen\/wordpress\/wp-content\/uploads\/2012\/12\/DSC08251.jpg 778w\" sizes=\"(max-width: 300px) 100vw, 300px\" \/><\/a><a href=\"http:\/\/www.ralfkropp.de\/radreisen\/wordpress\/wp-content\/uploads\/2012\/12\/Unbenannt-e1366886671983.png\"><img decoding=\"async\" loading=\"lazy\" src=\"http:\/\/www.ralfkropp.de\/radreisen\/wordpress\/wp-content\/uploads\/2012\/12\/Unbenannt-e1366886671983-1024x449.png\" alt=\"Unbenannt\" width=\"500\" height=\"219\" class=\"alignnone size-large wp-image-602\" srcset=\"http:\/\/www.ralfkropp.de\/radreisen\/wordpress\/wp-content\/uploads\/2012\/12\/Unbenannt-e1366886671983-1024x449.png 1024w, http:\/\/www.ralfkropp.de\/radreisen\/wordpress\/wp-content\/uploads\/2012\/12\/Unbenannt-e1366886671983-300x131.png 300w, http:\/\/www.ralfkropp.de\/radreisen\/wordpress\/wp-content\/uploads\/2012\/12\/Unbenannt-e1366886671983.png 1394w\" sizes=\"(max-width: 500px) 100vw, 500px\" \/><\/a>Schauen in sch\u00f6ne Schluchten und Oasen und haben vom Pass Tizi-n-Tinififft (1660m)eine herliche Aussicht ins gr\u00fcne Draatal. Dann folgt eine Rassante Abfahrt. Kommen zur Kasba ?????? wo gerade Dreharbeiten von Engl\u00e4ndern vorbereitet werden. Gedreht wurden hier schon einige Filme, wie z.B. die P\u00e4pstin.<a href=\"http:\/\/www.ralfkropp.de\/radreisen\/wordpress\/wp-content\/uploads\/2012\/12\/DSC08263.jpg\"><img decoding=\"async\" loading=\"lazy\" src=\"http:\/\/www.ralfkropp.de\/radreisen\/wordpress\/wp-content\/uploads\/2012\/12\/DSC08263.jpg\" alt=\"DSC08263\" width=\"778\" height=\"519\" class=\"alignnone size-full wp-image-606\" srcset=\"http:\/\/www.ralfkropp.de\/radreisen\/wordpress\/wp-content\/uploads\/2012\/12\/DSC08263.jpg 778w, http:\/\/www.ralfkropp.de\/radreisen\/wordpress\/wp-content\/uploads\/2012\/12\/DSC08263-300x200.jpg 300w\" sizes=\"(max-width: 778px) 100vw, 778px\" \/><\/a><\/p>\n<p><a href=\"http:\/\/www.ralfkropp.de\/radreisen\/wordpress\/wp-content\/uploads\/2012\/12\/DSC08275.jpg\"><img decoding=\"async\" loading=\"lazy\" src=\"http:\/\/www.ralfkropp.de\/radreisen\/wordpress\/wp-content\/uploads\/2012\/12\/DSC08275.jpg\" alt=\"DSC08275\" width=\"500\" height=\"333\" class=\"alignnone size-large wp-image-607\" srcset=\"http:\/\/www.ralfkropp.de\/radreisen\/wordpress\/wp-content\/uploads\/2012\/12\/DSC08275.jpg 778w, http:\/\/www.ralfkropp.de\/radreisen\/wordpress\/wp-content\/uploads\/2012\/12\/DSC08275-300x200.jpg 300w\" sizes=\"(max-width: 500px) 100vw, 500px\" \/><\/a><\/p>\n<p><a href=\"http:\/\/www.ralfkropp.de\/radreisen\/wordpress\/wp-content\/uploads\/2012\/12\/DSC08287.jpg\"><img decoding=\"async\" loading=\"lazy\" src=\"http:\/\/www.ralfkropp.de\/radreisen\/wordpress\/wp-content\/uploads\/2012\/12\/DSC08287.jpg\" alt=\"DSC08287\" width=\"500\" height=\"333\" class=\"alignnone size-large wp-image-608\" srcset=\"http:\/\/www.ralfkropp.de\/radreisen\/wordpress\/wp-content\/uploads\/2012\/12\/DSC08287.jpg 778w, http:\/\/www.ralfkropp.de\/radreisen\/wordpress\/wp-content\/uploads\/2012\/12\/DSC08287-300x200.jpg 300w\" sizes=\"(max-width: 500px) 100vw, 500px\" \/><\/a><\/p>\n<p><a href=\"http:\/\/www.ralfkropp.de\/radreisen\/wordpress\/wp-content\/uploads\/2012\/12\/DSC08288.jpg\"><img decoding=\"async\" loading=\"lazy\" src=\"http:\/\/www.ralfkropp.de\/radreisen\/wordpress\/wp-content\/uploads\/2012\/12\/DSC08288.jpg\" alt=\"DSC08288\" width=\"500\" height=\"333\" class=\"alignnone size-large wp-image-609\" srcset=\"http:\/\/www.ralfkropp.de\/radreisen\/wordpress\/wp-content\/uploads\/2012\/12\/DSC08288.jpg 778w, http:\/\/www.ralfkropp.de\/radreisen\/wordpress\/wp-content\/uploads\/2012\/12\/DSC08288-300x200.jpg 300w\" sizes=\"(max-width: 500px) 100vw, 500px\" \/><\/a><\/p>\n<p><a href=\"http:\/\/www.ralfkropp.de\/radreisen\/wordpress\/wp-content\/uploads\/2012\/12\/DSC08297.jpg\"><img decoding=\"async\" loading=\"lazy\" src=\"http:\/\/www.ralfkropp.de\/radreisen\/wordpress\/wp-content\/uploads\/2012\/12\/DSC08297.jpg\" alt=\"DSC08297\" width=\"500\" height=\"333\" class=\"alignnone size-large wp-image-610\" srcset=\"http:\/\/www.ralfkropp.de\/radreisen\/wordpress\/wp-content\/uploads\/2012\/12\/DSC08297.jpg 778w, http:\/\/www.ralfkropp.de\/radreisen\/wordpress\/wp-content\/uploads\/2012\/12\/DSC08297-300x200.jpg 300w\" sizes=\"(max-width: 500px) 100vw, 500px\" \/><\/a> Fahren jetzt auf der Seitenstra\u00dfe weiter,wo schon bald der Asphalt aufh\u00f6rt. Scheint reinemachen angesagt zu sein. Viele Teppiche liegen in der Sonne zu trocknen. Die Nebenstrecke wird immer sch\u00f6ner. Das Abendlicht tauch die Palmg\u00e4rten und die gesamte Zenerie in ein briliantes Bild. Die Holperstrecke scheint nicht nur uns zu gefallen. H\u00f6ren ein dr\u00f6hnen und schon kommen einige Gel\u00e4nde Motorr\u00e4der um die Kurve und wirbeln viel Staub auf. Kurz vorm dunkel werden erreichen wir noch eine Herberge. Also doch kein Zelt aufschlagen. Die Unterkunft ist war nicht die sch\u00f6nste aber eine Dusche ist halt doch was feines.   <\/p>\n<div class=\"facebook-like\"><fb:like layout=\"standard\" show_faces=\"true\" href=\"http:\/\/www.ralfkropp.de\/radreisen\/wordpress\/03-03-quarzazate-tamkasselt-kreuzung\/\"><\/fb:like><\/div>","protected":false},"excerpt":{"rendered":"<p>Starten fr\u00fch, sehen eine Herde Dromedare und haben links sch\u00f6ne Felsformationen vor den Schnee bedeckten Bergen des Atlas.Schauen in sch\u00f6ne Schluchten und Oasen und haben vom Pass Tizi-n-Tinififft (1660m)eine herliche Aussicht ins gr\u00fcne Draatal. Dann folgt eine Rassante Abfahrt. Kommen [&hellip;] <a class=\"more-link\" href=\"http:\/\/www.ralfkropp.de\/radreisen\/wordpress\/03-03-quarzazate-tamkasselt-kreuzung\/\">Kompletten Beitrag lesen&#8230;<\/a><\/p>\n","protected":false},"author":1,"featured_media":0,"comment_status":"open","ping_status":"open","sticky":false,"template":"","format":"standard","meta":[],"categories":[7],"tags":[],"_links":{"self":[{"href":"http:\/\/www.ralfkropp.de\/radreisen\/wordpress\/wp-json\/wp\/v2\/posts\/346"}],"collection":[{"href":"http:\/\/www.ralfkropp.de\/radreisen\/wordpress\/wp-json\/wp\/v2\/posts"}],"about":[{"href":"http:\/\/www.ralfkropp.de\/radreisen\/wordpress\/wp-json\/wp\/v2\/types\/post"}],"author":[{"embeddable":true,"href":"http:\/\/www.ralfkropp.de\/radreisen\/wordpress\/wp-json\/wp\/v2\/users\/1"}],"replies":[{"embeddable":true,"href":"http:\/\/www.ralfkropp.de\/radreisen\/wordpress\/wp-json\/wp\/v2\/comments?post=346"}],"version-history":[{"count":13,"href":"http:\/\/www.ralfkropp.de\/radreisen\/wordpress\/wp-json\/wp\/v2\/posts\/346\/revisions"}],"predecessor-version":[{"id":351,"href":"http:\/\/www.ralfkropp.de\/radreisen\/wordpress\/wp-json\/wp\/v2\/posts\/346\/revisions\/351"}],"wp:attachment":[{"href":"http:\/\/www.ralfkropp.de\/radreisen\/wordpress\/wp-json\/wp\/v2\/media?parent=346"}],"wp:term":[{"taxonomy":"category","embeddable":true,"href":"http:\/\/www.ralfkropp.de\/radreisen\/wordpress\/wp-json\/wp\/v2\/categories?post=346"},{"taxonomy":"post_tag","embeddable":true,"href":"http:\/\/www.ralfkropp.de\/radreisen\/wordpress\/wp-json\/wp\/v2\/tags?post=346"}],"curies":[{"name":"wp","href":"https:\/\/api.w.org\/{rel}","templated":true}]}}