{"id":381,"date":"2013-02-17T11:41:35","date_gmt":"2013-02-17T11:41:35","guid":{"rendered":"http:\/\/www.ralfkropp.de\/radreisen\/wordpress\/?p=381"},"modified":"2013-04-26T10:48:10","modified_gmt":"2013-04-26T10:48:10","slug":"04-03","status":"publish","type":"post","link":"http:\/\/www.ralfkropp.de\/radreisen\/wordpress\/04-03\/","title":{"rendered":"04.03. Kreuzung &#8211; Palmenhain"},"content":{"rendered":"<p><iframe loading=\"lazy\" src=\"http:\/\/www.gpsies.com\/mapOnly.do?fileId=btxiedvnmfryqdxd\" width=\"600\" height=\"400\" frameborder=\"0\" scrolling=\"no\" marginheight=\"0\" marginwidth=\"0\"><\/iframe><br \/>\nFr\u00fchst\u00fccken noch gem\u00fctlich und dann gehts weiter Richtung W\u00fcste. Fahren immer entlang der Dr\u00e4a, die noch wasser f\u00fchrt. Die Stra\u00dfe f\u00fchrt immer an der Oase entlang. Sehen einige Kasbar`s manche davon recht sch\u00f6n, aber auch einige die langsam verfallen. Treffen einen Franzose mit einem Rad, was v\u00f6llig \u00fcberladen ist.<a href=\"http:\/\/www.ralfkropp.de\/radreisen\/wordpress\/wp-content\/uploads\/2013\/02\/DSC08339.jpg\"><img decoding=\"async\" loading=\"lazy\" src=\"http:\/\/www.ralfkropp.de\/radreisen\/wordpress\/wp-content\/uploads\/2013\/02\/DSC08339-300x200.jpg\" alt=\"DSC08339\" width=\"300\" height=\"200\" class=\"alignnone size-medium wp-image-612\" srcset=\"http:\/\/www.ralfkropp.de\/radreisen\/wordpress\/wp-content\/uploads\/2013\/02\/DSC08339-300x200.jpg 300w, http:\/\/www.ralfkropp.de\/radreisen\/wordpress\/wp-content\/uploads\/2013\/02\/DSC08339.jpg 778w\" sizes=\"(max-width: 300px) 100vw, 300px\" \/><\/a> Er at alles dran gebaut, was er geschenkt bekommen hat oder ihrgend wo gefunden hat. Vom Radio bis hightech Lupinelampe. Ersatz Laufrad, ersatz Kurbel usw. Aber wo kann er da noch sitzen. Eine Runde will er nicht mit uns fahren, so glauben wir langsam, das er nur an die Stra\u00dfe kommt, wenn Radreisende vorbeikommen, die ein paar DH wie wir in seine Spardose werfen, die nat\u00fcrlich auch an seinem Rad h\u00e4ngt. In Zagora machen wir Pause und gehen erstmal \u00fcber den Markt.<a href=\"http:\/\/www.ralfkropp.de\/radreisen\/wordpress\/wp-content\/uploads\/2013\/02\/DSC08364.jpg\"><img decoding=\"async\" loading=\"lazy\" src=\"http:\/\/www.ralfkropp.de\/radreisen\/wordpress\/wp-content\/uploads\/2013\/02\/DSC08364-300x200.jpg\" alt=\"DSC08364\" width=\"300\" height=\"200\" class=\"alignnone size-medium wp-image-617\" srcset=\"http:\/\/www.ralfkropp.de\/radreisen\/wordpress\/wp-content\/uploads\/2013\/02\/DSC08364-300x200.jpg 300w, http:\/\/www.ralfkropp.de\/radreisen\/wordpress\/wp-content\/uploads\/2013\/02\/DSC08364.jpg 778w\" sizes=\"(max-width: 300px) 100vw, 300px\" \/><\/a><\/p>\n<p><a href=\"http:\/\/www.ralfkropp.de\/radreisen\/wordpress\/wp-content\/uploads\/2013\/02\/DSC08351.jpg\"><img decoding=\"async\" loading=\"lazy\" src=\"http:\/\/www.ralfkropp.de\/radreisen\/wordpress\/wp-content\/uploads\/2013\/02\/DSC08351-300x200.jpg\" alt=\"DSC08351\" width=\"300\" height=\"200\" class=\"alignnone size-medium wp-image-616\" srcset=\"http:\/\/www.ralfkropp.de\/radreisen\/wordpress\/wp-content\/uploads\/2013\/02\/DSC08351-300x200.jpg 300w, http:\/\/www.ralfkropp.de\/radreisen\/wordpress\/wp-content\/uploads\/2013\/02\/DSC08351.jpg 778w\" sizes=\"(max-width: 300px) 100vw, 300px\" \/><\/a><\/p>\n<p> Die Landschaft \u00e4ndert sich langsam und wird W\u00fcsten \u00e4hnlicher.<a href=\"http:\/\/www.ralfkropp.de\/radreisen\/wordpress\/wp-content\/uploads\/2013\/02\/DSC08376.jpg\"><img decoding=\"async\" loading=\"lazy\" src=\"http:\/\/www.ralfkropp.de\/radreisen\/wordpress\/wp-content\/uploads\/2013\/02\/DSC08376-300x200.jpg\" alt=\"DSC08376\" width=\"300\" height=\"200\" class=\"alignnone size-medium wp-image-619\" srcset=\"http:\/\/www.ralfkropp.de\/radreisen\/wordpress\/wp-content\/uploads\/2013\/02\/DSC08376-300x200.jpg 300w, http:\/\/www.ralfkropp.de\/radreisen\/wordpress\/wp-content\/uploads\/2013\/02\/DSC08376.jpg 778w\" sizes=\"(max-width: 300px) 100vw, 300px\" \/><\/a> Kommen zu einer riesigen Sandd\u00fcne, die wie aufgesch\u00fcttet aussieht. rundum fast alles platt und schottrig und dann der riesige Sandh\u00fcgel. Die Winde im Tal scheinen die Sandd\u00fcne nur hin und her zuschieben aber nicht zu verteilen. Ein paar Kleinere Sandd\u00fcnen liegen direkt an der Stra\u00dfe. Fahren weiter und schon balt m\u00fcssen wir uns entscheiden, wo wir entlangfahren. Entscheide, dass wir die Hauptstrecke verlassen um auf einer Piste entlang der Dr\u00e4a zu fahren. Erstaunlicherweise ist die Strecke geteert. Doch nach 10km steigt sie an und folgt nicht mehr der Dr\u00e4a, wie ich dacht, sondern f\u00fchrt Richtung Ost. Wir z\u00f6gern und wollen schon umdrehen, da entdeckt Sabine zwei Eselchen. Da m\u00fcssen ja sicherlich Leute dazugeh\u00f6ren. Fahren hin und ein kleiner Junge zeigt uns eine kleine Piste, die nach M`Hamit f\u00fchren soll.<a href=\"http:\/\/www.ralfkropp.de\/radreisen\/wordpress\/wp-content\/uploads\/2013\/02\/DSC08403.jpg\"><img decoding=\"async\" loading=\"lazy\" src=\"http:\/\/www.ralfkropp.de\/radreisen\/wordpress\/wp-content\/uploads\/2013\/02\/DSC08403-300x200.jpg\" alt=\"DSC08403\" width=\"300\" height=\"200\" class=\"alignnone size-medium wp-image-614\" srcset=\"http:\/\/www.ralfkropp.de\/radreisen\/wordpress\/wp-content\/uploads\/2013\/02\/DSC08403-300x200.jpg 300w, http:\/\/www.ralfkropp.de\/radreisen\/wordpress\/wp-content\/uploads\/2013\/02\/DSC08403.jpg 778w\" sizes=\"(max-width: 300px) 100vw, 300px\" \/><\/a><\/p>\n<p><a href=\"http:\/\/www.ralfkropp.de\/radreisen\/wordpress\/wp-content\/uploads\/2013\/02\/DSC08401.jpg\"><img decoding=\"async\" loading=\"lazy\" src=\"http:\/\/www.ralfkropp.de\/radreisen\/wordpress\/wp-content\/uploads\/2013\/02\/DSC08401-300x200.jpg\" alt=\"DSC08401\" width=\"300\" height=\"200\" class=\"alignnone size-medium wp-image-613\" srcset=\"http:\/\/www.ralfkropp.de\/radreisen\/wordpress\/wp-content\/uploads\/2013\/02\/DSC08401-300x200.jpg 300w, http:\/\/www.ralfkropp.de\/radreisen\/wordpress\/wp-content\/uploads\/2013\/02\/DSC08401.jpg 778w\" sizes=\"(max-width: 300px) 100vw, 300px\" \/><\/a> Auf gehts. Kommen zu einem Haus, wo Sabine ein Shirt verschenkt und wir Luftballons an die Kinder verteilen. den weg bekommen wir noch beschrieben. Landen wieder auf der Teerstra\u00dfe, die auf keiner Keiner Karte eingezeichnet ist, da die Grenze zu Algerien nicht weit ist. M\u00fcssen nachfragen wie wir am besten wieder an die Dr\u00e4a kommen, da wir uns mit der Stra\u00dfe auch nicht sicher sind wo sie hinf\u00fchrt da wir auch nicht die Einheimischen so richtig verstehen welche Richtung f\u00fcr uns die bessere w\u00e4re. Lassen uns noch mal Wasser f\u00fcr den Notfall geben, fals wir kein Gesch\u00e4ft mehr erreichen wo wir Wasser kaufen k\u00f6nnen. Verlassen die Teerstra\u00dfe und fahren in der D\u00e4mmerung durch D\u00f6rfer im Palmenhain. Kommen in ein Dorf wo sie gerade eine Kuh am Stra\u00dfenrand schlachten. Jeder scheint sein Anteil zu bekommen. Bis zu unserer Stadt wo wir schlafen wollen sind es immer noch 10km und es ist schon Stockdunkel. So beschlie\u00dfen wir zu zelten. Der Mond leuchtet uns und wir bauen unser Zelt abseitz der Schotterpiste auf. Autospuren f\u00fchren zwar aber auch an unserem Zeltplatz vorbei doch wer soll hier schon in der Nacht langfahren. Die Nacht wird dann unruhig, ein Dorf scheint nicht all zu weit entfernt zu sein. Hunde bellen die ganze Nacht und wir bekommen so gut wie kein Schlaf.<a href=\"http:\/\/www.ralfkropp.de\/radreisen\/wordpress\/wp-content\/uploads\/2013\/02\/DSC08405.jpg\"><img decoding=\"async\" loading=\"lazy\" src=\"http:\/\/www.ralfkropp.de\/radreisen\/wordpress\/wp-content\/uploads\/2013\/02\/DSC08405-300x200.jpg\" alt=\"DSC08405\" width=\"300\" height=\"200\" class=\"alignnone size-medium wp-image-615\" srcset=\"http:\/\/www.ralfkropp.de\/radreisen\/wordpress\/wp-content\/uploads\/2013\/02\/DSC08405-300x200.jpg 300w, http:\/\/www.ralfkropp.de\/radreisen\/wordpress\/wp-content\/uploads\/2013\/02\/DSC08405.jpg 778w\" sizes=\"(max-width: 300px) 100vw, 300px\" \/><\/a><\/p>\n<div class=\"facebook-like\"><fb:like layout=\"standard\" show_faces=\"true\" href=\"http:\/\/www.ralfkropp.de\/radreisen\/wordpress\/04-03\/\"><\/fb:like><\/div>","protected":false},"excerpt":{"rendered":"<p>Fr\u00fchst\u00fccken noch gem\u00fctlich und dann gehts weiter Richtung W\u00fcste. Fahren immer entlang der Dr\u00e4a, die noch wasser f\u00fchrt. Die Stra\u00dfe f\u00fchrt immer an der Oase entlang. Sehen einige Kasbar`s manche davon recht sch\u00f6n, aber auch einige die langsam verfallen. Treffen [&hellip;] <a class=\"more-link\" href=\"http:\/\/www.ralfkropp.de\/radreisen\/wordpress\/04-03\/\">Kompletten Beitrag lesen&#8230;<\/a><\/p>\n","protected":false},"author":1,"featured_media":0,"comment_status":"open","ping_status":"open","sticky":false,"template":"","format":"standard","meta":[],"categories":[7],"tags":[],"_links":{"self":[{"href":"http:\/\/www.ralfkropp.de\/radreisen\/wordpress\/wp-json\/wp\/v2\/posts\/381"}],"collection":[{"href":"http:\/\/www.ralfkropp.de\/radreisen\/wordpress\/wp-json\/wp\/v2\/posts"}],"about":[{"href":"http:\/\/www.ralfkropp.de\/radreisen\/wordpress\/wp-json\/wp\/v2\/types\/post"}],"author":[{"embeddable":true,"href":"http:\/\/www.ralfkropp.de\/radreisen\/wordpress\/wp-json\/wp\/v2\/users\/1"}],"replies":[{"embeddable":true,"href":"http:\/\/www.ralfkropp.de\/radreisen\/wordpress\/wp-json\/wp\/v2\/comments?post=381"}],"version-history":[{"count":8,"href":"http:\/\/www.ralfkropp.de\/radreisen\/wordpress\/wp-json\/wp\/v2\/posts\/381\/revisions"}],"predecessor-version":[{"id":622,"href":"http:\/\/www.ralfkropp.de\/radreisen\/wordpress\/wp-json\/wp\/v2\/posts\/381\/revisions\/622"}],"wp:attachment":[{"href":"http:\/\/www.ralfkropp.de\/radreisen\/wordpress\/wp-json\/wp\/v2\/media?parent=381"}],"wp:term":[{"taxonomy":"category","embeddable":true,"href":"http:\/\/www.ralfkropp.de\/radreisen\/wordpress\/wp-json\/wp\/v2\/categories?post=381"},{"taxonomy":"post_tag","embeddable":true,"href":"http:\/\/www.ralfkropp.de\/radreisen\/wordpress\/wp-json\/wp\/v2\/tags?post=381"}],"curies":[{"name":"wp","href":"https:\/\/api.w.org\/{rel}","templated":true}]}}