{"id":384,"date":"2013-02-17T16:28:18","date_gmt":"2013-02-17T16:28:18","guid":{"rendered":"http:\/\/www.ralfkropp.de\/radreisen\/wordpress\/?p=384"},"modified":"2013-05-23T13:45:17","modified_gmt":"2013-05-23T13:45:17","slug":"05-03","status":"publish","type":"post","link":"http:\/\/www.ralfkropp.de\/radreisen\/wordpress\/05-03\/","title":{"rendered":"05.03. Palmenhain &#8211; M&#8217;Hamit"},"content":{"rendered":"<p><iframe loading=\"lazy\" src=\"http:\/\/www.gpsies.com\/mapOnly.do?fileId=uembljjzzmjylbuq\" width=\"600\" height=\"400\" frameborder=\"0\" scrolling=\"no\" marginheight=\"0\" marginwidth=\"0\"><\/iframe><br \/>\nDie paar km nach M`Hamit sind schnell zur\u00fcckgelegt. Eine kleine Anh\u00f6he m\u00fcssen wir noch bew\u00e4ltigen und dann weisen uns schon Schilder darauf hin, dass wir die W\u00fcste betreten, sorgsam mit Wasser umgehen, keni M\u00fcll hinterlassen, kein Feuer machen und usw. Alles selbstverst\u00e4ndlich, da sollte man eigentlich gar nicht drauf hinweisen m\u00fcssen.<a href=\"http:\/\/www.ralfkropp.de\/radreisen\/wordpress\/wp-content\/uploads\/2013\/05\/DSC08408.jpg\"><img decoding=\"async\" loading=\"lazy\" src=\"http:\/\/www.ralfkropp.de\/radreisen\/wordpress\/wp-content\/uploads\/2013\/05\/DSC08408-300x200.jpg\" alt=\"DSC08408\" width=\"300\" height=\"200\" class=\"alignnone size-medium wp-image-627\" srcset=\"http:\/\/www.ralfkropp.de\/radreisen\/wordpress\/wp-content\/uploads\/2013\/05\/DSC08408-300x200.jpg 300w, http:\/\/www.ralfkropp.de\/radreisen\/wordpress\/wp-content\/uploads\/2013\/05\/DSC08408.jpg 778w\" sizes=\"(max-width: 300px) 100vw, 300px\" \/><\/a> Die ersten Sandd\u00fcnen sehen wir schon zwischen den Palmen. Windf\u00e4nge sind an der Stra\u00dfe aufgestell, wie bei uns f\u00fcr den Scheen, hier f\u00fcr den Sand. Buchen den Bus zur\u00fcck nach Quarzazate und eine Tour in die W\u00fcste, wo wir \u00fcbernacht im Beduinenzelt verbringen wollen. Schl\u00fcrfen Cafe und k\u00f6nnen gleichzeitig Eselkarren beobachten die vom Markt zur\u00fcckkommen. Dann geht es mit Vierrad getriebenen Pickup, was wir einem Kamelritt vorgezogen haben, \u00fcber Sandh\u00fcgel auf einer Piste zum Camp in den D\u00fcnen. Beduinenzelte sind im Kreis aufgestellt und umliegenden D\u00fcnen bieten das entsprechende W\u00fcstenfieling.<a href=\"http:\/\/www.ralfkropp.de\/radreisen\/wordpress\/wp-content\/uploads\/2013\/05\/DSC08415.jpg\"><img decoding=\"async\" loading=\"lazy\" src=\"http:\/\/www.ralfkropp.de\/radreisen\/wordpress\/wp-content\/uploads\/2013\/05\/DSC08415-300x200.jpg\" alt=\"DSC08415\" width=\"300\" height=\"200\" class=\"alignnone size-medium wp-image-628\" srcset=\"http:\/\/www.ralfkropp.de\/radreisen\/wordpress\/wp-content\/uploads\/2013\/05\/DSC08415-300x200.jpg 300w, http:\/\/www.ralfkropp.de\/radreisen\/wordpress\/wp-content\/uploads\/2013\/05\/DSC08415.jpg 778w\" sizes=\"(max-width: 300px) 100vw, 300px\" \/><\/a><\/p>\n<p><a href=\"http:\/\/www.ralfkropp.de\/radreisen\/wordpress\/wp-content\/uploads\/2013\/05\/DSC08470.jpg\"><img decoding=\"async\" loading=\"lazy\" src=\"http:\/\/www.ralfkropp.de\/radreisen\/wordpress\/wp-content\/uploads\/2013\/05\/DSC08470-300x200.jpg\" alt=\"DSC08470\" width=\"300\" height=\"200\" class=\"alignnone size-medium wp-image-626\" srcset=\"http:\/\/www.ralfkropp.de\/radreisen\/wordpress\/wp-content\/uploads\/2013\/05\/DSC08470-300x200.jpg 300w, http:\/\/www.ralfkropp.de\/radreisen\/wordpress\/wp-content\/uploads\/2013\/05\/DSC08470.jpg 778w\" sizes=\"(max-width: 300px) 100vw, 300px\" \/><\/a><\/p>\n<p><a href=\"http:\/\/www.ralfkropp.de\/radreisen\/wordpress\/wp-content\/uploads\/2013\/05\/DSC08460.jpg\"><img decoding=\"async\" loading=\"lazy\" src=\"http:\/\/www.ralfkropp.de\/radreisen\/wordpress\/wp-content\/uploads\/2013\/05\/DSC08460-300x200.jpg\" alt=\"DSC08460\" width=\"300\" height=\"200\" class=\"alignnone size-medium wp-image-625\" srcset=\"http:\/\/www.ralfkropp.de\/radreisen\/wordpress\/wp-content\/uploads\/2013\/05\/DSC08460-300x200.jpg 300w, http:\/\/www.ralfkropp.de\/radreisen\/wordpress\/wp-content\/uploads\/2013\/05\/DSC08460.jpg 778w\" sizes=\"(max-width: 300px) 100vw, 300px\" \/><\/a><\/p>\n<p><a href=\"http:\/\/www.ralfkropp.de\/radreisen\/wordpress\/wp-content\/uploads\/2013\/05\/DSC08435.jpg\"><img decoding=\"async\" loading=\"lazy\" src=\"http:\/\/www.ralfkropp.de\/radreisen\/wordpress\/wp-content\/uploads\/2013\/05\/DSC08435-300x200.jpg\" alt=\"DSC08435\" width=\"300\" height=\"200\" class=\"alignnone size-medium wp-image-624\" srcset=\"http:\/\/www.ralfkropp.de\/radreisen\/wordpress\/wp-content\/uploads\/2013\/05\/DSC08435-300x200.jpg 300w, http:\/\/www.ralfkropp.de\/radreisen\/wordpress\/wp-content\/uploads\/2013\/05\/DSC08435.jpg 778w\" sizes=\"(max-width: 300px) 100vw, 300px\" \/><\/a> Das Wasser der Duschen wird durch den Sanduntergrund gefiltert und wiederverwendet. Solarzellen sorgen f\u00fcr die Stromversorgung und die Beduienen in ihren Gew\u00e4ndern sevieren uns leckere Gerichte. bei Touren zu Fu\u00df in den D\u00fcnen erkunden wir die Gegend und genie\u00dfen einen herlichen Sonnenuntergang. zwischne den D\u00fcnen und Palmen.<\/p>\n<div class=\"facebook-like\"><fb:like layout=\"standard\" show_faces=\"true\" href=\"http:\/\/www.ralfkropp.de\/radreisen\/wordpress\/05-03\/\"><\/fb:like><\/div>","protected":false},"excerpt":{"rendered":"<p>Die paar km nach M`Hamit sind schnell zur\u00fcckgelegt. Eine kleine Anh\u00f6he m\u00fcssen wir noch bew\u00e4ltigen und dann weisen uns schon Schilder darauf hin, dass wir die W\u00fcste betreten, sorgsam mit Wasser umgehen, keni M\u00fcll hinterlassen, kein Feuer machen und usw. [&hellip;] <a class=\"more-link\" href=\"http:\/\/www.ralfkropp.de\/radreisen\/wordpress\/05-03\/\">Kompletten Beitrag lesen&#8230;<\/a><\/p>\n","protected":false},"author":1,"featured_media":0,"comment_status":"open","ping_status":"open","sticky":false,"template":"","format":"standard","meta":[],"categories":[7],"tags":[],"_links":{"self":[{"href":"http:\/\/www.ralfkropp.de\/radreisen\/wordpress\/wp-json\/wp\/v2\/posts\/384"}],"collection":[{"href":"http:\/\/www.ralfkropp.de\/radreisen\/wordpress\/wp-json\/wp\/v2\/posts"}],"about":[{"href":"http:\/\/www.ralfkropp.de\/radreisen\/wordpress\/wp-json\/wp\/v2\/types\/post"}],"author":[{"embeddable":true,"href":"http:\/\/www.ralfkropp.de\/radreisen\/wordpress\/wp-json\/wp\/v2\/users\/1"}],"replies":[{"embeddable":true,"href":"http:\/\/www.ralfkropp.de\/radreisen\/wordpress\/wp-json\/wp\/v2\/comments?post=384"}],"version-history":[{"count":7,"href":"http:\/\/www.ralfkropp.de\/radreisen\/wordpress\/wp-json\/wp\/v2\/posts\/384\/revisions"}],"predecessor-version":[{"id":387,"href":"http:\/\/www.ralfkropp.de\/radreisen\/wordpress\/wp-json\/wp\/v2\/posts\/384\/revisions\/387"}],"wp:attachment":[{"href":"http:\/\/www.ralfkropp.de\/radreisen\/wordpress\/wp-json\/wp\/v2\/media?parent=384"}],"wp:term":[{"taxonomy":"category","embeddable":true,"href":"http:\/\/www.ralfkropp.de\/radreisen\/wordpress\/wp-json\/wp\/v2\/categories?post=384"},{"taxonomy":"post_tag","embeddable":true,"href":"http:\/\/www.ralfkropp.de\/radreisen\/wordpress\/wp-json\/wp\/v2\/tags?post=384"}],"curies":[{"name":"wp","href":"https:\/\/api.w.org\/{rel}","templated":true}]}}