{"id":39,"date":"2011-12-15T08:43:06","date_gmt":"2011-12-15T08:43:06","guid":{"rendered":"http:\/\/www.ralfkropp.de\/radreisen\/wordpress\/?p=39"},"modified":"2017-01-24T16:26:42","modified_gmt":"2017-01-24T16:26:42","slug":"21-11-las-terrazas-vinales","status":"publish","type":"post","link":"http:\/\/www.ralfkropp.de\/radreisen\/wordpress\/21-11-las-terrazas-vinales\/","title":{"rendered":"21.11. Las Terrazas &#8211;  Vi\u00f1ales"},"content":{"rendered":"<p><span style=\"font-size: 24px;\">21.11. Las Terrazas &#8211;\u00a0 Vi\u00f1ales<\/span><\/p>\n<p><iframe loading=\"lazy\" src=\"http:\/\/www.gpsies.com\/mapOnly.do?fileId=qtboftymipovmznj\" width=\"600\" height=\"400\" frameborder=\"0\" scrolling=\"no\" marginheight=\"0\" marginwidth=\"0\"><\/iframe><\/p>\n<p><small><a style=\"color: #0000ff; text-align: left;\" href=\"http:\/\/maps.google.de\/maps?f=d&amp;source=embed&amp;saddr=Las+Terrazas,+Kuba&amp;daddr=22.77792,-83.16978+to:22.7384712,-83.558628+to:22.7310807,-83.6061669+to:22.67407,-83.67492+to:Vi%C3%B1ales,+Kuba&amp;geocode=FS6TXAEdll8O-ynnlQQC1t_MiDG5z67Lv3hkag%3BFUCQWwEdDO4K-ykvO37_XsHMiDGmzUu-j-3FDg%3BFSf2WgEdHP8E-yk7Hkw8BafMiDHKMON2RdcERQ%3BFUjZWgEdakUE-ynJWM8JiljLiDFzrSlHkIh7JA%3BFZb6WQEd2DgD-ylr4VcYU1fLiDEUC5Y4qu32Yg%3BFe4UWQEdB5kC-ykh_BIuC1HLiDFn6sB2-H1_RQ&amp;aq=0&amp;sll=22.687518,-83.434982&amp;sspn=0.429522,0.727158&amp;vpsrc=0&amp;hl=de&amp;mra=dpe&amp;mrsp=4&amp;sz=11&amp;via=1,2,3,4&amp;ie=UTF8&amp;t=h&amp;ll=22.687518,-83.434982&amp;spn=0.429522,0.727158\">Gr\u00f6\u00dfere Kartenansicht<\/a><\/small><\/p>\n<p>Verlassen unser illegales Lager vorm hell werden und radeln zu den Terassen. Der Weg dorthin ist recht sch\u00f6n, aber die Terrasen selbst sind nichts besonderes. Fr\u00fchst\u00fccken lecker im El Romero. Dann fahren wir einige steile Anstiege mit vielen Schlagl\u00f6chern aus dem Park heraus. Ein Kubanischer Rennradfahrer begleitet uns, doch sein Englisch ist so schlecht wie unser Spanisch. Mir bricht eine Speiche. Ersatz ist in der Sattelst\u00fctze untergebracht. W\u00e4hrend der Reperatur k\u00f6nnen wir den Verkehr beobachten, der uns doch einige male \u00fcberrascht. Ochsenkarren kommen vorbei und Ochsen die Schlitten hinter sich herziehen. Das sch\u00f6ne ist einfach das gringe Verkehrsaufkommen \u00fcberhaupt, wenn man davon \u00fcberhaupt sprechen kann.\u00a0Vi\u00f1ales erreichen wir nicht mehr im hellen. Doch der Mond unterst\u00fctzt uns tatkr\u00e4ftig. Doch nach der langen Fahrt im dunkeln und einige kleineren Schwierigkeiten den richtigen Weg zu finden, da niemand mehr auf der Strasse unterwegs ist. Als wir\u00a0\u00a0Vi\u00f1ales\u00a0 dann erreichen finden wir aber schnell noch eine nette Unterkunft, wo wir lecker Fisch und Huhn bekommen. (oh ho ho Finale oh ho ho Finale)<\/p>\n<div class=\"facebook-like\"><fb:like layout=\"standard\" show_faces=\"true\" href=\"http:\/\/www.ralfkropp.de\/radreisen\/wordpress\/21-11-las-terrazas-vinales\/\"><\/fb:like><\/div>","protected":false},"excerpt":{"rendered":"<p>21.11. Las Terrazas &#8211;\u00a0 Vi\u00f1ales Gr\u00f6\u00dfere Kartenansicht Verlassen unser illegales Lager vorm hell werden und radeln zu den Terassen. Der Weg dorthin ist recht sch\u00f6n, aber die Terrasen selbst sind nichts besonderes. Fr\u00fchst\u00fccken lecker im El Romero. Dann fahren wir [&hellip;] <a class=\"more-link\" href=\"http:\/\/www.ralfkropp.de\/radreisen\/wordpress\/21-11-las-terrazas-vinales\/\">Kompletten Beitrag lesen&#8230;<\/a><\/p>\n","protected":false},"author":1,"featured_media":0,"comment_status":"open","ping_status":"open","sticky":false,"template":"","format":"standard","meta":[],"categories":[3],"tags":[],"_links":{"self":[{"href":"http:\/\/www.ralfkropp.de\/radreisen\/wordpress\/wp-json\/wp\/v2\/posts\/39"}],"collection":[{"href":"http:\/\/www.ralfkropp.de\/radreisen\/wordpress\/wp-json\/wp\/v2\/posts"}],"about":[{"href":"http:\/\/www.ralfkropp.de\/radreisen\/wordpress\/wp-json\/wp\/v2\/types\/post"}],"author":[{"embeddable":true,"href":"http:\/\/www.ralfkropp.de\/radreisen\/wordpress\/wp-json\/wp\/v2\/users\/1"}],"replies":[{"embeddable":true,"href":"http:\/\/www.ralfkropp.de\/radreisen\/wordpress\/wp-json\/wp\/v2\/comments?post=39"}],"version-history":[{"count":5,"href":"http:\/\/www.ralfkropp.de\/radreisen\/wordpress\/wp-json\/wp\/v2\/posts\/39\/revisions"}],"predecessor-version":[{"id":1382,"href":"http:\/\/www.ralfkropp.de\/radreisen\/wordpress\/wp-json\/wp\/v2\/posts\/39\/revisions\/1382"}],"wp:attachment":[{"href":"http:\/\/www.ralfkropp.de\/radreisen\/wordpress\/wp-json\/wp\/v2\/media?parent=39"}],"wp:term":[{"taxonomy":"category","embeddable":true,"href":"http:\/\/www.ralfkropp.de\/radreisen\/wordpress\/wp-json\/wp\/v2\/categories?post=39"},{"taxonomy":"post_tag","embeddable":true,"href":"http:\/\/www.ralfkropp.de\/radreisen\/wordpress\/wp-json\/wp\/v2\/tags?post=39"}],"curies":[{"name":"wp","href":"https:\/\/api.w.org\/{rel}","templated":true}]}}