{"id":390,"date":"2013-02-17T17:12:02","date_gmt":"2013-02-17T17:12:02","guid":{"rendered":"http:\/\/www.ralfkropp.de\/radreisen\/wordpress\/?p=390"},"modified":"2013-05-23T13:54:33","modified_gmt":"2013-05-23T13:54:33","slug":"06-03","status":"publish","type":"post","link":"http:\/\/www.ralfkropp.de\/radreisen\/wordpress\/06-03\/","title":{"rendered":"06.03. M`Hamit &#8211; Kasba Itran in El-Kela\u00e0-M&#8217;Gouna"},"content":{"rendered":"<p><iframe loading=\"lazy\" src=\"http:\/\/www.gpsies.com\/mapOnly.do?fileId=ficvxswjscbocadc\" width=\"600\" height=\"400\" frameborder=\"0\" scrolling=\"no\" marginheight=\"0\" marginwidth=\"0\"><\/iframe><br \/>\n<iframe loading=\"lazy\" src=\"http:\/\/www.gpsies.com\/mapOnly.do?fileId=iabdwvtynahigbzy\" width=\"600\" height=\"400\" frameborder=\"0\" scrolling=\"no\" marginheight=\"0\" marginwidth=\"0\"><\/iframe><br \/>\n5Uhr klingelt der Wecker. Packen unsere Sachen zusammen und maschieren zu unserem Pickuptaxi, was uns eigentlich z\u00fcgig zum Bus bringen soll. Doch es springt nicht an. Versuchen es an zu schieben, doch nichts tut sich. Doch irgendwie springt er dann doch noch an und wir erreichen unseren Bus. In Quarzazateladen wir die Sachen wieder auf die R\u00e4der und radeln Richtung Skora. Da die Stra\u00dfe gut geteert ist und gr\u00f6\u00dfere St\u00e4dte verbindet, dazu noch eine Nationalstra\u00dfe ist, wird schnell gefahren. Normalerweise w\u00e4re kein Platz f\u00fcr Radfahrer. doch f\u00fcr uns bremsen sie. F\u00fchlen uns trotzdem nicht wohl. <a href=\"http:\/\/www.ralfkropp.de\/radreisen\/wordpress\/wp-content\/uploads\/2013\/02\/DSC08515.jpg\"><img decoding=\"async\" loading=\"lazy\" src=\"http:\/\/www.ralfkropp.de\/radreisen\/wordpress\/wp-content\/uploads\/2013\/02\/DSC08515-300x200.jpg\" alt=\"DSC08515\" width=\"300\" height=\"200\" class=\"alignnone size-medium wp-image-630\" srcset=\"http:\/\/www.ralfkropp.de\/radreisen\/wordpress\/wp-content\/uploads\/2013\/02\/DSC08515-300x200.jpg 300w, http:\/\/www.ralfkropp.de\/radreisen\/wordpress\/wp-content\/uploads\/2013\/02\/DSC08515-1024x682.jpg 1024w, http:\/\/www.ralfkropp.de\/radreisen\/wordpress\/wp-content\/uploads\/2013\/02\/DSC08515.jpg 1167w\" sizes=\"(max-width: 300px) 100vw, 300px\" \/><\/a>Der sch\u00f6ne Blick auf den Hauptatlas entsch\u00e4digt ein bisschen. In Koura besichtigen wir die Kasba Amerhidil aus dem 17 Jahrhundert, die auf dem 50ziger abgebildet ist. Bekommen einen F\u00fchrer, der uns vieles erkl\u00e4rt und dabei eine witzige Art hat. Lachen viel und erfahren viel.<a href=\"http:\/\/www.ralfkropp.de\/radreisen\/wordpress\/wp-content\/uploads\/2013\/02\/DSC08510.jpg\"><img decoding=\"async\" loading=\"lazy\" src=\"http:\/\/www.ralfkropp.de\/radreisen\/wordpress\/wp-content\/uploads\/2013\/02\/DSC08510-300x200.jpg\" alt=\"DSC08510\" width=\"300\" height=\"200\" class=\"alignnone size-medium wp-image-635\" srcset=\"http:\/\/www.ralfkropp.de\/radreisen\/wordpress\/wp-content\/uploads\/2013\/02\/DSC08510-300x200.jpg 300w, http:\/\/www.ralfkropp.de\/radreisen\/wordpress\/wp-content\/uploads\/2013\/02\/DSC08510.jpg 778w\" sizes=\"(max-width: 300px) 100vw, 300px\" \/><\/a><\/p>\n<p><a href=\"http:\/\/www.ralfkropp.de\/radreisen\/wordpress\/wp-content\/uploads\/2013\/02\/DSC08495.jpg\"><img decoding=\"async\" loading=\"lazy\" src=\"http:\/\/www.ralfkropp.de\/radreisen\/wordpress\/wp-content\/uploads\/2013\/02\/DSC08495-300x200.jpg\" alt=\"DSC08495\" width=\"300\" height=\"200\" class=\"alignnone size-medium wp-image-634\" srcset=\"http:\/\/www.ralfkropp.de\/radreisen\/wordpress\/wp-content\/uploads\/2013\/02\/DSC08495-300x200.jpg 300w, http:\/\/www.ralfkropp.de\/radreisen\/wordpress\/wp-content\/uploads\/2013\/02\/DSC08495.jpg 778w\" sizes=\"(max-width: 300px) 100vw, 300px\" \/><\/a><\/p>\n<p><a href=\"http:\/\/www.ralfkropp.de\/radreisen\/wordpress\/wp-content\/uploads\/2013\/02\/DSC08494.jpg\"><img decoding=\"async\" loading=\"lazy\" src=\"http:\/\/www.ralfkropp.de\/radreisen\/wordpress\/wp-content\/uploads\/2013\/02\/DSC08494-300x200.jpg\" alt=\"DSC08494\" width=\"300\" height=\"200\" class=\"alignnone size-medium wp-image-633\" srcset=\"http:\/\/www.ralfkropp.de\/radreisen\/wordpress\/wp-content\/uploads\/2013\/02\/DSC08494-300x200.jpg 300w, http:\/\/www.ralfkropp.de\/radreisen\/wordpress\/wp-content\/uploads\/2013\/02\/DSC08494.jpg 778w\" sizes=\"(max-width: 300px) 100vw, 300px\" \/><\/a> Fahren weiter bis Kellaa M`Goung. Kommen schon an einigen Hotels und Herbergen vorbei. Doch was wir uns ausgesucht hatten, haben wir nicht gefunden. Dann fragen wir danach, doch fahren wir gleich falsch. Ein Jugendlicher zeigt uns mit seinem Mofa den Weg und bringt uns sogar verwegfahrend im dunkeln direkt bis zur Kasba Itran. Sch\u00f6ne Zimmer und ein Kamin sorgt f\u00fcr W\u00e4rme. Super nette Bedienung seviert uns ein leckeres Essen mit Suppe, CusCus und Obstsalat. Wir f\u00fchlen uns richtig wohl und k\u00f6nnen die Kasba bestens empfehlen.<a href=\"http:\/\/www.ralfkropp.de\/radreisen\/wordpress\/wp-content\/uploads\/2013\/02\/DSC08524.jpg\"><img decoding=\"async\" loading=\"lazy\" src=\"http:\/\/www.ralfkropp.de\/radreisen\/wordpress\/wp-content\/uploads\/2013\/02\/DSC08524-300x200.jpg\" alt=\"DSC08524\" width=\"300\" height=\"200\" class=\"alignnone size-medium wp-image-632\" srcset=\"http:\/\/www.ralfkropp.de\/radreisen\/wordpress\/wp-content\/uploads\/2013\/02\/DSC08524-300x200.jpg 300w, http:\/\/www.ralfkropp.de\/radreisen\/wordpress\/wp-content\/uploads\/2013\/02\/DSC08524.jpg 778w\" sizes=\"(max-width: 300px) 100vw, 300px\" \/><\/a><\/p>\n<p><a href=\"http:\/\/www.ralfkropp.de\/radreisen\/wordpress\/wp-content\/uploads\/2013\/02\/DSC08522.jpg\"><img decoding=\"async\" loading=\"lazy\" src=\"http:\/\/www.ralfkropp.de\/radreisen\/wordpress\/wp-content\/uploads\/2013\/02\/DSC08522-300x200.jpg\" alt=\"DSC08522\" width=\"300\" height=\"200\" class=\"alignnone size-medium wp-image-631\" srcset=\"http:\/\/www.ralfkropp.de\/radreisen\/wordpress\/wp-content\/uploads\/2013\/02\/DSC08522-300x200.jpg 300w, http:\/\/www.ralfkropp.de\/radreisen\/wordpress\/wp-content\/uploads\/2013\/02\/DSC08522.jpg 778w\" sizes=\"(max-width: 300px) 100vw, 300px\" \/><\/a><\/p>\n<div class=\"facebook-like\"><fb:like layout=\"standard\" show_faces=\"true\" href=\"http:\/\/www.ralfkropp.de\/radreisen\/wordpress\/06-03\/\"><\/fb:like><\/div>","protected":false},"excerpt":{"rendered":"<p>5Uhr klingelt der Wecker. Packen unsere Sachen zusammen und maschieren zu unserem Pickuptaxi, was uns eigentlich z\u00fcgig zum Bus bringen soll. Doch es springt nicht an. Versuchen es an zu schieben, doch nichts tut sich. Doch irgendwie springt er dann [&hellip;] <a class=\"more-link\" href=\"http:\/\/www.ralfkropp.de\/radreisen\/wordpress\/06-03\/\">Kompletten Beitrag lesen&#8230;<\/a><\/p>\n","protected":false},"author":1,"featured_media":0,"comment_status":"open","ping_status":"open","sticky":false,"template":"","format":"standard","meta":[],"categories":[7],"tags":[],"_links":{"self":[{"href":"http:\/\/www.ralfkropp.de\/radreisen\/wordpress\/wp-json\/wp\/v2\/posts\/390"}],"collection":[{"href":"http:\/\/www.ralfkropp.de\/radreisen\/wordpress\/wp-json\/wp\/v2\/posts"}],"about":[{"href":"http:\/\/www.ralfkropp.de\/radreisen\/wordpress\/wp-json\/wp\/v2\/types\/post"}],"author":[{"embeddable":true,"href":"http:\/\/www.ralfkropp.de\/radreisen\/wordpress\/wp-json\/wp\/v2\/users\/1"}],"replies":[{"embeddable":true,"href":"http:\/\/www.ralfkropp.de\/radreisen\/wordpress\/wp-json\/wp\/v2\/comments?post=390"}],"version-history":[{"count":5,"href":"http:\/\/www.ralfkropp.de\/radreisen\/wordpress\/wp-json\/wp\/v2\/posts\/390\/revisions"}],"predecessor-version":[{"id":392,"href":"http:\/\/www.ralfkropp.de\/radreisen\/wordpress\/wp-json\/wp\/v2\/posts\/390\/revisions\/392"}],"wp:attachment":[{"href":"http:\/\/www.ralfkropp.de\/radreisen\/wordpress\/wp-json\/wp\/v2\/media?parent=390"}],"wp:term":[{"taxonomy":"category","embeddable":true,"href":"http:\/\/www.ralfkropp.de\/radreisen\/wordpress\/wp-json\/wp\/v2\/categories?post=390"},{"taxonomy":"post_tag","embeddable":true,"href":"http:\/\/www.ralfkropp.de\/radreisen\/wordpress\/wp-json\/wp\/v2\/tags?post=390"}],"curies":[{"name":"wp","href":"https:\/\/api.w.org\/{rel}","templated":true}]}}