{"id":397,"date":"2013-02-17T21:45:20","date_gmt":"2013-02-17T21:45:20","guid":{"rendered":"http:\/\/www.ralfkropp.de\/radreisen\/wordpress\/?p=397"},"modified":"2013-05-23T14:29:25","modified_gmt":"2013-05-23T14:29:25","slug":"08-03-boumalne-dudes-tilmi-dadesvalley","status":"publish","type":"post","link":"http:\/\/www.ralfkropp.de\/radreisen\/wordpress\/08-03-boumalne-dudes-tilmi-dadesvalley\/","title":{"rendered":"08.03. Boumalne Dud\u00e8s &#8211; Tilmi  (Dadesvalley)"},"content":{"rendered":"<p><iframe loading=\"lazy\" src=\"http:\/\/www.gpsies.com\/mapOnly.do?fileId=xjpntgtytfwvwljv\" width=\"600\" height=\"400\" frameborder=\"0\" scrolling=\"no\" marginheight=\"0\" marginwidth=\"0\"><\/iframe><br \/>\nFahren ins Dadesvalley. Bizarre Felsenlandschaften beeindrucken uns.<a href=\"http:\/\/www.ralfkropp.de\/radreisen\/wordpress\/wp-content\/uploads\/2013\/02\/DSC08602.jpg\"><img decoding=\"async\" loading=\"lazy\" src=\"http:\/\/www.ralfkropp.de\/radreisen\/wordpress\/wp-content\/uploads\/2013\/02\/DSC08602-300x200.jpg\" alt=\"DSC08602\" width=\"300\" height=\"200\" class=\"alignnone size-medium wp-image-647\" srcset=\"http:\/\/www.ralfkropp.de\/radreisen\/wordpress\/wp-content\/uploads\/2013\/02\/DSC08602-300x200.jpg 300w, http:\/\/www.ralfkropp.de\/radreisen\/wordpress\/wp-content\/uploads\/2013\/02\/DSC08602-1024x682.jpg 1024w, http:\/\/www.ralfkropp.de\/radreisen\/wordpress\/wp-content\/uploads\/2013\/02\/DSC08602.jpg 1167w\" sizes=\"(max-width: 300px) 100vw, 300px\" \/><\/a><\/p>\n<p><a href=\"http:\/\/www.ralfkropp.de\/radreisen\/wordpress\/wp-content\/uploads\/2013\/02\/DSC08603.jpg\"><img decoding=\"async\" loading=\"lazy\" src=\"http:\/\/www.ralfkropp.de\/radreisen\/wordpress\/wp-content\/uploads\/2013\/02\/DSC08603-300x200.jpg\" alt=\"DSC08603\" width=\"300\" height=\"200\" class=\"alignnone size-medium wp-image-648\" srcset=\"http:\/\/www.ralfkropp.de\/radreisen\/wordpress\/wp-content\/uploads\/2013\/02\/DSC08603-300x200.jpg 300w, http:\/\/www.ralfkropp.de\/radreisen\/wordpress\/wp-content\/uploads\/2013\/02\/DSC08603-1024x682.jpg 1024w, http:\/\/www.ralfkropp.de\/radreisen\/wordpress\/wp-content\/uploads\/2013\/02\/DSC08603.jpg 1167w\" sizes=\"(max-width: 300px) 100vw, 300px\" \/><\/a> Erreichen dann auch den tiefen Canyon, wo die Stra\u00dfe in zig Serpentinen hinauff\u00fchrt.<a href=\"http:\/\/www.ralfkropp.de\/radreisen\/wordpress\/wp-content\/uploads\/2013\/02\/DSC08612.jpg\"><img decoding=\"async\" loading=\"lazy\" src=\"http:\/\/www.ralfkropp.de\/radreisen\/wordpress\/wp-content\/uploads\/2013\/02\/DSC08612-300x200.jpg\" alt=\"DSC08612\" width=\"300\" height=\"200\" class=\"alignnone size-medium wp-image-649\" srcset=\"http:\/\/www.ralfkropp.de\/radreisen\/wordpress\/wp-content\/uploads\/2013\/02\/DSC08612-300x200.jpg 300w, http:\/\/www.ralfkropp.de\/radreisen\/wordpress\/wp-content\/uploads\/2013\/02\/DSC08612-1024x682.jpg 1024w, http:\/\/www.ralfkropp.de\/radreisen\/wordpress\/wp-content\/uploads\/2013\/02\/DSC08612.jpg 1167w\" sizes=\"(max-width: 300px) 100vw, 300px\" \/><\/a> Beim n\u00e4chsten Canyon f\u00fchrt die Stra\u00dfe direkt am Flu\u00df entlang. Die Stra\u00dfe windet sich immer h\u00f6her und die Schluchten werden immer imposanter.<a href=\"http:\/\/www.ralfkropp.de\/radreisen\/wordpress\/wp-content\/uploads\/2013\/02\/DSC08632.jpg\"><img decoding=\"async\" loading=\"lazy\" src=\"http:\/\/www.ralfkropp.de\/radreisen\/wordpress\/wp-content\/uploads\/2013\/02\/DSC08632-300x200.jpg\" alt=\"DSC08632\" width=\"300\" height=\"200\" class=\"alignnone size-medium wp-image-652\" srcset=\"http:\/\/www.ralfkropp.de\/radreisen\/wordpress\/wp-content\/uploads\/2013\/02\/DSC08632-300x200.jpg 300w, http:\/\/www.ralfkropp.de\/radreisen\/wordpress\/wp-content\/uploads\/2013\/02\/DSC08632-1024x682.jpg 1024w, http:\/\/www.ralfkropp.de\/radreisen\/wordpress\/wp-content\/uploads\/2013\/02\/DSC08632.jpg 1167w\" sizes=\"(max-width: 300px) 100vw, 300px\" \/><\/a><\/p>\n<p><a href=\"http:\/\/www.ralfkropp.de\/radreisen\/wordpress\/wp-content\/uploads\/2013\/02\/DSC08627.jpg\"><img decoding=\"async\" loading=\"lazy\" src=\"http:\/\/www.ralfkropp.de\/radreisen\/wordpress\/wp-content\/uploads\/2013\/02\/DSC08627-300x200.jpg\" alt=\"DSC08627\" width=\"300\" height=\"200\" class=\"alignnone size-medium wp-image-651\" srcset=\"http:\/\/www.ralfkropp.de\/radreisen\/wordpress\/wp-content\/uploads\/2013\/02\/DSC08627-300x200.jpg 300w, http:\/\/www.ralfkropp.de\/radreisen\/wordpress\/wp-content\/uploads\/2013\/02\/DSC08627-1024x682.jpg 1024w, http:\/\/www.ralfkropp.de\/radreisen\/wordpress\/wp-content\/uploads\/2013\/02\/DSC08627.jpg 1167w\" sizes=\"(max-width: 300px) 100vw, 300px\" \/><\/a><\/p>\n<p><a href=\"http:\/\/www.ralfkropp.de\/radreisen\/wordpress\/wp-content\/uploads\/2013\/02\/DSC08625.jpg\"><img decoding=\"async\" loading=\"lazy\" src=\"http:\/\/www.ralfkropp.de\/radreisen\/wordpress\/wp-content\/uploads\/2013\/02\/DSC08625-300x200.jpg\" alt=\"DSC08625\" width=\"300\" height=\"200\" class=\"alignnone size-medium wp-image-650\" srcset=\"http:\/\/www.ralfkropp.de\/radreisen\/wordpress\/wp-content\/uploads\/2013\/02\/DSC08625-300x200.jpg 300w, http:\/\/www.ralfkropp.de\/radreisen\/wordpress\/wp-content\/uploads\/2013\/02\/DSC08625-1024x682.jpg 1024w, http:\/\/www.ralfkropp.de\/radreisen\/wordpress\/wp-content\/uploads\/2013\/02\/DSC08625.jpg 1167w\" sizes=\"(max-width: 300px) 100vw, 300px\" \/><\/a> Im Cafe von Mesinir erz\u00e4hlt man uns, dass es noch hundert Kilometer sind bis Imichil und noch ein hoher Pass zu \u00fcberqueren ist, der noch nicht befahrbar ist. Was jetzt, wei\u00df nicht was ich Sabine alles zumuten kann, aber im Notfall k\u00f6nnen wir die R\u00e4der ja auch mal tragen oder auch noch eine Nacht im Zelt verbringen. Fahren bis Tilmi wo wir mit hilfe eines Jugendlichen eine Unterkunft finden. Etwas herunter gekommen, doch das Essen ist reichlich und gut.<\/p>\n<div class=\"facebook-like\"><fb:like layout=\"standard\" show_faces=\"true\" href=\"http:\/\/www.ralfkropp.de\/radreisen\/wordpress\/08-03-boumalne-dudes-tilmi-dadesvalley\/\"><\/fb:like><\/div>","protected":false},"excerpt":{"rendered":"<p>Fahren ins Dadesvalley. Bizarre Felsenlandschaften beeindrucken uns. Erreichen dann auch den tiefen Canyon, wo die Stra\u00dfe in zig Serpentinen hinauff\u00fchrt. Beim n\u00e4chsten Canyon f\u00fchrt die Stra\u00dfe direkt am Flu\u00df entlang. Die Stra\u00dfe windet sich immer h\u00f6her und die Schluchten werden [&hellip;] <a class=\"more-link\" href=\"http:\/\/www.ralfkropp.de\/radreisen\/wordpress\/08-03-boumalne-dudes-tilmi-dadesvalley\/\">Kompletten Beitrag lesen&#8230;<\/a><\/p>\n","protected":false},"author":1,"featured_media":0,"comment_status":"open","ping_status":"open","sticky":false,"template":"","format":"standard","meta":[],"categories":[7],"tags":[],"_links":{"self":[{"href":"http:\/\/www.ralfkropp.de\/radreisen\/wordpress\/wp-json\/wp\/v2\/posts\/397"}],"collection":[{"href":"http:\/\/www.ralfkropp.de\/radreisen\/wordpress\/wp-json\/wp\/v2\/posts"}],"about":[{"href":"http:\/\/www.ralfkropp.de\/radreisen\/wordpress\/wp-json\/wp\/v2\/types\/post"}],"author":[{"embeddable":true,"href":"http:\/\/www.ralfkropp.de\/radreisen\/wordpress\/wp-json\/wp\/v2\/users\/1"}],"replies":[{"embeddable":true,"href":"http:\/\/www.ralfkropp.de\/radreisen\/wordpress\/wp-json\/wp\/v2\/comments?post=397"}],"version-history":[{"count":5,"href":"http:\/\/www.ralfkropp.de\/radreisen\/wordpress\/wp-json\/wp\/v2\/posts\/397\/revisions"}],"predecessor-version":[{"id":402,"href":"http:\/\/www.ralfkropp.de\/radreisen\/wordpress\/wp-json\/wp\/v2\/posts\/397\/revisions\/402"}],"wp:attachment":[{"href":"http:\/\/www.ralfkropp.de\/radreisen\/wordpress\/wp-json\/wp\/v2\/media?parent=397"}],"wp:term":[{"taxonomy":"category","embeddable":true,"href":"http:\/\/www.ralfkropp.de\/radreisen\/wordpress\/wp-json\/wp\/v2\/categories?post=397"},{"taxonomy":"post_tag","embeddable":true,"href":"http:\/\/www.ralfkropp.de\/radreisen\/wordpress\/wp-json\/wp\/v2\/tags?post=397"}],"curies":[{"name":"wp","href":"https:\/\/api.w.org\/{rel}","templated":true}]}}