{"id":4,"date":"2011-12-14T06:57:19","date_gmt":"2011-12-14T06:57:19","guid":{"rendered":"http:\/\/www.ralfkropp.de\/radreisen\/wordpress\/?p=4"},"modified":"2011-12-15T09:04:12","modified_gmt":"2011-12-15T09:04:12","slug":"kuba-2007","status":"publish","type":"post","link":"http:\/\/www.ralfkropp.de\/radreisen\/wordpress\/kuba-2007\/","title":{"rendered":"Kuba 2007"},"content":{"rendered":"<h1>Kuba 2007<\/h1>\n<p>Radreise\u00a0\u00a0\u00a0\u00a0\u00a0 <span style=\"color: #0000ff;\"><a href=\"http:\/\/www.ralfkropp.de\/radreisen\/wordpress\/16\/\"><span style=\"color: #0000ff;\">Erster Tag<\/span><\/a><\/span><\/p>\n<p><iframe loading=\"lazy\" src=\"http:\/\/www.gpsies.com\/mapFolderOnly.do?id=2343\" frameborder=\"0\" marginwidth=\"0\" marginheight=\"0\" scrolling=\"no\" width=\"600\" height=\"400\"><\/iframe><\/p>\n<p>Flug nach Kuba<\/p>\n<p>Fliegen entlang der Ostk\u00fcste von Kanada und der USA. Haben einen sch\u00f6nen Blick auf Key West bevor wir auf dem Flughafen von Havana aufsetzen. M\u00fcssen noch einmal in die Kamera l\u00e4cheln und schon sind wir auf Kuba. Das Gep\u00e4ck ist auch schnell da, aber von unseren R\u00e4dern ist noch nicht viel zu sehen. Eine Radreisegruppe sowie zwei weitere Radreisende warten mit uns auf die R\u00e4der. Nach drei Stunden erhalten wir die Kartons mit unseren R\u00e4dern. Die riesigen Kartons kommen in ein Gro\u00dfraumtaxi und ab geht die Fahrt in die Stadt. Sehen Busse die sehr eigenartig aussehen. Es sind LKW, wo der Auflieger als Buskabine umgebaut ist. Unser Zimmer liegt im 5Stock und ein nicht gerade vertrauenerweckender Lift bringt uns nach oben. Sabine schl\u00e4ft gleich, ich bin noch zu aufgew\u00fchlt und schlendere durch dunkle Gassen und trink noch ein Bier. Viele H\u00e4user sind Bauruinen und bed\u00fcrfen einer gr\u00fcndlichen Renovierung.<\/p>\n<div class=\"facebook-like\"><fb:like layout=\"standard\" show_faces=\"true\" href=\"http:\/\/www.ralfkropp.de\/radreisen\/wordpress\/kuba-2007\/\"><\/fb:like><\/div>","protected":false},"excerpt":{"rendered":"<p>Kuba 2007 Radreise\u00a0\u00a0\u00a0\u00a0\u00a0 Erster Tag Flug nach Kuba Fliegen entlang der Ostk\u00fcste von Kanada und der USA. Haben einen sch\u00f6nen Blick auf Key West bevor wir auf dem Flughafen von Havana aufsetzen. M\u00fcssen noch einmal in die Kamera l\u00e4cheln und [&hellip;] <a class=\"more-link\" href=\"http:\/\/www.ralfkropp.de\/radreisen\/wordpress\/kuba-2007\/\">Kompletten Beitrag lesen&#8230;<\/a><\/p>\n","protected":false},"author":1,"featured_media":0,"comment_status":"open","ping_status":"open","sticky":false,"template":"","format":"standard","meta":[],"categories":[3],"tags":[],"_links":{"self":[{"href":"http:\/\/www.ralfkropp.de\/radreisen\/wordpress\/wp-json\/wp\/v2\/posts\/4"}],"collection":[{"href":"http:\/\/www.ralfkropp.de\/radreisen\/wordpress\/wp-json\/wp\/v2\/posts"}],"about":[{"href":"http:\/\/www.ralfkropp.de\/radreisen\/wordpress\/wp-json\/wp\/v2\/types\/post"}],"author":[{"embeddable":true,"href":"http:\/\/www.ralfkropp.de\/radreisen\/wordpress\/wp-json\/wp\/v2\/users\/1"}],"replies":[{"embeddable":true,"href":"http:\/\/www.ralfkropp.de\/radreisen\/wordpress\/wp-json\/wp\/v2\/comments?post=4"}],"version-history":[{"count":6,"href":"http:\/\/www.ralfkropp.de\/radreisen\/wordpress\/wp-json\/wp\/v2\/posts\/4\/revisions"}],"predecessor-version":[{"id":6,"href":"http:\/\/www.ralfkropp.de\/radreisen\/wordpress\/wp-json\/wp\/v2\/posts\/4\/revisions\/6"}],"wp:attachment":[{"href":"http:\/\/www.ralfkropp.de\/radreisen\/wordpress\/wp-json\/wp\/v2\/media?parent=4"}],"wp:term":[{"taxonomy":"category","embeddable":true,"href":"http:\/\/www.ralfkropp.de\/radreisen\/wordpress\/wp-json\/wp\/v2\/categories?post=4"},{"taxonomy":"post_tag","embeddable":true,"href":"http:\/\/www.ralfkropp.de\/radreisen\/wordpress\/wp-json\/wp\/v2\/tags?post=4"}],"curies":[{"name":"wp","href":"https:\/\/api.w.org\/{rel}","templated":true}]}}