{"id":403,"date":"2013-03-24T09:45:38","date_gmt":"2013-03-24T09:45:38","guid":{"rendered":"http:\/\/www.ralfkropp.de\/radreisen\/wordpress\/?p=403"},"modified":"2013-05-23T14:38:02","modified_gmt":"2013-05-23T14:38:02","slug":"09-03-timil-abedal","status":"publish","type":"post","link":"http:\/\/www.ralfkropp.de\/radreisen\/wordpress\/09-03-timil-abedal\/","title":{"rendered":"09.03. Timil &#8211; Agoudal"},"content":{"rendered":"<p><iframe loading=\"lazy\" src=\"http:\/\/www.gpsies.com\/mapOnly.do?fileId=svrnbonekefxscel\" width=\"600\" height=\"400\" frameborder=\"0\" scrolling=\"no\" marginheight=\"0\" marginwidth=\"0\"><\/iframe><br \/>\nDem Geburtstagskind besteht eine harte Etappe bevor. Wir kommen an der letzten Herberge vorbei, bevor es in Serpentinen den Berg hinaufgeht. Dann kommen wir an eine Abzweigung, wo der eine Weg ins Tal folgt und der andere langsam bergauf. Welchen sollen wir nehmen? Schilder Fehlanzeige. Das Navi hilft und wir fahren auf Schotter in Serpentinen den Berg hinauf.<a href=\"http:\/\/www.ralfkropp.de\/radreisen\/wordpress\/wp-content\/uploads\/2013\/02\/DSC08635.jpg\"><img decoding=\"async\" loading=\"lazy\" src=\"http:\/\/www.ralfkropp.de\/radreisen\/wordpress\/wp-content\/uploads\/2013\/02\/DSC08635-300x200.jpg\" alt=\"DSC08635\" width=\"300\" height=\"200\" class=\"alignnone size-medium wp-image-653\" srcset=\"http:\/\/www.ralfkropp.de\/radreisen\/wordpress\/wp-content\/uploads\/2013\/02\/DSC08635-300x200.jpg 300w, http:\/\/www.ralfkropp.de\/radreisen\/wordpress\/wp-content\/uploads\/2013\/02\/DSC08635-1024x682.jpg 1024w, http:\/\/www.ralfkropp.de\/radreisen\/wordpress\/wp-content\/uploads\/2013\/02\/DSC08635.jpg 1167w\" sizes=\"(max-width: 300px) 100vw, 300px\" \/><\/a> Der Schotter ist gut zu fahren und mit dem Gummiseil kann ich Sabine gut unterst\u00fctzen. Wir treffen zwei Schafhirten, die uns zum Tee einladen. Die beiden scheinen schon lange keine Frau mehr zu Gesicht bekommen zu haben. Unsere Luftballons f\u00fcr ihre Kinder werden spa\u00dfeshalber als Kondome angesehen und als wir von uns allen ein Foto machen landen die H\u00e4nde bei der Umarmung an Sabines weiblichen W\u00f6lbungen. Aber alles bleibt im Rahmen.<a href=\"http:\/\/www.ralfkropp.de\/radreisen\/wordpress\/wp-content\/uploads\/2013\/02\/DSC08642.jpg\"><img decoding=\"async\" loading=\"lazy\" src=\"http:\/\/www.ralfkropp.de\/radreisen\/wordpress\/wp-content\/uploads\/2013\/02\/DSC08642-300x200.jpg\" alt=\"DSC08642\" width=\"300\" height=\"200\" class=\"alignnone size-medium wp-image-654\" srcset=\"http:\/\/www.ralfkropp.de\/radreisen\/wordpress\/wp-content\/uploads\/2013\/02\/DSC08642-300x200.jpg 300w, http:\/\/www.ralfkropp.de\/radreisen\/wordpress\/wp-content\/uploads\/2013\/02\/DSC08642-1024x682.jpg 1024w, http:\/\/www.ralfkropp.de\/radreisen\/wordpress\/wp-content\/uploads\/2013\/02\/DSC08642.jpg 1167w\" sizes=\"(max-width: 300px) 100vw, 300px\" \/><\/a> Fahren weiter auf dem S\u00fcdhang ohne Schnee, die Nordh\u00e4nge die wir sehen haben noch ordentlich Schnee. Bei einigen Spurrillen haben wir etwas Schwierigkeiten und dann passiert es, da\u00df Sabine stoppen muss, ich aber das nicht rechtzeitig mitbekomme und sie umziehe. Sabine st\u00fcrzt auf ihr Knie, es schmerzt und wir machen uns Sorgen ob sie sich ernsthaft verletzt hat.<a href=\"http:\/\/www.ralfkropp.de\/radreisen\/wordpress\/wp-content\/uploads\/2013\/02\/DSC08645.jpg\"><img decoding=\"async\" loading=\"lazy\" src=\"http:\/\/www.ralfkropp.de\/radreisen\/wordpress\/wp-content\/uploads\/2013\/02\/DSC08645-300x200.jpg\" alt=\"DSC08645\" width=\"300\" height=\"200\" class=\"alignnone size-medium wp-image-655\" srcset=\"http:\/\/www.ralfkropp.de\/radreisen\/wordpress\/wp-content\/uploads\/2013\/02\/DSC08645-300x200.jpg 300w, http:\/\/www.ralfkropp.de\/radreisen\/wordpress\/wp-content\/uploads\/2013\/02\/DSC08645-1024x682.jpg 1024w, http:\/\/www.ralfkropp.de\/radreisen\/wordpress\/wp-content\/uploads\/2013\/02\/DSC08645.jpg 1167w\" sizes=\"(max-width: 300px) 100vw, 300px\" \/><\/a> K\u00f6nnen aber weiter fahren zum Pass. Als wir dort ankommen erwartet uns die n\u00e4chste \u00dcberraschung, Schnee auf der Piste.<a href=\"http:\/\/www.ralfkropp.de\/radreisen\/wordpress\/wp-content\/uploads\/2013\/02\/DSC08647.jpg\"><img decoding=\"async\" loading=\"lazy\" src=\"http:\/\/www.ralfkropp.de\/radreisen\/wordpress\/wp-content\/uploads\/2013\/02\/DSC08647-300x200.jpg\" alt=\"DSC08647\" width=\"300\" height=\"200\" class=\"alignnone size-medium wp-image-656\" srcset=\"http:\/\/www.ralfkropp.de\/radreisen\/wordpress\/wp-content\/uploads\/2013\/02\/DSC08647-300x200.jpg 300w, http:\/\/www.ralfkropp.de\/radreisen\/wordpress\/wp-content\/uploads\/2013\/02\/DSC08647-1024x682.jpg 1024w, http:\/\/www.ralfkropp.de\/radreisen\/wordpress\/wp-content\/uploads\/2013\/02\/DSC08647.jpg 1167w\" sizes=\"(max-width: 300px) 100vw, 300px\" \/><\/a><\/p>\n<p><a href=\"http:\/\/www.ralfkropp.de\/radreisen\/wordpress\/wp-content\/uploads\/2013\/02\/DSC08664.jpg\"><img decoding=\"async\" loading=\"lazy\" src=\"http:\/\/www.ralfkropp.de\/radreisen\/wordpress\/wp-content\/uploads\/2013\/02\/DSC08664-300x200.jpg\" alt=\"DSC08664\" width=\"300\" height=\"200\" class=\"alignnone size-medium wp-image-657\" srcset=\"http:\/\/www.ralfkropp.de\/radreisen\/wordpress\/wp-content\/uploads\/2013\/02\/DSC08664-300x200.jpg 300w, http:\/\/www.ralfkropp.de\/radreisen\/wordpress\/wp-content\/uploads\/2013\/02\/DSC08664-1024x682.jpg 1024w, http:\/\/www.ralfkropp.de\/radreisen\/wordpress\/wp-content\/uploads\/2013\/02\/DSC08664.jpg 1167w\" sizes=\"(max-width: 300px) 100vw, 300px\" \/><\/a><\/p>\n<p><a href=\"http:\/\/www.ralfkropp.de\/radreisen\/wordpress\/wp-content\/uploads\/2013\/02\/DSC08671.jpg\"><img decoding=\"async\" loading=\"lazy\" src=\"http:\/\/www.ralfkropp.de\/radreisen\/wordpress\/wp-content\/uploads\/2013\/02\/DSC08671-300x200.jpg\" alt=\"DSC08671\" width=\"300\" height=\"200\" class=\"alignnone size-medium wp-image-658\" srcset=\"http:\/\/www.ralfkropp.de\/radreisen\/wordpress\/wp-content\/uploads\/2013\/02\/DSC08671-300x200.jpg 300w, http:\/\/www.ralfkropp.de\/radreisen\/wordpress\/wp-content\/uploads\/2013\/02\/DSC08671-1024x682.jpg 1024w, http:\/\/www.ralfkropp.de\/radreisen\/wordpress\/wp-content\/uploads\/2013\/02\/DSC08671.jpg 1167w\" sizes=\"(max-width: 300px) 100vw, 300px\" \/><\/a><\/p>\n<p><a href=\"http:\/\/www.ralfkropp.de\/radreisen\/wordpress\/wp-content\/uploads\/2013\/02\/DSC08679.jpg\"><img decoding=\"async\" loading=\"lazy\" src=\"http:\/\/www.ralfkropp.de\/radreisen\/wordpress\/wp-content\/uploads\/2013\/02\/DSC08679-300x200.jpg\" alt=\"DSC08679\" width=\"300\" height=\"200\" class=\"alignnone size-medium wp-image-659\" srcset=\"http:\/\/www.ralfkropp.de\/radreisen\/wordpress\/wp-content\/uploads\/2013\/02\/DSC08679-300x200.jpg 300w, http:\/\/www.ralfkropp.de\/radreisen\/wordpress\/wp-content\/uploads\/2013\/02\/DSC08679-1024x682.jpg 1024w, http:\/\/www.ralfkropp.de\/radreisen\/wordpress\/wp-content\/uploads\/2013\/02\/DSC08679.jpg 1167w\" sizes=\"(max-width: 300px) 100vw, 300px\" \/><\/a><\/p>\n<p><a href=\"http:\/\/www.ralfkropp.de\/radreisen\/wordpress\/wp-content\/uploads\/2013\/02\/DSC08680.jpg\"><img decoding=\"async\" loading=\"lazy\" src=\"http:\/\/www.ralfkropp.de\/radreisen\/wordpress\/wp-content\/uploads\/2013\/02\/DSC08680-300x200.jpg\" alt=\"DSC08680\" width=\"300\" height=\"200\" class=\"alignnone size-medium wp-image-660\" srcset=\"http:\/\/www.ralfkropp.de\/radreisen\/wordpress\/wp-content\/uploads\/2013\/02\/DSC08680-300x200.jpg 300w, http:\/\/www.ralfkropp.de\/radreisen\/wordpress\/wp-content\/uploads\/2013\/02\/DSC08680-1024x682.jpg 1024w, http:\/\/www.ralfkropp.de\/radreisen\/wordpress\/wp-content\/uploads\/2013\/02\/DSC08680.jpg 1167w\" sizes=\"(max-width: 300px) 100vw, 300px\" \/><\/a><\/p>\n<p><a href=\"http:\/\/www.ralfkropp.de\/radreisen\/wordpress\/wp-content\/uploads\/2013\/02\/DSC08682.jpg\"><img decoding=\"async\" loading=\"lazy\" src=\"http:\/\/www.ralfkropp.de\/radreisen\/wordpress\/wp-content\/uploads\/2013\/02\/DSC08682-300x200.jpg\" alt=\"DSC08682\" width=\"300\" height=\"200\" class=\"alignnone size-medium wp-image-661\" srcset=\"http:\/\/www.ralfkropp.de\/radreisen\/wordpress\/wp-content\/uploads\/2013\/02\/DSC08682-300x200.jpg 300w, http:\/\/www.ralfkropp.de\/radreisen\/wordpress\/wp-content\/uploads\/2013\/02\/DSC08682-1024x682.jpg 1024w, http:\/\/www.ralfkropp.de\/radreisen\/wordpress\/wp-content\/uploads\/2013\/02\/DSC08682.jpg 1167w\" sizes=\"(max-width: 300px) 100vw, 300px\" \/><\/a><\/p>\n<p><a href=\"http:\/\/www.ralfkropp.de\/radreisen\/wordpress\/wp-content\/uploads\/2013\/02\/DSC08687.jpg\"><img decoding=\"async\" loading=\"lazy\" src=\"http:\/\/www.ralfkropp.de\/radreisen\/wordpress\/wp-content\/uploads\/2013\/02\/DSC08687-300x200.jpg\" alt=\"DSC08687\" width=\"300\" height=\"200\" class=\"alignnone size-medium wp-image-662\" srcset=\"http:\/\/www.ralfkropp.de\/radreisen\/wordpress\/wp-content\/uploads\/2013\/02\/DSC08687-300x200.jpg 300w, http:\/\/www.ralfkropp.de\/radreisen\/wordpress\/wp-content\/uploads\/2013\/02\/DSC08687-1024x682.jpg 1024w, http:\/\/www.ralfkropp.de\/radreisen\/wordpress\/wp-content\/uploads\/2013\/02\/DSC08687.jpg 1167w\" sizes=\"(max-width: 300px) 100vw, 300px\" \/><\/a> Klar die Piste ist zu einem Nordhang geworden. Der Schnee ist dabei nicht mal das schlimmste, sondern der vom Schmelzwasser aufgeweichte Schlamm. K\u00e4mpfen uns durch einige Schnee und Schlammpassagen. In einer besonders schlimmen Schlammpassage bekommen wir Hilfe von einem Sch\u00e4fer. Versinken bis zu 15cm im Schlamm. Die R\u00e4der blockieren durch den Schlamm, der sofort alles zusetzt. K\u00f6nnen die R\u00e4der kaum allein schieben. Zu dritt bekommen wir sie aber durch den tiefen Schlamm und ein St\u00fcck weiter wird es wieder trockener. Doch schon bald kommen die n\u00e4chsten Schneefelder die uns den Weg versperren. Kommen um eine Kurve uns sehen vor einem Schneefeld einen 4&#215;4 Gel\u00e4ndewagen.<a href=\"http:\/\/www.ralfkropp.de\/radreisen\/wordpress\/wp-content\/uploads\/2013\/02\/DSC08692.jpg\"><img decoding=\"async\" loading=\"lazy\" src=\"http:\/\/www.ralfkropp.de\/radreisen\/wordpress\/wp-content\/uploads\/2013\/02\/DSC08692-300x200.jpg\" alt=\"DSC08692\" width=\"300\" height=\"200\" class=\"alignnone size-medium wp-image-663\" srcset=\"http:\/\/www.ralfkropp.de\/radreisen\/wordpress\/wp-content\/uploads\/2013\/02\/DSC08692-300x200.jpg 300w, http:\/\/www.ralfkropp.de\/radreisen\/wordpress\/wp-content\/uploads\/2013\/02\/DSC08692-1024x682.jpg 1024w, http:\/\/www.ralfkropp.de\/radreisen\/wordpress\/wp-content\/uploads\/2013\/02\/DSC08692.jpg 1167w\" sizes=\"(max-width: 300px) 100vw, 300px\" \/><\/a><\/p>\n<p><a href=\"http:\/\/www.ralfkropp.de\/radreisen\/wordpress\/wp-content\/uploads\/2013\/02\/DSC08694.jpg\"><img decoding=\"async\" loading=\"lazy\" src=\"http:\/\/www.ralfkropp.de\/radreisen\/wordpress\/wp-content\/uploads\/2013\/02\/DSC08694-300x200.jpg\" alt=\"DSC08694\" width=\"300\" height=\"200\" class=\"alignnone size-medium wp-image-664\" srcset=\"http:\/\/www.ralfkropp.de\/radreisen\/wordpress\/wp-content\/uploads\/2013\/02\/DSC08694-300x200.jpg 300w, http:\/\/www.ralfkropp.de\/radreisen\/wordpress\/wp-content\/uploads\/2013\/02\/DSC08694-1024x682.jpg 1024w, http:\/\/www.ralfkropp.de\/radreisen\/wordpress\/wp-content\/uploads\/2013\/02\/DSC08694.jpg 1167w\" sizes=\"(max-width: 300px) 100vw, 300px\" \/><\/a> Es sind Andre und Ali, die uns zu unserem Erfolg der \u00dcberquerung des Passes gratulieren. Fahren ein St\u00fcck weiter raus aus den Schneefeldern in einen trockenen Abschnitt. Die beiden kommen mit und Ali zaubert Bierdosen aus ihren Vorraten ervor. Die beiden sind von unseren R\u00e4dern begeistert und Ali dreht auch gleic eine Runde mit meinem Rad und wundert sich, das wir es mit dem vielen Gep\u00e4ck \u00fcber den Pass geschaft haben. Das Bier steikt mir h\u00e4ftig zu Kopf. Der K\u00f6rper war halt vollkommen ausgelaugt und dann auf n\u00fcchertnen Margen mein 1\/2 Liter und noch die h\u00e4lfte von Sabine `s Bier. Bald m\u00fcssen wir dann aber aufbrechen um noch nach Agoudal zu kommen. Wieder durchfahren wir eine reizvolle Landschaft. Ein Junge(Hirte) mit seiner Fl\u00f6tte springt auf den Weg und h\u00e4lt uns ein st\u00e4ndchen. Freude ist gro\u00df als wir nach der harten Etappe entlich im Ziel ankommen. Die Sonne verschwindet schon langsam und es wird m\u00e4chtig kalt. Die M\u00e4nner des Ortes liegen dick eingeh\u00fclt an den noch w\u00e4rmenden Hausw\u00e4nden. Die Kinder sind neugierig und umlagern Sabine, die sie mit unseren restlichen Trinkvorr\u00e4ten versorgt.<a href=\"http:\/\/www.ralfkropp.de\/radreisen\/wordpress\/wp-content\/uploads\/2013\/03\/DSC08707.jpg\"><img decoding=\"async\" loading=\"lazy\" src=\"http:\/\/www.ralfkropp.de\/radreisen\/wordpress\/wp-content\/uploads\/2013\/03\/DSC08707-300x291.jpg\" alt=\"DSC08707\" width=\"300\" height=\"291\" class=\"alignnone size-medium wp-image-666\" srcset=\"http:\/\/www.ralfkropp.de\/radreisen\/wordpress\/wp-content\/uploads\/2013\/03\/DSC08707-300x291.jpg 300w, http:\/\/www.ralfkropp.de\/radreisen\/wordpress\/wp-content\/uploads\/2013\/03\/DSC08707.jpg 789w\" sizes=\"(max-width: 300px) 100vw, 300px\" \/><\/a><\/p>\n<p><a href=\"http:\/\/www.ralfkropp.de\/radreisen\/wordpress\/wp-content\/uploads\/2013\/03\/DSC08713.jpg\"><img decoding=\"async\" loading=\"lazy\" src=\"http:\/\/www.ralfkropp.de\/radreisen\/wordpress\/wp-content\/uploads\/2013\/03\/DSC08713-300x200.jpg\" alt=\"DSC08713\" width=\"300\" height=\"200\" class=\"alignnone size-medium wp-image-667\" srcset=\"http:\/\/www.ralfkropp.de\/radreisen\/wordpress\/wp-content\/uploads\/2013\/03\/DSC08713-300x200.jpg 300w, http:\/\/www.ralfkropp.de\/radreisen\/wordpress\/wp-content\/uploads\/2013\/03\/DSC08713-1024x682.jpg 1024w, http:\/\/www.ralfkropp.de\/radreisen\/wordpress\/wp-content\/uploads\/2013\/03\/DSC08713.jpg 1167w\" sizes=\"(max-width: 300px) 100vw, 300px\" \/><\/a> Totm\u00fcde essen wir noch was und schlafen dann tief und fest in unserer Pension.<\/p>\n<div class=\"facebook-like\"><fb:like layout=\"standard\" show_faces=\"true\" href=\"http:\/\/www.ralfkropp.de\/radreisen\/wordpress\/09-03-timil-abedal\/\"><\/fb:like><\/div>","protected":false},"excerpt":{"rendered":"<p>Dem Geburtstagskind besteht eine harte Etappe bevor. Wir kommen an der letzten Herberge vorbei, bevor es in Serpentinen den Berg hinaufgeht. Dann kommen wir an eine Abzweigung, wo der eine Weg ins Tal folgt und der andere langsam bergauf. Welchen [&hellip;] <a class=\"more-link\" href=\"http:\/\/www.ralfkropp.de\/radreisen\/wordpress\/09-03-timil-abedal\/\">Kompletten Beitrag lesen&#8230;<\/a><\/p>\n","protected":false},"author":1,"featured_media":0,"comment_status":"open","ping_status":"open","sticky":false,"template":"","format":"standard","meta":[],"categories":[7],"tags":[],"_links":{"self":[{"href":"http:\/\/www.ralfkropp.de\/radreisen\/wordpress\/wp-json\/wp\/v2\/posts\/403"}],"collection":[{"href":"http:\/\/www.ralfkropp.de\/radreisen\/wordpress\/wp-json\/wp\/v2\/posts"}],"about":[{"href":"http:\/\/www.ralfkropp.de\/radreisen\/wordpress\/wp-json\/wp\/v2\/types\/post"}],"author":[{"embeddable":true,"href":"http:\/\/www.ralfkropp.de\/radreisen\/wordpress\/wp-json\/wp\/v2\/users\/1"}],"replies":[{"embeddable":true,"href":"http:\/\/www.ralfkropp.de\/radreisen\/wordpress\/wp-json\/wp\/v2\/comments?post=403"}],"version-history":[{"count":8,"href":"http:\/\/www.ralfkropp.de\/radreisen\/wordpress\/wp-json\/wp\/v2\/posts\/403\/revisions"}],"predecessor-version":[{"id":405,"href":"http:\/\/www.ralfkropp.de\/radreisen\/wordpress\/wp-json\/wp\/v2\/posts\/403\/revisions\/405"}],"wp:attachment":[{"href":"http:\/\/www.ralfkropp.de\/radreisen\/wordpress\/wp-json\/wp\/v2\/media?parent=403"}],"wp:term":[{"taxonomy":"category","embeddable":true,"href":"http:\/\/www.ralfkropp.de\/radreisen\/wordpress\/wp-json\/wp\/v2\/categories?post=403"},{"taxonomy":"post_tag","embeddable":true,"href":"http:\/\/www.ralfkropp.de\/radreisen\/wordpress\/wp-json\/wp\/v2\/tags?post=403"}],"curies":[{"name":"wp","href":"https:\/\/api.w.org\/{rel}","templated":true}]}}