{"id":408,"date":"2013-03-24T15:56:05","date_gmt":"2013-03-24T15:56:05","guid":{"rendered":"http:\/\/www.ralfkropp.de\/radreisen\/wordpress\/?p=408"},"modified":"2013-04-09T20:15:29","modified_gmt":"2013-04-09T20:15:29","slug":"10-03-agoudal-tizi-n-isly","status":"publish","type":"post","link":"http:\/\/www.ralfkropp.de\/radreisen\/wordpress\/10-03-agoudal-tizi-n-isly\/","title":{"rendered":"10.03. Agoudal &#8211; Tizi-n-isly"},"content":{"rendered":"<p><iframe loading=\"lazy\" src=\"http:\/\/www.gpsies.com\/mapOnly.do?fileId=xllceavkyzluqneo\" width=\"600\" height=\"400\" frameborder=\"0\" scrolling=\"no\" marginheight=\"0\" marginwidth=\"0\"><\/iframe><br \/>\nFaren schon fr\u00fch durch eine Hochebene. Auf den Feldern arbeiten schon die Frauen und zwar Barfu\u00df in noch zum teil zugefrorenem Wasser. LKW`s kommen vom Markt in Imichil uns entgegen oder fahren noch hin.<a href=\"http:\/\/www.ralfkropp.de\/radreisen\/wordpress\/wp-content\/uploads\/2013\/03\/DSC08719.jpg\"><img decoding=\"async\" loading=\"lazy\" class=\"alignnone size-medium wp-image-427\" alt=\"DSC08719\" src=\"http:\/\/www.ralfkropp.de\/radreisen\/wordpress\/wp-content\/uploads\/2013\/03\/DSC08719-300x200.jpg\" width=\"300\" height=\"200\" srcset=\"http:\/\/www.ralfkropp.de\/radreisen\/wordpress\/wp-content\/uploads\/2013\/03\/DSC08719-300x200.jpg 300w, http:\/\/www.ralfkropp.de\/radreisen\/wordpress\/wp-content\/uploads\/2013\/03\/DSC08719-1024x682.jpg 1024w\" sizes=\"(max-width: 300px) 100vw, 300px\" \/><\/a><\/p>\n<p>In Imichil sind die Stra\u00dfen voller Menschen und von einem Cafe aus haben wir einen genialen Blick auf das rege treiben rund um den Markt.<a href=\"http:\/\/www.ralfkropp.de\/radreisen\/wordpress\/wp-content\/uploads\/2013\/03\/DSC08727.jpg\"><img decoding=\"async\" loading=\"lazy\" class=\"alignnone size-medium wp-image-429\" alt=\"DSC08727\" src=\"http:\/\/www.ralfkropp.de\/radreisen\/wordpress\/wp-content\/uploads\/2013\/03\/DSC08727-300x200.jpg\" width=\"300\" height=\"200\" srcset=\"http:\/\/www.ralfkropp.de\/radreisen\/wordpress\/wp-content\/uploads\/2013\/03\/DSC08727-300x200.jpg 300w, http:\/\/www.ralfkropp.de\/radreisen\/wordpress\/wp-content\/uploads\/2013\/03\/DSC08727-1024x682.jpg 1024w\" sizes=\"(max-width: 300px) 100vw, 300px\" \/><\/a>\u00a0<a href=\"http:\/\/www.ralfkropp.de\/radreisen\/wordpress\/wp-content\/uploads\/2013\/03\/DSC08734.jpg\"><img decoding=\"async\" loading=\"lazy\" class=\"alignnone size-medium wp-image-431\" alt=\"DSC08734\" src=\"http:\/\/www.ralfkropp.de\/radreisen\/wordpress\/wp-content\/uploads\/2013\/03\/DSC08734-300x200.jpg\" width=\"300\" height=\"200\" srcset=\"http:\/\/www.ralfkropp.de\/radreisen\/wordpress\/wp-content\/uploads\/2013\/03\/DSC08734-300x200.jpg 300w, http:\/\/www.ralfkropp.de\/radreisen\/wordpress\/wp-content\/uploads\/2013\/03\/DSC08734-1024x682.jpg 1024w\" sizes=\"(max-width: 300px) 100vw, 300px\" \/><\/a><\/p>\n<p>Gut das wir keine Probleme mit unseren R\u00e4dern haben, denn der Ortsans\u00e4sige Radladen entspricht nicht so ganz unseren Vorstellung. Ersatzteile w\u00fcrden wir wohl keine passenden finden.<\/p>\n<p>Weiter geht es am See Lac Tislit vorbei. Klares gr\u00fcnlich schimmerndes Wasser reizvoll vor den Schneebergen im Hintergrund.<a href=\"http:\/\/www.ralfkropp.de\/radreisen\/wordpress\/wp-content\/uploads\/2013\/03\/DSC08736.jpg\"><img decoding=\"async\" loading=\"lazy\" class=\"alignnone size-large wp-image-432\" alt=\"DSC08736\" src=\"http:\/\/www.ralfkropp.de\/radreisen\/wordpress\/wp-content\/uploads\/2013\/03\/DSC08736-1024x682.jpg\" width=\"500\" height=\"333\" srcset=\"http:\/\/www.ralfkropp.de\/radreisen\/wordpress\/wp-content\/uploads\/2013\/03\/DSC08736-1024x682.jpg 1024w, http:\/\/www.ralfkropp.de\/radreisen\/wordpress\/wp-content\/uploads\/2013\/03\/DSC08736-300x200.jpg 300w\" sizes=\"(max-width: 500px) 100vw, 500px\" \/><\/a><\/p>\n<p>Ein kleiner Pass folgt, bevor uns wieder ein Canyon beeindruckt, in den wir hinunterrauschen.<a href=\"http:\/\/www.ralfkropp.de\/radreisen\/wordpress\/wp-content\/uploads\/2013\/03\/DSC08745.jpg\"><img decoding=\"async\" loading=\"lazy\" class=\"alignnone size-medium wp-image-433\" alt=\"DSC08745\" src=\"http:\/\/www.ralfkropp.de\/radreisen\/wordpress\/wp-content\/uploads\/2013\/03\/DSC08745-300x200.jpg\" width=\"300\" height=\"200\" srcset=\"http:\/\/www.ralfkropp.de\/radreisen\/wordpress\/wp-content\/uploads\/2013\/03\/DSC08745-300x200.jpg 300w, http:\/\/www.ralfkropp.de\/radreisen\/wordpress\/wp-content\/uploads\/2013\/03\/DSC08745-1024x682.jpg 1024w\" sizes=\"(max-width: 300px) 100vw, 300px\" \/><\/a><\/p>\n<p>An der Abzweigung sind wir nicht sicher ob das wirklich die Abk\u00fcrzung ist, die wir fahren wollen. Auf einem Hof frage ich eine Frau, die ich aber nicht richtig verstehe, oder sie mich nicht. Fahren noch mal ein St\u00fcck in den Feldweg hinein, entscheiden uns aber doch lieber f\u00fcr die sichere Variante und fahren halt ein paar Kilometer mehr auf der Teerstra\u00dfe. Fahren also weiter Richtung Norden. Der Weg zieht sich und Unterk\u00fcnfte gibt es keine. Neue stra\u00dfen sind gebaut worden, die weder auf dem Garmin(OSM) noch auf unserer Landkarte eingezeichnet sind. Fahren bis Tizi-n-isly wo gerade eine Hochzeit stattfindet. Dort gibt es kein Hotel, doch wir gehen einfach erstmal essen. Dann werden wir pl\u00f6tzlich angesprochen, ob wir noch eine Unterkunft brauchen und werden zu einem Haus gef\u00fchrt, wo wir ein Zimmer bekommen. es ist ein Raum, wo die Familie vornehm essenkann. Wir breiten unsere Isomaten aus und sindfroh, dass wir uns nicht einen wilden Campingplatz im dunkeln suchen mu\u00dften.<\/p>\n<div class=\"facebook-like\"><fb:like layout=\"standard\" show_faces=\"true\" href=\"http:\/\/www.ralfkropp.de\/radreisen\/wordpress\/10-03-agoudal-tizi-n-isly\/\"><\/fb:like><\/div>","protected":false},"excerpt":{"rendered":"<p>Faren schon fr\u00fch durch eine Hochebene. Auf den Feldern arbeiten schon die Frauen und zwar Barfu\u00df in noch zum teil zugefrorenem Wasser. LKW`s kommen vom Markt in Imichil uns entgegen oder fahren noch hin. In Imichil sind die Stra\u00dfen voller [&hellip;] <a class=\"more-link\" href=\"http:\/\/www.ralfkropp.de\/radreisen\/wordpress\/10-03-agoudal-tizi-n-isly\/\">Kompletten Beitrag lesen&#8230;<\/a><\/p>\n","protected":false},"author":1,"featured_media":0,"comment_status":"open","ping_status":"open","sticky":false,"template":"","format":"standard","meta":[],"categories":[7],"tags":[],"_links":{"self":[{"href":"http:\/\/www.ralfkropp.de\/radreisen\/wordpress\/wp-json\/wp\/v2\/posts\/408"}],"collection":[{"href":"http:\/\/www.ralfkropp.de\/radreisen\/wordpress\/wp-json\/wp\/v2\/posts"}],"about":[{"href":"http:\/\/www.ralfkropp.de\/radreisen\/wordpress\/wp-json\/wp\/v2\/types\/post"}],"author":[{"embeddable":true,"href":"http:\/\/www.ralfkropp.de\/radreisen\/wordpress\/wp-json\/wp\/v2\/users\/1"}],"replies":[{"embeddable":true,"href":"http:\/\/www.ralfkropp.de\/radreisen\/wordpress\/wp-json\/wp\/v2\/comments?post=408"}],"version-history":[{"count":7,"href":"http:\/\/www.ralfkropp.de\/radreisen\/wordpress\/wp-json\/wp\/v2\/posts\/408\/revisions"}],"predecessor-version":[{"id":534,"href":"http:\/\/www.ralfkropp.de\/radreisen\/wordpress\/wp-json\/wp\/v2\/posts\/408\/revisions\/534"}],"wp:attachment":[{"href":"http:\/\/www.ralfkropp.de\/radreisen\/wordpress\/wp-json\/wp\/v2\/media?parent=408"}],"wp:term":[{"taxonomy":"category","embeddable":true,"href":"http:\/\/www.ralfkropp.de\/radreisen\/wordpress\/wp-json\/wp\/v2\/categories?post=408"},{"taxonomy":"post_tag","embeddable":true,"href":"http:\/\/www.ralfkropp.de\/radreisen\/wordpress\/wp-json\/wp\/v2\/tags?post=408"}],"curies":[{"name":"wp","href":"https:\/\/api.w.org\/{rel}","templated":true}]}}