{"id":410,"date":"2013-03-24T16:40:35","date_gmt":"2013-03-24T16:40:35","guid":{"rendered":"http:\/\/www.ralfkropp.de\/radreisen\/wordpress\/?p=410"},"modified":"2013-05-23T14:43:15","modified_gmt":"2013-05-23T14:43:15","slug":"11-03-tizi-n-isly-kurz-vorm-stausee-bin-el-quidane","status":"publish","type":"post","link":"http:\/\/www.ralfkropp.de\/radreisen\/wordpress\/11-03-tizi-n-isly-kurz-vorm-stausee-bin-el-quidane\/","title":{"rendered":"11.03. Tizi-n-isly &#8211; Kurz vorm Stausee Bin-el-Quidane"},"content":{"rendered":"<p><iframe loading=\"lazy\" src=\"http:\/\/www.gpsies.com\/mapOnly.do?fileId=rmtspbiysqkgpszi\" width=\"600\" height=\"400\" frameborder=\"0\" scrolling=\"no\" marginheight=\"0\" marginwidth=\"0\"><\/iframe><br \/>\nBekommen ein gro\u00dfes Fr\u00fchst\u00fcck von der Hausherrin + Wegzerrung. Wieder zieht sich der Weg und es scheint uns als w\u00e4ren wir in der Provence. Es geht rauf und runter. \u00c4rgere mich ein bisschen, dass ich Sabine nicht \u00fcberzeugen konnte den k\u00fcrzeren Treckingpfad oder den Weg \u00fcber Anaquie zu nehmen. Da h\u00e4tten wir sicherlich mehr Abenteuer und auch eine Landschaftlich reizvollere Strecke gehabt.<a href=\"http:\/\/www.ralfkropp.de\/radreisen\/wordpress\/wp-content\/uploads\/2013\/03\/DSC08753.jpg\"><img decoding=\"async\" loading=\"lazy\" src=\"http:\/\/www.ralfkropp.de\/radreisen\/wordpress\/wp-content\/uploads\/2013\/03\/DSC08753-300x200.jpg\" alt=\"DSC08753\" width=\"300\" height=\"200\" class=\"alignnone size-medium wp-image-669\" srcset=\"http:\/\/www.ralfkropp.de\/radreisen\/wordpress\/wp-content\/uploads\/2013\/03\/DSC08753-300x200.jpg 300w, http:\/\/www.ralfkropp.de\/radreisen\/wordpress\/wp-content\/uploads\/2013\/03\/DSC08753-1024x682.jpg 1024w, http:\/\/www.ralfkropp.de\/radreisen\/wordpress\/wp-content\/uploads\/2013\/03\/DSC08753.jpg 1167w\" sizes=\"(max-width: 300px) 100vw, 300px\" \/><\/a><\/p>\n<p><a href=\"http:\/\/www.ralfkropp.de\/radreisen\/wordpress\/wp-content\/uploads\/2013\/03\/DSC08759.jpg\"><img decoding=\"async\" loading=\"lazy\" src=\"http:\/\/www.ralfkropp.de\/radreisen\/wordpress\/wp-content\/uploads\/2013\/03\/DSC08759-300x200.jpg\" alt=\"DSC08759\" width=\"300\" height=\"200\" class=\"alignnone size-medium wp-image-670\" srcset=\"http:\/\/www.ralfkropp.de\/radreisen\/wordpress\/wp-content\/uploads\/2013\/03\/DSC08759-300x200.jpg 300w, http:\/\/www.ralfkropp.de\/radreisen\/wordpress\/wp-content\/uploads\/2013\/03\/DSC08759-1024x682.jpg 1024w, http:\/\/www.ralfkropp.de\/radreisen\/wordpress\/wp-content\/uploads\/2013\/03\/DSC08759.jpg 1167w\" sizes=\"(max-width: 300px) 100vw, 300px\" \/><\/a><\/p>\n<p><a href=\"http:\/\/www.ralfkropp.de\/radreisen\/wordpress\/wp-content\/uploads\/2013\/03\/DSC087451.jpg\"><img decoding=\"async\" loading=\"lazy\" src=\"http:\/\/www.ralfkropp.de\/radreisen\/wordpress\/wp-content\/uploads\/2013\/03\/DSC087451-300x200.jpg\" alt=\"DSC08745\" width=\"300\" height=\"200\" class=\"alignnone size-medium wp-image-671\" srcset=\"http:\/\/www.ralfkropp.de\/radreisen\/wordpress\/wp-content\/uploads\/2013\/03\/DSC087451-300x200.jpg 300w, http:\/\/www.ralfkropp.de\/radreisen\/wordpress\/wp-content\/uploads\/2013\/03\/DSC087451-1024x682.jpg 1024w, http:\/\/www.ralfkropp.de\/radreisen\/wordpress\/wp-content\/uploads\/2013\/03\/DSC087451.jpg 1167w\" sizes=\"(max-width: 300px) 100vw, 300px\" \/><\/a> Steile Anstiege machen uns auch zu schhaffen. Als wir dann nach Taguelt kommen liegen M\u00fcllkippen direkt an der Stra\u00dfe und auch im Dorf auf dem Muliparkplatz liegt viel M\u00fcll. Doch es herscht reges Treiben, da mal wieder Markttag ist. Vom Cafe k\u00f6nnen wir gut das rege treiben beobachten.<\/p>\n<p>Zum Stausee sind es noch 40km, die wir nicht mehr schaffen werden, so beschlie\u00dfen wir zu campen. Kommen zum Flu\u00df, der den See spei\u00dft. Die Stra\u00dfe f\u00fchrt den Berg hoch, doch eine Piste f\u00fchrt am Flu\u00df entlang. Also mal schauen wo der Weg hinf\u00fchrt. Wir folgen ihm und hoffen das der Weg zum See f\u00fchrt. Doch nach ca. 10km geht es auch da den Berg hoch. Also suchen wir uns ein Pl\u00e4tzchen unter Olivenb\u00e4umchen. Der Bach rauscht, doch wir schlafen tief und fest.<\/p>\n<div class=\"facebook-like\"><fb:like layout=\"standard\" show_faces=\"true\" href=\"http:\/\/www.ralfkropp.de\/radreisen\/wordpress\/11-03-tizi-n-isly-kurz-vorm-stausee-bin-el-quidane\/\"><\/fb:like><\/div>","protected":false},"excerpt":{"rendered":"<p>Bekommen ein gro\u00dfes Fr\u00fchst\u00fcck von der Hausherrin + Wegzerrung. Wieder zieht sich der Weg und es scheint uns als w\u00e4ren wir in der Provence. Es geht rauf und runter. \u00c4rgere mich ein bisschen, dass ich Sabine nicht \u00fcberzeugen konnte den [&hellip;] <a class=\"more-link\" href=\"http:\/\/www.ralfkropp.de\/radreisen\/wordpress\/11-03-tizi-n-isly-kurz-vorm-stausee-bin-el-quidane\/\">Kompletten Beitrag lesen&#8230;<\/a><\/p>\n","protected":false},"author":1,"featured_media":0,"comment_status":"open","ping_status":"open","sticky":false,"template":"","format":"standard","meta":[],"categories":[7,1],"tags":[],"_links":{"self":[{"href":"http:\/\/www.ralfkropp.de\/radreisen\/wordpress\/wp-json\/wp\/v2\/posts\/410"}],"collection":[{"href":"http:\/\/www.ralfkropp.de\/radreisen\/wordpress\/wp-json\/wp\/v2\/posts"}],"about":[{"href":"http:\/\/www.ralfkropp.de\/radreisen\/wordpress\/wp-json\/wp\/v2\/types\/post"}],"author":[{"embeddable":true,"href":"http:\/\/www.ralfkropp.de\/radreisen\/wordpress\/wp-json\/wp\/v2\/users\/1"}],"replies":[{"embeddable":true,"href":"http:\/\/www.ralfkropp.de\/radreisen\/wordpress\/wp-json\/wp\/v2\/comments?post=410"}],"version-history":[{"count":6,"href":"http:\/\/www.ralfkropp.de\/radreisen\/wordpress\/wp-json\/wp\/v2\/posts\/410\/revisions"}],"predecessor-version":[{"id":413,"href":"http:\/\/www.ralfkropp.de\/radreisen\/wordpress\/wp-json\/wp\/v2\/posts\/410\/revisions\/413"}],"wp:attachment":[{"href":"http:\/\/www.ralfkropp.de\/radreisen\/wordpress\/wp-json\/wp\/v2\/media?parent=410"}],"wp:term":[{"taxonomy":"category","embeddable":true,"href":"http:\/\/www.ralfkropp.de\/radreisen\/wordpress\/wp-json\/wp\/v2\/categories?post=410"},{"taxonomy":"post_tag","embeddable":true,"href":"http:\/\/www.ralfkropp.de\/radreisen\/wordpress\/wp-json\/wp\/v2\/tags?post=410"}],"curies":[{"name":"wp","href":"https:\/\/api.w.org\/{rel}","templated":true}]}}