{"id":414,"date":"2013-03-24T17:23:59","date_gmt":"2013-03-24T17:23:59","guid":{"rendered":"http:\/\/www.ralfkropp.de\/radreisen\/wordpress\/?p=414"},"modified":"2013-03-28T19:50:02","modified_gmt":"2013-03-28T19:50:02","slug":"12-03-am-stausee-bin-el-quidane","status":"publish","type":"post","link":"http:\/\/www.ralfkropp.de\/radreisen\/wordpress\/12-03-am-stausee-bin-el-quidane\/","title":{"rendered":"12.03. am Stausee Bin-el-Quidane"},"content":{"rendered":"<p><iframe loading=\"lazy\" src=\"http:\/\/www.gpsies.com\/mapOnly.do?fileId=kuxfuthhyxamijfb\" width=\"600\" height=\"400\" frameborder=\"0\" scrolling=\"no\" marginheight=\"0\" marginwidth=\"0\"><\/iframe><br \/>\nEssen unsere vom Markt mitgebrachten Reste, bevor wir den Berg in angriff nehmen. Es sollte eigentlich ein ganz ruhiger Tag werden, doch nach jeder Kurve geht es noch weiter nach oben. Erkunden uns immer wieder, ob der Weg auch zum Stausee f\u00fchrt. Der Weg soll zum Nordufer f\u00fchren. Also weiter. Fragen aber nochmal Arbeiter die gerade ein Haus bauen und werden dabei zum Tee eingeladen. Da alle recht freundlich l\u00e4cheln, k\u00f6nnen wir nicht ablehnen. Lassen unsere R\u00e4der bei den anderen Arbeitern liegen und gehen mir dem einen zu seinem abseits gelegenen H\u00e4uschen.<\/p>\n<p>&nbsp;<\/p>\n<p><a href=\"http:\/\/www.ralfkropp.de\/radreisen\/wordpress\/wp-content\/uploads\/2013\/03\/DSC08764.jpg\"><img decoding=\"async\" loading=\"lazy\" class=\"alignnone size-medium wp-image-422\" alt=\"DSC08764\" src=\"http:\/\/www.ralfkropp.de\/radreisen\/wordpress\/wp-content\/uploads\/2013\/03\/DSC08764-300x200.jpg\" width=\"300\" height=\"200\" srcset=\"http:\/\/www.ralfkropp.de\/radreisen\/wordpress\/wp-content\/uploads\/2013\/03\/DSC08764-300x200.jpg 300w, http:\/\/www.ralfkropp.de\/radreisen\/wordpress\/wp-content\/uploads\/2013\/03\/DSC08764-1024x682.jpg 1024w\" sizes=\"(max-width: 300px) 100vw, 300px\" \/><\/a><\/p>\n<p>Um die R\u00e4der brauchen wir uns keine Sorgen machen. Der Gastgeber holt den besten Teppich hervor, wo wir drauf Platz nehmen d\u00fcrfen. Seine Frau bereitet den Tee zu und zu essen wird uns auch noch gebracht. Leckeres Brot mit Oliven\u00f6l, was sehr gut schmeckt. Dann bekommen wir noch Eier zum Brot. K\u00f6nnen uns nur mit Luftballons f\u00fcr die Kinder revanchieren. Sabine verschenkt dann noch eine ihrer Blusen. Dann geht es weiter den Berg hoch. Das Garmin hat keinen Saft mehr und kann uns so auch nicht mehr helfen uns zu orientieren. Pl\u00f6tzlich taucht dann zu unserer Freude rechts unter uns der See auf.<a href=\"http:\/\/www.ralfkropp.de\/radreisen\/wordpress\/wp-content\/uploads\/2013\/03\/DSC08765.jpg\"><img decoding=\"async\" loading=\"lazy\" class=\"alignnone size-medium wp-image-423\" alt=\"DSC08765\" src=\"http:\/\/www.ralfkropp.de\/radreisen\/wordpress\/wp-content\/uploads\/2013\/03\/DSC08765-300x200.jpg\" width=\"300\" height=\"200\" srcset=\"http:\/\/www.ralfkropp.de\/radreisen\/wordpress\/wp-content\/uploads\/2013\/03\/DSC08765-300x200.jpg 300w, http:\/\/www.ralfkropp.de\/radreisen\/wordpress\/wp-content\/uploads\/2013\/03\/DSC08765-1024x682.jpg 1024w\" sizes=\"(max-width: 300px) 100vw, 300px\" \/><\/a> Doch bevor wir zu ihm herunter fahren k\u00f6nnen, schlengelt sich der Weg weiter am Berg entlang. Dann sto\u00dfen wir auf die Stra\u00dfe, die nach Tabant f\u00fchrt. Wir fahren aber auf einer sch\u00f6nen Abfahrt zum See hinab. \u00dcberqueren den Flu\u00df, der den Stausee spei\u00dft.<a href=\"http:\/\/www.ralfkropp.de\/radreisen\/wordpress\/wp-content\/uploads\/2013\/03\/DSC08778.jpg\"><img decoding=\"async\" loading=\"lazy\" class=\"alignnone size-medium wp-image-424\" alt=\"DSC08778\" src=\"http:\/\/www.ralfkropp.de\/radreisen\/wordpress\/wp-content\/uploads\/2013\/03\/DSC08778-300x200.jpg\" width=\"300\" height=\"200\" srcset=\"http:\/\/www.ralfkropp.de\/radreisen\/wordpress\/wp-content\/uploads\/2013\/03\/DSC08778-300x200.jpg 300w, http:\/\/www.ralfkropp.de\/radreisen\/wordpress\/wp-content\/uploads\/2013\/03\/DSC08778-1024x682.jpg 1024w\" sizes=\"(max-width: 300px) 100vw, 300px\" \/><\/a><\/p>\n<p>&nbsp;<\/p>\n<p><a href=\"http:\/\/www.ralfkropp.de\/radreisen\/wordpress\/wp-content\/uploads\/2013\/03\/DSC08780.jpg\"><img decoding=\"async\" loading=\"lazy\" class=\"alignnone size-large wp-image-420\" alt=\"DSC08780\" src=\"http:\/\/www.ralfkropp.de\/radreisen\/wordpress\/wp-content\/uploads\/2013\/03\/DSC08780-1024x682.jpg\" width=\"500\" height=\"333\" srcset=\"http:\/\/www.ralfkropp.de\/radreisen\/wordpress\/wp-content\/uploads\/2013\/03\/DSC08780-1024x682.jpg 1024w, http:\/\/www.ralfkropp.de\/radreisen\/wordpress\/wp-content\/uploads\/2013\/03\/DSC08780-300x200.jpg 300w\" sizes=\"(max-width: 500px) 100vw, 500px\" \/><\/a> Den h\u00e4tten wir nur mit einem Flo\u00df ein paar Kilometer befahren m\u00fcssen, dann h\u00e4tten wir uns ein Tag \u00fcber die Bergstra\u00dfe gespart. Aber eigentlich war es auch eine sch\u00f6ner anstrengender Tag. Fahren dann am See zum Ort Quaouizeght. Hotel mit warmer Dusche tut uns sichtlich gut.<\/p>\n<div class=\"facebook-like\"><fb:like layout=\"standard\" show_faces=\"true\" href=\"http:\/\/www.ralfkropp.de\/radreisen\/wordpress\/12-03-am-stausee-bin-el-quidane\/\"><\/fb:like><\/div>","protected":false},"excerpt":{"rendered":"<p>Essen unsere vom Markt mitgebrachten Reste, bevor wir den Berg in angriff nehmen. Es sollte eigentlich ein ganz ruhiger Tag werden, doch nach jeder Kurve geht es noch weiter nach oben. Erkunden uns immer wieder, ob der Weg auch zum [&hellip;] <a class=\"more-link\" href=\"http:\/\/www.ralfkropp.de\/radreisen\/wordpress\/12-03-am-stausee-bin-el-quidane\/\">Kompletten Beitrag lesen&#8230;<\/a><\/p>\n","protected":false},"author":1,"featured_media":0,"comment_status":"open","ping_status":"open","sticky":false,"template":"","format":"standard","meta":[],"categories":[7,1],"tags":[],"_links":{"self":[{"href":"http:\/\/www.ralfkropp.de\/radreisen\/wordpress\/wp-json\/wp\/v2\/posts\/414"}],"collection":[{"href":"http:\/\/www.ralfkropp.de\/radreisen\/wordpress\/wp-json\/wp\/v2\/posts"}],"about":[{"href":"http:\/\/www.ralfkropp.de\/radreisen\/wordpress\/wp-json\/wp\/v2\/types\/post"}],"author":[{"embeddable":true,"href":"http:\/\/www.ralfkropp.de\/radreisen\/wordpress\/wp-json\/wp\/v2\/users\/1"}],"replies":[{"embeddable":true,"href":"http:\/\/www.ralfkropp.de\/radreisen\/wordpress\/wp-json\/wp\/v2\/comments?post=414"}],"version-history":[{"count":7,"href":"http:\/\/www.ralfkropp.de\/radreisen\/wordpress\/wp-json\/wp\/v2\/posts\/414\/revisions"}],"predecessor-version":[{"id":416,"href":"http:\/\/www.ralfkropp.de\/radreisen\/wordpress\/wp-json\/wp\/v2\/posts\/414\/revisions\/416"}],"wp:attachment":[{"href":"http:\/\/www.ralfkropp.de\/radreisen\/wordpress\/wp-json\/wp\/v2\/media?parent=414"}],"wp:term":[{"taxonomy":"category","embeddable":true,"href":"http:\/\/www.ralfkropp.de\/radreisen\/wordpress\/wp-json\/wp\/v2\/categories?post=414"},{"taxonomy":"post_tag","embeddable":true,"href":"http:\/\/www.ralfkropp.de\/radreisen\/wordpress\/wp-json\/wp\/v2\/tags?post=414"}],"curies":[{"name":"wp","href":"https:\/\/api.w.org\/{rel}","templated":true}]}}